{"id":17580,"date":"2024-01-21T14:52:14","date_gmt":"2024-01-21T14:52:14","guid":{"rendered":"https:\/\/ypjrojava.net\/?p=17580"},"modified":"2024-01-21T14:52:14","modified_gmt":"2024-01-21T14:52:14","slug":"seniyen-bajare-kobane-du-lehengen-xwe-yen-qehreman-oxir-kirin","status":"publish","type":"post","link":"https:\/\/ypjrojava.net\/?p=17580","title":{"rendered":"\u015e\u00eaniy\u00ean Bajar\u00ea Koban\u00ea D\u00fb Leheng\u00ean Xwe Y\u00ean Qehreman Oxir Kirin"},"content":{"rendered":"<p><strong>\u015e\u00eaniy\u00ean Bajar\u00ea Koban\u00ea D\u00fb Leheng\u00ean Xwe Y\u00ean Qehreman Oxir Kirin<\/strong><\/p>\n<p>Bi hezaran ji \u015f\u00eaniy\u00ean bajar\u00ea Koban\u00ea \u015fervana YPJ\u2019\u00ea N\u00fbdem Wan \u00fb ger\u00eelay\u00ea HPG Rizgar \u00c7avre\u015f bi meras\u00eemek\u00ee bi heybet oxir kirin. Meras\u00eem bi deqeyek\u00ee r\u00eazgirtin\u00ea destp\u00ea kir. Di meras\u00eem\u00ea da li ser nav\u00ea R\u00eaveberiya Mecl\u00eesa jin ya PYD\u2019\u00ea a her\u00eama Firat\u00ea \u00a0Sara Xel\u00eel axif\u00ee \u00fb got: \u201cEm di ser\u00ee de ji bo malbata \u015feh\u00eed N\u00fbdem Wan \u00fb \u015feh\u00eed Rizgar \u00c7avre\u015f sersaxiy\u00ea ji dixwazin. Di keseyeta \u015feh\u00eed N\u00fbdem de sekna jina azad \u00fb sekna jina leheng xwe cardin \u015f\u00eanber kir. \u015eeh\u00eed N\u00fbdem her k\u00ealiya jiyana xwe kire bin xizmeta gel\u00ea xwe. Her wiha \u015feh\u00eed N\u00fbdem di f\u00eelma Koban\u00ea de ji bo berxwedaniya ku hatiye day\u00een rag\u00eeh\u00eene c\u00eehan\u00ea kedeke mezin da. \u015eeh\u00eed N\u00fbdem p\u00ea\u015fenga jinan \u00fb \u015fore\u015fa Rojava b\u00fb.\u201d<\/p>\n<p>Her wiha Sara Xel\u00eel\u00a0 diyar kir ku \u015feh\u00eed Rizgar \u00c7avre\u015f, li hember\u00ee fa\u015f\u00eezma dewleta tirk heta dilopa xw\u00eene xwe ye daw\u00eeya \u015fer kir \u00fb di\u00a0 temen\u00ea xwe y\u00ea ciwan de xwe ji bo azad\u00eeya welat, feday\u00ee gel\u00ea xwe kir.<\/p>\n<p>Li ser nav\u00ea \u00a0Qom\u00eeta Civak\u00ee Mihemed Boz\u00ee ji wiha axif\u00ee: \u201cEm di ser\u00ee de\u00a0 ji malbat\u00ea \u015feh\u00eedan re sersaxiy\u00ea dixwazin. \u015eeh\u00eed N\u00fbdem weke jineke berxwed\u00ear li hember\u00ee terora c\u00eehan\u00ea ser\u00ee rakir \u00fb xeta azadiya jin hilbijart. \u015eeh\u00eed Rizgar\u00a0 j\u00ee li \u00e7iyay\u00ean azad bi leheng\u00ee \u015fer kir \u00fb li ber xwe da.\u201d<\/p>\n<p>Mihemed Boz\u00ee di dawiya axaftina xwe de diyar kir ku \u2018Em weke gel\u00ea Kurd ger ku em nebin yek em\u00ea bi\u00e7in ye bi yek.\u2019<\/p>\n<p>Di dawiya meras\u00eem\u00ea da wes\u00eeqa \u015feh\u00eed N\u00fbdem Wan \u00fb \u015feh\u00eed Rizgar \u00c7avre\u015f hatin xwendin \u00fb radest\u00ee malbat\u00ean wan hatin kirin. Bi dir\u00fb\u015fmey\u00ean \u2018\u015eeh\u00eed Namirin\u2019 leheng\u00ean welat ber bi b\u00ea daw\u00eeb\u00fbn\u00ea ve hatin oxir kirin.<\/p>\n<p><strong>Navenda Ragihandina YPJ\u2019\u00ea<\/strong><\/p>\n<p><img loading=\"lazy\" decoding=\"async\" class=\"alignnone size-medium wp-image-17581\" src=\"https:\/\/ypjrojava.net\/wp-content\/uploads\/2024\/01\/BH8A1247-300x179.jpg\" alt=\"\" width=\"300\" height=\"179\" srcset=\"https:\/\/ypjrojava.net\/wp-content\/uploads\/2024\/01\/BH8A1247-300x179.jpg 300w, https:\/\/ypjrojava.net\/wp-content\/uploads\/2024\/01\/BH8A1247-1024x612.jpg 1024w, https:\/\/ypjrojava.net\/wp-content\/uploads\/2024\/01\/BH8A1247-768x459.jpg 768w, https:\/\/ypjrojava.net\/wp-content\/uploads\/2024\/01\/BH8A1247-1536x918.jpg 1536w, https:\/\/ypjrojava.net\/wp-content\/uploads\/2024\/01\/BH8A1247-2048x1225.jpg 2048w\" sizes=\"auto, (max-width: 300px) 100vw, 300px\" \/> <img loading=\"lazy\" decoding=\"async\" class=\"alignnone size-medium wp-image-17582\" src=\"https:\/\/ypjrojava.net\/wp-content\/uploads\/2024\/01\/BH8A1258-300x200.jpg\" alt=\"\" width=\"300\" height=\"200\" srcset=\"https:\/\/ypjrojava.net\/wp-content\/uploads\/2024\/01\/BH8A1258-300x200.jpg 300w, https:\/\/ypjrojava.net\/wp-content\/uploads\/2024\/01\/BH8A1258-1024x683.jpg 1024w, https:\/\/ypjrojava.net\/wp-content\/uploads\/2024\/01\/BH8A1258-768x512.jpg 768w, https:\/\/ypjrojava.net\/wp-content\/uploads\/2024\/01\/BH8A1258-1536x1024.jpg 1536w, https:\/\/ypjrojava.net\/wp-content\/uploads\/2024\/01\/BH8A1258-2048x1365.jpg 2048w\" sizes=\"auto, (max-width: 300px) 100vw, 300px\" \/> <img loading=\"lazy\" decoding=\"async\" class=\"alignnone size-medium wp-image-17583\" src=\"https:\/\/ypjrojava.net\/wp-content\/uploads\/2024\/01\/BH8A1259-300x200.jpg\" alt=\"\" width=\"300\" height=\"200\" srcset=\"https:\/\/ypjrojava.net\/wp-content\/uploads\/2024\/01\/BH8A1259-300x200.jpg 300w, https:\/\/ypjrojava.net\/wp-content\/uploads\/2024\/01\/BH8A1259-1024x683.jpg 1024w, https:\/\/ypjrojava.net\/wp-content\/uploads\/2024\/01\/BH8A1259-768x512.jpg 768w, https:\/\/ypjrojava.net\/wp-content\/uploads\/2024\/01\/BH8A1259-1536x1024.jpg 1536w, https:\/\/ypjrojava.net\/wp-content\/uploads\/2024\/01\/BH8A1259-2048x1365.jpg 2048w\" sizes=\"auto, (max-width: 300px) 100vw, 300px\" \/> <img loading=\"lazy\" decoding=\"async\" class=\"alignnone size-medium wp-image-17584\" src=\"https:\/\/ypjrojava.net\/wp-content\/uploads\/2024\/01\/BH8A1271-300x200.jpg\" alt=\"\" width=\"300\" height=\"200\" srcset=\"https:\/\/ypjrojava.net\/wp-content\/uploads\/2024\/01\/BH8A1271-300x200.jpg 300w, https:\/\/ypjrojava.net\/wp-content\/uploads\/2024\/01\/BH8A1271-1024x683.jpg 1024w, https:\/\/ypjrojava.net\/wp-content\/uploads\/2024\/01\/BH8A1271-768x512.jpg 768w, https:\/\/ypjrojava.net\/wp-content\/uploads\/2024\/01\/BH8A1271-1536x1024.jpg 1536w, https:\/\/ypjrojava.net\/wp-content\/uploads\/2024\/01\/BH8A1271-2048x1365.jpg 2048w\" sizes=\"auto, (max-width: 300px) 100vw, 300px\" \/> <img loading=\"lazy\" decoding=\"async\" class=\"alignnone size-medium wp-image-17585\" src=\"https:\/\/ypjrojava.net\/wp-content\/uploads\/2024\/01\/BH8A1274-300x200.jpg\" alt=\"\" width=\"300\" height=\"200\" srcset=\"https:\/\/ypjrojava.net\/wp-content\/uploads\/2024\/01\/BH8A1274-300x200.jpg 300w, https:\/\/ypjrojava.net\/wp-content\/uploads\/2024\/01\/BH8A1274-1024x683.jpg 1024w, https:\/\/ypjrojava.net\/wp-content\/uploads\/2024\/01\/BH8A1274-768x512.jpg 768w, https:\/\/ypjrojava.net\/wp-content\/uploads\/2024\/01\/BH8A1274-1536x1024.jpg 1536w, https:\/\/ypjrojava.net\/wp-content\/uploads\/2024\/01\/BH8A1274-2048x1365.jpg 2048w\" sizes=\"auto, (max-width: 300px) 100vw, 300px\" \/><img loading=\"lazy\" decoding=\"async\" class=\"alignnone size-medium wp-image-17587\" src=\"https:\/\/ypjrojava.net\/wp-content\/uploads\/2024\/01\/BH8A1289-300x200.jpg\" alt=\"\" width=\"300\" height=\"200\" srcset=\"https:\/\/ypjrojava.net\/wp-content\/uploads\/2024\/01\/BH8A1289-300x200.jpg 300w, https:\/\/ypjrojava.net\/wp-content\/uploads\/2024\/01\/BH8A1289-1024x683.jpg 1024w, https:\/\/ypjrojava.net\/wp-content\/uploads\/2024\/01\/BH8A1289-768x512.jpg 768w, https:\/\/ypjrojava.net\/wp-content\/uploads\/2024\/01\/BH8A1289-1536x1024.jpg 1536w, https:\/\/ypjrojava.net\/wp-content\/uploads\/2024\/01\/BH8A1289-2048x1365.jpg 2048w\" sizes=\"auto, (max-width: 300px) 100vw, 300px\" \/><\/p>\n<p>&nbsp;<\/p>\n<p><iframe loading=\"lazy\" title=\"Meras\u00eema Oxirkirina \u015eeh\u00eed N\u00fbdem Wan Li Pakrewangeha \u015eeh\u00eed Dicle\" width=\"696\" height=\"392\" src=\"https:\/\/www.youtube.com\/embed\/bF_L14KvmrU?feature=oembed\" frameborder=\"0\" allow=\"accelerometer; autoplay; clipboard-write; encrypted-media; gyroscope; picture-in-picture; web-share\" referrerpolicy=\"strict-origin-when-cross-origin\" allowfullscreen><\/iframe><\/p>\n<p>&nbsp;<\/p>\n","protected":false},"excerpt":{"rendered":"<p>\u015e\u00eaniy\u00ean Bajar\u00ea Koban\u00ea D\u00fb Leheng\u00ean Xwe Y\u00ean Qehreman Oxir Kirin Bi hezaran ji \u015f\u00eaniy\u00ean bajar\u00ea Koban\u00ea \u015fervana YPJ\u2019\u00ea N\u00fbdem Wan \u00fb ger\u00eelay\u00ea HPG Rizgar \u00c7avre\u015f bi meras\u00eemek\u00ee bi heybet oxir kirin. Meras\u00eem bi deqeyek\u00ee r\u00eazgirtin\u00ea destp\u00ea kir. Di meras\u00eem\u00ea da li ser nav\u00ea R\u00eaveberiya Mecl\u00eesa jin ya PYD\u2019\u00ea a her\u00eama Firat\u00ea \u00a0Sara Xel\u00eel axif\u00ee \u00fb [&hellip;]<\/p>\n","protected":false},"author":1,"featured_media":17587,"comment_status":"open","ping_status":"closed","sticky":false,"template":"","format":"standard","meta":{"footnotes":""},"categories":[41,38,40],"tags":[],"class_list":{"0":"post-17580","1":"post","2":"type-post","3":"status-publish","4":"format-standard","5":"has-post-thumbnail","7":"category-dimen","8":"category-nuce","9":"category-wene"},"_links":{"self":[{"href":"https:\/\/ypjrojava.net\/index.php?rest_route=\/wp\/v2\/posts\/17580","targetHints":{"allow":["GET"]}}],"collection":[{"href":"https:\/\/ypjrojava.net\/index.php?rest_route=\/wp\/v2\/posts"}],"about":[{"href":"https:\/\/ypjrojava.net\/index.php?rest_route=\/wp\/v2\/types\/post"}],"author":[{"embeddable":true,"href":"https:\/\/ypjrojava.net\/index.php?rest_route=\/wp\/v2\/users\/1"}],"replies":[{"embeddable":true,"href":"https:\/\/ypjrojava.net\/index.php?rest_route=%2Fwp%2Fv2%2Fcomments&post=17580"}],"version-history":[{"count":1,"href":"https:\/\/ypjrojava.net\/index.php?rest_route=\/wp\/v2\/posts\/17580\/revisions"}],"predecessor-version":[{"id":17588,"href":"https:\/\/ypjrojava.net\/index.php?rest_route=\/wp\/v2\/posts\/17580\/revisions\/17588"}],"wp:featuredmedia":[{"embeddable":true,"href":"https:\/\/ypjrojava.net\/index.php?rest_route=\/wp\/v2\/media\/17587"}],"wp:attachment":[{"href":"https:\/\/ypjrojava.net\/index.php?rest_route=%2Fwp%2Fv2%2Fmedia&parent=17580"}],"wp:term":[{"taxonomy":"category","embeddable":true,"href":"https:\/\/ypjrojava.net\/index.php?rest_route=%2Fwp%2Fv2%2Fcategories&post=17580"},{"taxonomy":"post_tag","embeddable":true,"href":"https:\/\/ypjrojava.net\/index.php?rest_route=%2Fwp%2Fv2%2Ftags&post=17580"}],"curies":[{"name":"wp","href":"https:\/\/api.w.org\/{rel}","templated":true}]}}