{"id":17610,"date":"2024-01-25T09:11:08","date_gmt":"2024-01-25T09:11:08","guid":{"rendered":"https:\/\/ypjrojava.net\/?p=17610"},"modified":"2024-01-25T09:11:08","modified_gmt":"2024-01-25T09:11:08","slug":"li-pakrewangeha-sehid-delil-saruxan-sehid-mehmud-derwis-hate-oxirkirin","status":"publish","type":"post","link":"https:\/\/ypjrojava.net\/?p=17610","title":{"rendered":"Li pakrewangeha \u015feh\u00eed Del\u00eel Saruxan \u015feh\u00eed Mehm\u00fbd Derw\u00ee\u015f hate oxirkirin"},"content":{"rendered":"<p><strong>Li Pakrewangeha \u015eeh\u00eed Del\u00eel Saruxan \u015feh\u00eed Mehm\u00fbd Derw\u00ee\u015f hate oxirkirin<\/strong><br \/>\nSibeha roja p\u00eanc\u015fem\u00ea 25.01.2024, xelk\u00ea bajar\u00ea Qami\u015flo cenazey\u00ea \u015feh\u00eed Mehm\u00fbd Derw\u00ee\u015f oxir kirin.<br \/>\nMeras\u00eem bi deqeyek r\u00eazgirtin ji bo giyan\u00ea \u015feh\u00eedan hate dest p\u00ea kirin pi\u015ftre \u00e7end axaftin hatin kirin, di nav de Fatima El-Casim li ser nav\u00ea malbat\u00ean \u015feh\u00eedan axiv\u00ee \u00fb wiha got: \u201c\u015eeh\u00eedek\u00ee n\u00fb tevl\u00ee me dibe. , \u015fa bibe day\u00eeka \u015feh\u00eed, ser\u00ea xwe bilind bike ji ber ku te kur\u00ea xwe bi \u015f\u00eer\u00ea azadiy\u00ea \u015f\u00eer day\u00ea,<br \/>\n\u015eeh\u00eed st\u00eark in ku li ezmanan dibiriq\u00een, xw\u00eena hem\u00fb gelan tevl\u00eehev e, ji bo parastina mirovahiy\u00ea, biratiya gelan \u00fb jiyana hevbe\u015f, ger Mehm\u00fbd bi\u00e7e hezar Mehm\u00fbd w\u00ea b\u00ean.<br \/>\nD\u00eerok d\u00eeroka me ye \u00fb xak axa me ye, em \u00ea bi hem\u00fb p\u00eakhatey\u00ean xwe axa xwe bipar\u00eazin. Em \u00ea li ber xwe bidin \u00fb li hember\u00ee her dagirker\u00ee \u00fb dijmin\u00ea ku bixwaze axa me bi dest bixe, bibin asteng.<br \/>\nJi bo avakirina civak\u00ea em li ser \u015fopa \u015feh\u00eedan bime\u015fin. R\u00eaz \u00fb serkeftin ji \u015feh\u00eedan re.<\/p>\n<p>Li ser nav\u00ea H\u00eaz\u00ean Ewlekariya Hundir\u00een j\u00ee Kenan Berekat axaftinek kir \u00fb wiha got: Em bi nav\u00ea H\u00eaz\u00ean Ewlekariya Hundir\u00een (Asay\u00ee\u015f) sersaxiy\u00ea ji malbata \u015eeh\u00eed Mehm\u00fbd \u00fb hem\u00fb malbat\u00ean \u015feh\u00eedan re dixwazin.<br \/>\nB\u00ea \u015fek em hem\u00fb v\u00ea rastiy\u00ea dizanin, dema me got azad\u00ee ji Rojava re, me dizan\u00eeb\u00fb ku em \u00ea berd\u00eal\u00ean giran bidin. Xeta ku me girt, xeta yek\u00eetiya gelane, xeta demokrasiya, Kurd, Ereb, Suryan, Ermen\u00ee b\u00fb, me dizanib\u00fb ku ev \u015eer\u00ea taybet w\u00ea bidome.<br \/>\nEm j\u00ee dizanin ku dewleta Tirk a fa\u015f\u00eest \u00e7i siv\u00eel \u00fb \u00e7i le\u015fker\u00ee w\u00ea bi her away\u00ee \u00ear\u00ee\u015f\u00ee me bike.<br \/>\nDi v\u00ea k\u00ealiy\u00ea de em ne qels in, em her tim bi h\u00eaz in. Em h\u00eazeke mezin in \u00fb tu kes nikare me asteng bike.<br \/>\nDijmin li vir lewaz e, ji ber ku nikare li ber xwe bide,<br \/>\nEm bi xaka xwe ve gir\u00eadayi ne \u00fb em \u00ea wisa j\u00ee bim\u00eenin \u00fb xeyal\u00ean dewleta Tirk \u00ean dagirkirina xaka me bi\u015fk\u00eenin \u00fb ji hol\u00ea rakin.<br \/>\n\u00c7awa ku me bi serketin\u00ea dest p\u00ea kir, em \u00ea bi serketin\u00ea j\u00ee bi daw\u00ee bikin.<\/p>\n<p>Meras\u00eem bi tesl\u00eemkirina wes\u00eeqeya \u015fehadet\u00ea ya ji aliy\u00ea Meclisa Malbat\u00ean \u015eeh\u00eedan ve ji malbata \u015feh\u00eed re bi daw\u00ee b\u00fb.<br \/>\nDi daw\u00eey\u00ea de gel\u00ea Qami\u015flo \u00fb Heval\u00ean \u015eeh\u00eed Mehmud Dere\u00ee\u015f w\u00ee ber bi b\u00ea daw\u00eeb\u00fbn\u00ea ve oxir kirin.<\/p>\n<p><strong>Navenda Ragihandina YPJ<\/strong><\/p>\n<p><img loading=\"lazy\" decoding=\"async\" class=\"alignnone size-medium wp-image-17611\" src=\"https:\/\/ypjrojava.net\/wp-content\/uploads\/2024\/01\/IMG_2053-1-300x200.jpg\" alt=\"\" width=\"300\" height=\"200\" srcset=\"https:\/\/ypjrojava.net\/wp-content\/uploads\/2024\/01\/IMG_2053-1-300x200.jpg 300w, https:\/\/ypjrojava.net\/wp-content\/uploads\/2024\/01\/IMG_2053-1.jpg 320w\" sizes=\"auto, (max-width: 300px) 100vw, 300px\" \/> <img loading=\"lazy\" decoding=\"async\" class=\"alignnone size-medium wp-image-17612\" src=\"https:\/\/ypjrojava.net\/wp-content\/uploads\/2024\/01\/IMG_2082-300x200.jpg\" alt=\"\" width=\"300\" height=\"200\" srcset=\"https:\/\/ypjrojava.net\/wp-content\/uploads\/2024\/01\/IMG_2082-300x200.jpg 300w, https:\/\/ypjrojava.net\/wp-content\/uploads\/2024\/01\/IMG_2082.jpg 320w\" sizes=\"auto, (max-width: 300px) 100vw, 300px\" \/> <img loading=\"lazy\" decoding=\"async\" class=\"alignnone size-medium wp-image-17613\" src=\"https:\/\/ypjrojava.net\/wp-content\/uploads\/2024\/01\/IMG_2123-300x200.jpg\" alt=\"\" width=\"300\" height=\"200\" srcset=\"https:\/\/ypjrojava.net\/wp-content\/uploads\/2024\/01\/IMG_2123-300x200.jpg 300w, https:\/\/ypjrojava.net\/wp-content\/uploads\/2024\/01\/IMG_2123.jpg 320w\" sizes=\"auto, (max-width: 300px) 100vw, 300px\" \/> <img loading=\"lazy\" decoding=\"async\" class=\"alignnone size-medium wp-image-17614\" src=\"https:\/\/ypjrojava.net\/wp-content\/uploads\/2024\/01\/IMG_2130-300x200.jpg\" alt=\"\" width=\"300\" height=\"200\" srcset=\"https:\/\/ypjrojava.net\/wp-content\/uploads\/2024\/01\/IMG_2130-300x200.jpg 300w, https:\/\/ypjrojava.net\/wp-content\/uploads\/2024\/01\/IMG_2130.jpg 320w\" sizes=\"auto, (max-width: 300px) 100vw, 300px\" \/><\/p>\n","protected":false},"excerpt":{"rendered":"<p>Li Pakrewangeha \u015eeh\u00eed Del\u00eel Saruxan \u015feh\u00eed Mehm\u00fbd Derw\u00ee\u015f hate oxirkirin Sibeha roja p\u00eanc\u015fem\u00ea 25.01.2024, xelk\u00ea bajar\u00ea Qami\u015flo cenazey\u00ea \u015feh\u00eed Mehm\u00fbd Derw\u00ee\u015f oxir kirin. Meras\u00eem bi deqeyek r\u00eazgirtin ji bo giyan\u00ea \u015feh\u00eedan hate dest p\u00ea kirin pi\u015ftre \u00e7end axaftin hatin kirin, di nav de Fatima El-Casim li ser nav\u00ea malbat\u00ean \u015feh\u00eedan axiv\u00ee \u00fb wiha got: \u201c\u015eeh\u00eedek\u00ee [&hellip;]<\/p>\n","protected":false},"author":1,"featured_media":17612,"comment_status":"open","ping_status":"closed","sticky":false,"template":"","format":"standard","meta":{"footnotes":""},"categories":[38,40],"tags":[],"class_list":{"0":"post-17610","1":"post","2":"type-post","3":"status-publish","4":"format-standard","5":"has-post-thumbnail","7":"category-nuce","8":"category-wene"},"_links":{"self":[{"href":"https:\/\/ypjrojava.net\/index.php?rest_route=\/wp\/v2\/posts\/17610","targetHints":{"allow":["GET"]}}],"collection":[{"href":"https:\/\/ypjrojava.net\/index.php?rest_route=\/wp\/v2\/posts"}],"about":[{"href":"https:\/\/ypjrojava.net\/index.php?rest_route=\/wp\/v2\/types\/post"}],"author":[{"embeddable":true,"href":"https:\/\/ypjrojava.net\/index.php?rest_route=\/wp\/v2\/users\/1"}],"replies":[{"embeddable":true,"href":"https:\/\/ypjrojava.net\/index.php?rest_route=%2Fwp%2Fv2%2Fcomments&post=17610"}],"version-history":[{"count":1,"href":"https:\/\/ypjrojava.net\/index.php?rest_route=\/wp\/v2\/posts\/17610\/revisions"}],"predecessor-version":[{"id":17615,"href":"https:\/\/ypjrojava.net\/index.php?rest_route=\/wp\/v2\/posts\/17610\/revisions\/17615"}],"wp:featuredmedia":[{"embeddable":true,"href":"https:\/\/ypjrojava.net\/index.php?rest_route=\/wp\/v2\/media\/17612"}],"wp:attachment":[{"href":"https:\/\/ypjrojava.net\/index.php?rest_route=%2Fwp%2Fv2%2Fmedia&parent=17610"}],"wp:term":[{"taxonomy":"category","embeddable":true,"href":"https:\/\/ypjrojava.net\/index.php?rest_route=%2Fwp%2Fv2%2Fcategories&post=17610"},{"taxonomy":"post_tag","embeddable":true,"href":"https:\/\/ypjrojava.net\/index.php?rest_route=%2Fwp%2Fv2%2Ftags&post=17610"}],"curies":[{"name":"wp","href":"https:\/\/api.w.org\/{rel}","templated":true}]}}