{"id":17622,"date":"2024-01-26T12:59:00","date_gmt":"2024-01-26T12:59:00","guid":{"rendered":"https:\/\/ypjrojava.net\/?p=17622"},"modified":"2024-01-26T12:59:00","modified_gmt":"2024-01-26T12:59:00","slug":"ji-tevahi-gele-me-ye-berxweder-u-raya-gisti-re","status":"publish","type":"post","link":"https:\/\/ypjrojava.net\/?p=17622","title":{"rendered":"Ji Tevah\u00ee Gel\u00ea Me Y\u00ea Berxwed\u00ear \u00fb Raya Gi\u015ft\u00ee re"},"content":{"rendered":"<p><strong>Ji Tevah\u00ee Gel\u00ea Me Y\u00ea Berxwed\u00ear \u00fb Raya Gi\u015ft\u00ee re<\/strong><\/p>\n<p>Di ser\u00ee de em li R\u00eaber Abdullah Ocelan \u00fb \u015eeh\u00eed\u00ean azadiy\u00ea \u00fb hem\u00fb gel\u00ea xwe y\u00ea qehreman \u00fb hevr\u00eay\u00ean xwe li hem\u00fb meydanan bi boneya salvegera rizgarkirina bajar\u00ea Koban\u00ea bi berxwedana xwe ya d\u00eerok\u00ee ji r\u00eaxistina teror\u00ea a Dai\u015f \u00fb\u00a0 dewleta dagirker a Tirk p\u00eeroz dikin.<\/p>\n<p>Di v\u00ea roja b\u00eest \u00fb \u015fe\u015fan a \u00c7ileya 2015an de, Yek\u00eeney\u00ean Parastina Gel (YPG) \u00fb YPJ\u00ea bi serbilind\u00ee rizgarkirina bajar\u00ea Koban\u00ea ji r\u00eaxistina Dai\u015f\u00ea ya teror\u00eest ragihand ku r\u00eaxistina teror\u00eest a her\u00ee xeternak di c\u00eehan\u00ea de ye, Ew berxwedana bi qehreman\u00ee ya ku \u015fervan\u00ean azadiy\u00ea bi hem\u00fb israr \u00fb \u00eeradeyeke xurt n\u00ee\u015fan dan ku \u015fikandin ne p\u00eakan e \u00fb bi wan prens\u00eeb \u00fb armanc\u00ean mezin \u00ean p\u00ea\u015feng \u00fb t\u00eako\u015feran \u00fb hem\u00fb gel\u00ea me \u00e7i li eniy\u00ean p\u00ea\u015f \u00fb li eniy\u00ean pa\u015f \u00fb li seranser\u00ee c\u00eehan\u00ea w\u00eaney\u00ea co\u015f, w\u00earek\u00ee \u00fb welatpar\u00eaziy\u00ea zelal b\u00fb, heta ku li hem\u00fb c\u00eehan\u00ea diyar b\u00fb 134 Roj bi Berxwedaniya p\u00ea\u015fengiya jin\u00ea \u00fb helwest\u00ean qehremant\u00ee her\u00ee z\u00eade taybetmendiya serkeftina berxwedana Koban\u00ea b\u00fb.Ev \u00eerade di \u00e7alakiy\u00ean qehremaniy\u00ea de ku Yek\u00eeney\u00ean Parastina Jin ypj bi dest xistin, m\u00eena &#8220;Ar\u00een M\u00eerkanan&#8221;\u00a0 bi w\u00ea \u00e7alakiya xwe ya fedayiyane ku gir\u00ea Me\u015fta N\u00fbr \u015fahid\u00ee j\u00ea re kir \u00fb her wiha hevr\u00eay\u00ean m\u00eena R\u00eavan Koban\u00ea, Jiyan Dara, Zozan Koban\u00ea \u00fb Viyan Wan \u00fb dayik\u00ean ku tevahiya \u015fev\u00ea li ber xwe dan \u00fb bi hem\u00fb h\u00eaza xwe tevl\u00ee w\u00ee \u015fer\u00ee b\u00fbn. Gelek hevr\u00eay\u00ean li qad\u00ean \u015fer, rihek\u00ee feday\u00ee pir mezin\u00a0 n\u00ee\u015fan dan \u00fb bi xw\u00eena xwe\u00a0 axa welat avdan \u00fb gihan asta \u015eehadet\u00ea, m\u00eena Heval Mas\u00eero, Gelhat, \u015eiyar, Herdem \u00fb Welat Efr\u00een.<br \/>\nBi boneya v\u00ea roja d\u00eerok\u00ee ya mezin em li r\u00eaber Abdullah Ocalan, \u015feh\u00eed\u00ean azadiy\u00ea, jin\u00ean t\u00eako\u015fer ku Yek\u00eeney\u00ean Parastina Jin n\u00fbnertiya w\u00ea dike, p\u00eeroz dikin. \u00fb em dib\u00eajin ku fedekariy\u00ean ku ji bo rizgarkirina Koban\u00ea hatine day\u00een b\u00fbne bingeheke xurt ji bo rizgarkirina her bihostek xaka me ji dagirkiriy\u00ea, ji ber ku ev serkeftin b\u00fb s\u00eeleyek xurt li ser r\u00fby\u00ea fa\u015f\u00eest Erdogan (Dai\u015f \u00ea ku maskeya serok komariy\u00ea li xwe kiriye \u00fb li ser text\u00ea \u00cemparatoriya Osman\u00ee ya dem\u00ea r\u00fbdine), em d\u00eesa dib\u00eajin qehremantiya \u015eeh\u00eed \u00fb R\u00eaheval\u00ean me \u00fb Gel\u00ea me y\u00ean Koban\u00ea me\u015feleya ku r\u00eaya t\u00eako\u015f\u00eena me li hem\u00fb qadan ron\u00ee dik\u00ea ye \u00fb em soz didin ku em \u00ea rastiya berxwedan\u00ea n\u00ee\u015fan bidin,\u00fb T\u00eako\u015f\u00eena ku ji aliy\u00ea her welatpar\u00eazek\u00ee azad\u00eexwaz ve di hem\u00fb for\u00fbm\u00ean navnetewey\u00ee de biteyis\u00eenin.<\/p>\n<p><strong>Navenda Ragihandina YPJ<\/strong><\/p>\n<p><strong>26\/1\/2024<\/strong><\/p>\n<p><img loading=\"lazy\" decoding=\"async\" class=\"alignnone size-medium wp-image-17623\" src=\"https:\/\/ypjrojava.net\/wp-content\/uploads\/2024\/01\/WENE-HASTAG-HATE-PARVEKIRIN-26.1.2024-300x208.png\" alt=\"\" width=\"300\" height=\"208\" srcset=\"https:\/\/ypjrojava.net\/wp-content\/uploads\/2024\/01\/WENE-HASTAG-HATE-PARVEKIRIN-26.1.2024-300x208.png 300w, https:\/\/ypjrojava.net\/wp-content\/uploads\/2024\/01\/WENE-HASTAG-HATE-PARVEKIRIN-26.1.2024-1024x709.png 1024w, https:\/\/ypjrojava.net\/wp-content\/uploads\/2024\/01\/WENE-HASTAG-HATE-PARVEKIRIN-26.1.2024-768x532.png 768w, https:\/\/ypjrojava.net\/wp-content\/uploads\/2024\/01\/WENE-HASTAG-HATE-PARVEKIRIN-26.1.2024-1536x1063.png 1536w, https:\/\/ypjrojava.net\/wp-content\/uploads\/2024\/01\/WENE-HASTAG-HATE-PARVEKIRIN-26.1.2024-2048x1418.png 2048w\" sizes=\"auto, (max-width: 300px) 100vw, 300px\" \/><\/p>\n","protected":false},"excerpt":{"rendered":"<p>Ji Tevah\u00ee Gel\u00ea Me Y\u00ea Berxwed\u00ear \u00fb Raya Gi\u015ft\u00ee re Di ser\u00ee de em li R\u00eaber Abdullah Ocelan \u00fb \u015eeh\u00eed\u00ean azadiy\u00ea \u00fb hem\u00fb gel\u00ea xwe y\u00ea qehreman \u00fb hevr\u00eay\u00ean xwe li hem\u00fb meydanan bi boneya salvegera rizgarkirina bajar\u00ea Koban\u00ea bi berxwedana xwe ya d\u00eerok\u00ee ji r\u00eaxistina teror\u00ea a Dai\u015f \u00fb\u00a0 dewleta dagirker a Tirk p\u00eeroz [&hellip;]<\/p>\n","protected":false},"author":1,"featured_media":17623,"comment_status":"open","ping_status":"closed","sticky":false,"template":"","format":"standard","meta":{"footnotes":""},"categories":[39,38,40],"tags":[],"class_list":{"0":"post-17622","1":"post","2":"type-post","3":"status-publish","4":"format-standard","5":"has-post-thumbnail","7":"category-daxuyani","8":"category-nuce","9":"category-wene"},"_links":{"self":[{"href":"https:\/\/ypjrojava.net\/index.php?rest_route=\/wp\/v2\/posts\/17622","targetHints":{"allow":["GET"]}}],"collection":[{"href":"https:\/\/ypjrojava.net\/index.php?rest_route=\/wp\/v2\/posts"}],"about":[{"href":"https:\/\/ypjrojava.net\/index.php?rest_route=\/wp\/v2\/types\/post"}],"author":[{"embeddable":true,"href":"https:\/\/ypjrojava.net\/index.php?rest_route=\/wp\/v2\/users\/1"}],"replies":[{"embeddable":true,"href":"https:\/\/ypjrojava.net\/index.php?rest_route=%2Fwp%2Fv2%2Fcomments&post=17622"}],"version-history":[{"count":1,"href":"https:\/\/ypjrojava.net\/index.php?rest_route=\/wp\/v2\/posts\/17622\/revisions"}],"predecessor-version":[{"id":17624,"href":"https:\/\/ypjrojava.net\/index.php?rest_route=\/wp\/v2\/posts\/17622\/revisions\/17624"}],"wp:featuredmedia":[{"embeddable":true,"href":"https:\/\/ypjrojava.net\/index.php?rest_route=\/wp\/v2\/media\/17623"}],"wp:attachment":[{"href":"https:\/\/ypjrojava.net\/index.php?rest_route=%2Fwp%2Fv2%2Fmedia&parent=17622"}],"wp:term":[{"taxonomy":"category","embeddable":true,"href":"https:\/\/ypjrojava.net\/index.php?rest_route=%2Fwp%2Fv2%2Fcategories&post=17622"},{"taxonomy":"post_tag","embeddable":true,"href":"https:\/\/ypjrojava.net\/index.php?rest_route=%2Fwp%2Fv2%2Ftags&post=17622"}],"curies":[{"name":"wp","href":"https:\/\/api.w.org\/{rel}","templated":true}]}}