{"id":17625,"date":"2024-01-27T09:40:15","date_gmt":"2024-01-27T09:40:15","guid":{"rendered":"https:\/\/ypjrojava.net\/?p=17625"},"modified":"2024-01-27T09:40:15","modified_gmt":"2024-01-27T09:40:15","slug":"avesta-xabur-bi-ruhe-xwe-ye-fedayi-li-ser-berxwedana-diroki-ya-efrine-bi-bedengi","status":"publish","type":"post","link":"https:\/\/ypjrojava.net\/?p=17625","title":{"rendered":"Avesta Xab\u00fbr bi ruh\u00ea xwe y\u00ea fedayi li ser berxwedana d\u00eerok\u00ee ya Efr\u00een\u00ea bi b\u00eadeng\u00ee"},"content":{"rendered":"<p><strong>Avesta Xab\u00fbr bi ruh\u00ea xwe y\u00ea fedayi li ser berxwedana d\u00eerok\u00ee ya Efr\u00een\u00ea bi b\u00eadeng\u00ee<\/strong><\/p>\n<p>Bi boneya salvegera \u015fehadeta jina feday\u00ee Avesta Xabur di 27\/1 \/2018&#8217;an de em bejna xwe li ber giyan\u00ea hem\u00fb \u015feh\u00eed\u00ean azadiy\u00ea ditew\u00eenin \u00fb dib\u00eajin ku berxwedan\u00ean ku heval\u00ean me y\u00ean qehreman n\u00ee\u015fan dane li ser dara d\u00eerok\u00ea hatine niv\u00eesandin \u00fb bi hevreb\u00fbna bi tov\u00ean\u00a0 axa Efr\u00een\u00ea re b\u00fbne yek. Heta ku nif\u015f\u00ean bi \u00e7\u00eerok\u00ean van lehengan re mezin dibin, ala berxwedan\u00ea w\u00ea ji as\u00eeman\u00ea bajar\u00ea zeyt\u00fbnan nekeve. Avesta Xab\u00fbr careke din bi fedekar\u00ee,\u00a0 hezkirina xwe ji bo gel \u00fb welat\u00ea xwe pi\u015fterast kir ku jin li hember\u00ee dagirkeriy\u00ea bi biryar in \u00fb\u00a0 ji p\u00eakan\u00eena armanc\u00ean xwe pa\u015fde na vegerin, ji ber v\u00ea yek\u00ea \u00eesbat kir ku h\u00eaza jinan \u00fb gir\u00eadana wan a k\u00fbr bi hem\u00fb nirx\u00ean xwe y\u00ean netew\u00ee \u00fb rih\u00ea wan \u00ea \u015fore\u015f\u00ea re wan dike xwed\u00ee \u00eerade ku karibe dijmin\u00ea dagirker bi\u015fk\u00eene, \u00e7i qas\u00ee h\u00eazdar be j\u00ee.<br \/>\nBi v\u00ea salvger\u00ea re em ji hem\u00fb malbat\u00ean \u015feh\u00eed\u00ean xwe y\u00ean Qehreman re ser sax\u00ee dixwazin \u00fb soz didin ku em \u00ea tola xw\u00eena wan\u00a0 hil\u00eenin, armanc\u00ean wan bi cih b\u00eenin,u r\u00eaya wan bi\u015fop\u00eenin \u00fb ti\u015ft\u00ean ku di \u015fer \u00fb jiyan\u00ea de ava kirine em \u00ea b p\u00eakb\u00eenin. Heta ku ewlad\u00ean m\u00eena Avesta Xab\u00fbr,\u00celan \u00fb Bar\u00een Koban\u00ea \u00fb gelek r\u00eaheval\u00ean me y\u00ean qehreman ku li hember\u00ee dagirkeriya Tirk \u00fb \u00e7etey\u00ean w\u00ea t\u00eako\u015f\u00eenek b\u00ea hempa dan me\u015fandin<br \/>\nAvsta Xab\u00fbr sembola jina Feday\u00ee ya azad e<\/p>\n<p><strong>Navenda Ragihandina YPJ\u00a0<\/strong><\/p>\n<p>&nbsp;<\/p>\n<p><img loading=\"lazy\" decoding=\"async\" class=\"alignnone size-medium wp-image-17626\" src=\"https:\/\/ypjrojava.net\/wp-content\/uploads\/2024\/01\/WENE-SEHID-AVESTA-XABUR-HATE-PARVEKIRIN-27.1.2024-300x200.jpg\" alt=\"\" width=\"300\" height=\"200\" srcset=\"https:\/\/ypjrojava.net\/wp-content\/uploads\/2024\/01\/WENE-SEHID-AVESTA-XABUR-HATE-PARVEKIRIN-27.1.2024-300x200.jpg 300w, https:\/\/ypjrojava.net\/wp-content\/uploads\/2024\/01\/WENE-SEHID-AVESTA-XABUR-HATE-PARVEKIRIN-27.1.2024-1024x682.jpg 1024w, https:\/\/ypjrojava.net\/wp-content\/uploads\/2024\/01\/WENE-SEHID-AVESTA-XABUR-HATE-PARVEKIRIN-27.1.2024-768x511.jpg 768w, https:\/\/ypjrojava.net\/wp-content\/uploads\/2024\/01\/WENE-SEHID-AVESTA-XABUR-HATE-PARVEKIRIN-27.1.2024-1536x1022.jpg 1536w, https:\/\/ypjrojava.net\/wp-content\/uploads\/2024\/01\/WENE-SEHID-AVESTA-XABUR-HATE-PARVEKIRIN-27.1.2024-2048x1363.jpg 2048w\" sizes=\"auto, (max-width: 300px) 100vw, 300px\" \/><\/p>\n","protected":false},"excerpt":{"rendered":"<p>Avesta Xab\u00fbr bi ruh\u00ea xwe y\u00ea fedayi li ser berxwedana d\u00eerok\u00ee ya Efr\u00een\u00ea bi b\u00eadeng\u00ee Bi boneya salvegera \u015fehadeta jina feday\u00ee Avesta Xabur di 27\/1 \/2018&#8217;an de em bejna xwe li ber giyan\u00ea hem\u00fb \u015feh\u00eed\u00ean azadiy\u00ea ditew\u00eenin \u00fb dib\u00eajin ku berxwedan\u00ean ku heval\u00ean me y\u00ean qehreman n\u00ee\u015fan dane li ser dara d\u00eerok\u00ea hatine niv\u00eesandin \u00fb [&hellip;]<\/p>\n","protected":false},"author":1,"featured_media":17626,"comment_status":"open","ping_status":"closed","sticky":false,"template":"","format":"standard","meta":{"footnotes":""},"categories":[38],"tags":[],"class_list":{"0":"post-17625","1":"post","2":"type-post","3":"status-publish","4":"format-standard","5":"has-post-thumbnail","7":"category-nuce"},"_links":{"self":[{"href":"https:\/\/ypjrojava.net\/index.php?rest_route=\/wp\/v2\/posts\/17625","targetHints":{"allow":["GET"]}}],"collection":[{"href":"https:\/\/ypjrojava.net\/index.php?rest_route=\/wp\/v2\/posts"}],"about":[{"href":"https:\/\/ypjrojava.net\/index.php?rest_route=\/wp\/v2\/types\/post"}],"author":[{"embeddable":true,"href":"https:\/\/ypjrojava.net\/index.php?rest_route=\/wp\/v2\/users\/1"}],"replies":[{"embeddable":true,"href":"https:\/\/ypjrojava.net\/index.php?rest_route=%2Fwp%2Fv2%2Fcomments&post=17625"}],"version-history":[{"count":1,"href":"https:\/\/ypjrojava.net\/index.php?rest_route=\/wp\/v2\/posts\/17625\/revisions"}],"predecessor-version":[{"id":17627,"href":"https:\/\/ypjrojava.net\/index.php?rest_route=\/wp\/v2\/posts\/17625\/revisions\/17627"}],"wp:featuredmedia":[{"embeddable":true,"href":"https:\/\/ypjrojava.net\/index.php?rest_route=\/wp\/v2\/media\/17626"}],"wp:attachment":[{"href":"https:\/\/ypjrojava.net\/index.php?rest_route=%2Fwp%2Fv2%2Fmedia&parent=17625"}],"wp:term":[{"taxonomy":"category","embeddable":true,"href":"https:\/\/ypjrojava.net\/index.php?rest_route=%2Fwp%2Fv2%2Fcategories&post=17625"},{"taxonomy":"post_tag","embeddable":true,"href":"https:\/\/ypjrojava.net\/index.php?rest_route=%2Fwp%2Fv2%2Ftags&post=17625"}],"curies":[{"name":"wp","href":"https:\/\/api.w.org\/{rel}","templated":true}]}}