{"id":17711,"date":"2024-02-12T11:15:57","date_gmt":"2024-02-12T11:15:57","guid":{"rendered":"https:\/\/ypjrojava.net\/?p=17711"},"modified":"2024-02-12T11:53:42","modified_gmt":"2024-02-12T11:53:42","slug":"ji-gele-me-u-raya-gisti-re-22","status":"publish","type":"post","link":"https:\/\/ypjrojava.net\/?p=17711","title":{"rendered":"Ji Gel\u00ea Me \u00fb Raya Gi\u015ft\u00ee Re!"},"content":{"rendered":"<p><strong>Ji Gel\u00ea Me \u00fb Raya Gi\u015ft\u00ee Re!<\/strong><\/p>\n<p>Feraseta qirker \u00fb fa\u015f\u00eest a dewleta Tirk a dagirker bi \u00ear\u00ee\u015f\u00ean teror\u00ee y\u00ean ku li hember\u00ee jin\u00ean p\u00ea\u015feng \u00fb t\u00eako\u015fer \u00a0p\u00eak t\u00eene, \u015fore\u015fa azadiya jin\u00ea taybet dike armanc. Ev \u00ear\u00ee\u015f, \u00ear\u00ee\u015f\u00ean siyas\u00ee ne \u00fb li ser bingeh\u00ea konsepta \u00eenkar \u00fb \u00eemhay\u00ea t\u00ean p\u00eakan\u00een. Dewleta Tirk a ku bi pol\u00eet\u00eekay\u00ean da\u00eereya \u015fer\u00ea taybet t\u00ea r\u00eavebirin, tola t\u00eak\u00e7\u00fbna DAI\u015e\u2019\u00ea radike. Fermandar\u00ean jin \u00ean ku bi awayek\u00ee p\u00ea\u015feng teko\u015f\u00eena li dij\u00ee DAI\u015e\u2019\u00ea dane me\u015fandin \u00fb li tevah\u00ee c\u00eehan\u00ea bi nav \u00fb deng b\u00fbn, mohra xwe li d\u00eerok\u00ea dan \u00fb b\u00fbn r\u00fbmeta tevah\u00ee gel\u00ean azad\u00eexwaz, bi awayek\u00ee zaneb\u00fbn ji aliy\u00ea dewleta Tirk a qirker ve t\u00ean armanc girtin.<\/p>\n<p>Di d\u00eeroka 11\u2019\u00ea Sibata 2024\u2019an de balafir\u00ean b\u00ea mirov \u00ean dewleta dagirker \u00fb fa\u015f\u00eest a Tirk li beramber\u00ee Federasyona Gaziy\u00ean Bakur-Rojhilat\u00ea Suriy\u00ea \u00ear\u00ee\u015feke namerdane p\u00eak an\u00ee. Di v\u00ea \u00ear\u00ee\u015f\u00ea de fermandar \u00fb r\u00eaheval\u00ean me Sorxw\u00een Rojhilat \u00fb Azad\u00ee D\u00earik \u015feh\u00eed b\u00fbn. Em ruh\u00ea pak y\u00ea \u015feh\u00eed\u00ean xwe bi r\u00eazdar\u00ee bi b\u00eer t\u00eenin \u00fb bejna xwe li hember wan ditew\u00eenin. Di ser\u00ee de ji malbat\u00ean h\u00eaja y\u00ean Fermandar Sorxw\u00een Rojhilat \u00fb Azad\u00ee D\u00earik, em ji tevah\u00ee gel\u00ea xwe y\u00ea welatpar\u00eaz, ji jin\u00ean \u015fore\u015fger \u00fb t\u00eako\u015fer \u00fb r\u00eaheval\u00ean van leheng\u00ean azadiy\u00ea re sersaxiy\u00ea dixwazin. Em soz didin heval\u00ean xwe y\u00ean gaz\u00ee \u00fb tevah\u00ee gel\u00ea xwe ku w\u00ea xw\u00eena wan li erd\u00ea nem\u00eene. Tolhildana wan d\u00ea erk \u00fb berpirsyariya me ya sereke be.<\/p>\n<p>Fermandar Sorxw\u00een (Fatma Sakan) di sala 1985\u2019an de di nava malbateke xwed\u00ee \u00e7anda berxwedaniya netew\u00ee, li bajar\u00ea Mako y\u00ea Rojhilat\u00ea Kurdistan\u00ea \u00e7av\u00ean xwe li jiyan\u00ea vedike. Fermandar Sorxw\u00een ji e\u015f\u00eera Celaliyan e ku li hember\u00ee dagirkeran ala serhildan\u00ea rakirin \u00fb heta roja me ya \u00eero j\u00ee tu car ser\u00ee netewandin. Kesayet\u00ean m\u00eena \u015e\u00eer\u00een Elemh\u00fbl\u00ee \u00fb Zeynep Celaliyan b\u00fbn \u015fopdar\u00ean v\u00ea \u00e7anda berxwedan\u00ea \u00fb \u00eero j\u00ee fermandar Sorxw\u00een bi helwesteke netew\u00ee di kesayeta xwe de serhild\u00eariya jina Kurd a d\u00eerok\u00ee esas girt \u00fb her k\u00ealiya jiyana xwe ji bo azadiya jin \u00fb gel\u00ea xwe b\u00ea d\u00fbdil\u00ee t\u00eako\u015f\u00een kir.<\/p>\n<p>Di sala 2014\u2019an de dema ku hov\u00eetiya DAI\u015e\u2019\u00ea li bajar\u00ea Koban\u00ea giha asta l\u00fbtkey\u00ea, jin\u00ean ciwan ji bakur, ji ba\u015f\u00fbr \u00fb ji rojhilat\u00ea Kurdistan\u00ea ber\u00ea xwe dan Rojavay\u00ea Kurdistan\u00ea \u00fb li bajar\u00ea Koban\u00ea destan\u00ean lehengiy\u00ea niv\u00eesandin. Berxwedaniya hevr\u00ea Sorxw\u00een \u00fb ya tevah\u00ee \u015fervan\u00ean YPJ\u2019\u00ea li c\u00eehan\u00ea deng veda. Bi v\u00ee reng\u00ee jin herik\u00een qadan \u00fb bi sedan jin\u00ean enternasyonal ber\u00ea xwe dan war\u00ea Rojavay\u00ea Kurdistan\u00ea.<\/p>\n<p>Fermandar Sorxw\u00een di \u015fer\u00ea xwe y\u00ea li hember\u00ee DA\u0130\u015e\u2019\u00ea de, bi takt\u00eek\u00ean xwe y\u00ean dewlemend, bi cesaret \u00fb dilw\u00earekiya xwe ve xofeke mezin xiste dil\u00ea neyaran. Bi v\u00ee reng\u00ee hevr\u00ea Sorxw\u00een b\u00fb p\u00ea\u015fenga \u015fer\u00ea Koban\u00ea \u00fb gel\u00ea Koban\u00ea j\u00ee xwed\u00ee li fermandara xwe ya dilw\u00earek \u00fb ke\u00e7a xwe Sorxw\u00een derketin.<\/p>\n<p>Fermandar Sorxw\u00een di berxwedaniya li hember\u00ee tar\u00eetiya DAI\u015e\u2019\u00ea de bi awayek\u00ee giran bir\u00eendar dibe \u00fb ji bo ku gel\u00ea xwe ji tar\u00eetiya DAI\u015e\u2019\u00ea bipar\u00eaze roniya \u00e7av\u00ea xwe feda kir. Her \u00e7end\u00ee hevr\u00ea Sorxw\u00een giran bir\u00eendar dibe, l\u00ea nirxandina R\u00eaber APO ya ku dib\u00eaje; \u201cGaz\u00ee \u015feh\u00eed\u00ean me y\u00ean nemir in\u201d ji bo xwe esas digre \u00fb b\u00ea ku k\u00ealiyek\u00ea raweste heta daw\u00ee di berxwedaniya d\u00eerok\u00ee ya Koban\u00ea de cih\u00ea xwe digre. Bi v\u00ee away\u00ee xwed\u00ee li nirx\u00ean azadiya jin derket \u00fb di p\u00ea\u015fxistin \u00fb mezinkirina YPJ\u2019\u00ea de, b\u00fb xwed\u00ee rol \u00fb m\u00eesyoneke gir\u00eeng.<\/p>\n<p>Fermandar Sorxw\u00een sembola eg\u00eediya jinan e. Di \u015fer \u00fb jiyana xwe de b\u00fb \u00eefadeya sekna jina w\u00earek, ji xwe bawer \u00fb dilsoz. \u015eore\u015fa Jin, Jiyan, Azad\u00ee ku bi p\u00ea\u015fengiya J\u00eena Em\u00een\u00ee ji Rojhilat\u00ea Kurdistan \u00fb \u00ceran\u00ea belav\u00ee tevah\u00ee c\u00eehan\u00ea b\u00fb, yekem\u00een \u00e7ir\u00fbska xwe ji leheng\u00ean m\u00eena \u015e\u00eer\u00een Elemh\u00fbl\u00ee, Jiyan Mako, Sorxw\u00een Rojhilat \u00fb Zeynep Celaliyan wergirt. Her yek ji van jin\u00ean leheng bi cesaret \u00fb fedekariyeke mezin, r\u00eaya azadiy\u00ea ji bo jin\u00ean Rojhilat\u00ee, Fars \u00fb ji bo tevah\u00ee jinan n\u00ee\u015fan dan.<\/p>\n<p>Her\u00ee daw\u00ee j\u00ee fermandar Sorxw\u00een weke fermandareke gaz\u00ee di Federasyona Gaziy\u00ean Bak\u00fbr Rojhilat\u00ea S\u00fbr\u00ee de ji bo heval\u00ean xwe y\u00ean gaziy\u00ean \u015fore\u015f\u00ea erk\u00ean gir\u00eeng dab\u00fb ser mil\u00ea xwe. Hevr\u00ea Sorxw\u00een bi zanistiyeke k\u00fbr, ji her hevalek xwe y\u00ean gaz\u00ee re b\u00fb \u00e7avkaniya h\u00eaz \u00fb moral\u00ea. Ne ten\u00ea bi xebat\u00ean gaziyan re s\u00eenordar ma, her\u00ee zede j\u00ee hewlda ku ji pirsgir\u00eak \u00fb p\u00ea\u015fxistina gel \u00fb jinan re \u00e7areser\u00ee biafir\u00eene \u00fb bi v\u00ea yek\u00ea re j\u00ee di dil\u00ea gel \u00fb jinan de cih\u00ea xwe girt.<\/p>\n<p>Hevr\u00ea Azad\u00ee D\u00earik (Em\u00eene Sey\u00eed Ehmed) j\u00ee di sala 1982\u2019an de li bajar\u00ea D\u00earika Hemko ji day\u00eek dibe. Hevr\u00ea Azad\u00ee di nava malbateke welatpar\u00eaz de mezin dibe. Dema ku \u00e7ir\u00fbska \u015fore\u015f\u00ea Rojavay\u00ea welat ron\u00ee kir, ber\u00ea xwe da nava ref\u00ean \u015fore\u015f\u00ea \u00fb yek\u00eeney\u00ean destp\u00eak\u00ea y\u00ean parastina jin de cih\u00ea xwe girt. Hevr\u00ea Azad\u00ee bi sekna xwe ya dilsoz ji bo azadiya gel\u00ea xwe b\u00ea hesab, b\u00ea teredut t\u00eako\u015fiya. Ji destp\u00eaka \u015fore\u015f\u00ea heta k\u00ealiya xwe ya daw\u00ee, xwe di xeta parastina rewa de k\u00fbrkirin esas girt. Li ser bingeh\u00ea p\u00eevan\u00ean \u015eer\u00ea Gel\u00ea \u00ea \u015eore\u015fger\u00ee weke fermandareke p\u00ea\u015feng \u015fer\u00ea azadiy\u00ea da me\u015fandin. Bi sekna xwe ya dilnizim b\u00fb m\u00eenaka mil\u00eetaniya jina azad. Hevr\u00ea Azad\u00ee bi gir\u00eadan \u00fb dilsoziyeke mezin ji bo may\u00eendekirina \u015fore\u015fa jin di hem\u00fb qad\u00ean \u015fore\u015f\u00ea de bi awayek\u00ee akt\u00eef cih\u00ea xwe girt.<\/p>\n<p>Her\u00ee daw\u00ee li ser bingeh\u00ea p\u00ea\u015fniyar \u00fb daxwaza xwe hevr\u00eaya me Azad\u00ee derbas\u00ee xebat\u00ean federasyona Gaziy\u00ean \u015fer b\u00fb. weke berpirsa kar \u00fb bar\u00ean heval\u00ean gaz\u00ee kedeke mezin da raber kirin. Her wiha ji bo parastin, perwerdekirin \u00fb dermankirina heval\u00ean gaz\u00ee bi gelek saziy\u00ean her\u00eam\u00ee \u00fb navnetew\u00ee re kar \u00fb xebat da me\u015fandin. Bi dildariyeke mezin, bi berpirsyariyeke \u015fore\u015fger\u00ee \u00fb e\u015fqa hevaltiy\u00ea yek bi yek bi hevr\u00eay\u00ean xwe y\u00ean gaz\u00ee re eleqedar b\u00fb \u00fb di avakirina Federasyona Gaziy\u00ean \u015eer \u00ean Bak\u00fbr Rojhilat\u00ea S\u00fbr\u00ee de roleke mezin hilgirte ser mil\u00ea xwe. Hevr\u00ea Azad\u00ee di hem\u00fb qad\u00ean \u015fore\u015f\u00ea de bi co\u015f \u00fb kelecaneke mezin li berxweda \u00fb t\u00eako\u015f\u00eena azadiy\u00ea da me\u015fandin.<\/p>\n<p>Weke YPJ me di p\u00ea\u015fengiya fermandar\u00ean weke Sorxw\u00een \u00fb Azad\u00ee de, li hember\u00ee DAI\u015e\u2019\u00ea \u015ferek\u00ee b\u00ea hempa da me\u015fandin, l\u00ea dewleta Tirk a dagirker \u00eero bi hedefgirtina jin\u00ean p\u00ea\u015feng, ne ten\u00ea tola DAI\u015e\u2019\u00ea radike, her wiha t\u00eako\u015f\u00eena li dij\u00ee \u00e7etey\u00ean DA\u00ce\u015e\u2019\u00ea ku b\u00fbye bela ser\u00ea mirovahiy\u00ea dixwaze lewaz bike. Dewleta Tirk bi van \u00ear\u00ee\u015f\u00ean xwe y\u00ean ku s\u00fbc\u00ean \u015fer in \u00fb bi taybet j\u00ee di salvegera komploya 15\u2019\u00ea Sibat\u00ea de \u00ear\u00ee\u015feke bi v\u00ee away\u00ee p\u00eak an\u00een, cardin \u00eeradeya jina azad \u00fb gelan armanc kiriye. Jin\u00ean ku bi fikir \u00fb raman\u00ean R\u00eaber Apo civaka xwe parastin\u00ea esas digrin, ji bo xwe weke metirsiyeke mezin dib\u00eenin. Em j\u00ee weke hevr\u00eay\u00ean Sorxw\u00een \u00fb Azad\u00ee\u2019yan, weke Yek\u00eeney\u00ean Parastina Jin YPJ em diyar dikin ku li dij\u00ee her cure \u00ear\u00ee\u015f\u00ean dij-mirov\u00ee y\u00ean dewleta dagirker \u00fb fa\u015f\u00eest a tirk, bi taybet j\u00ee di dema salvegera komploya navnetew\u00ee de em\u00ea t\u00eako\u015f\u00eena xwe heya avakirina siberojeke azad \u00fb aram bidom\u00eenin.<\/p>\n<p>Em bang li tevah\u00ee jin\u00ean c\u00eehan\u00ea \u00fb saziy\u00ean navnetew\u00ee dikin da ku li hember\u00ee feraseta qirker a dewleta Tirk b\u00eadeng nem\u00eenin. Ne ten\u00ea gel\u00ea me, \u00eero tevah\u00ee jin \u00fb gel\u00ea c\u00eehan\u00ea deyndar\u00ea berxwedaniya fermandar Sorxw\u00een \u00fb Azad\u00ee ne. Ji ber w\u00ea j\u00ee em cardin bang li tevah\u00ee tevger\u00ean azad\u00eexwaz y\u00ean jinan dikin da ku li hember\u00ee kiryar\u00ean dewleta Tirk xwed\u00ee helwesteke siyas\u00ee \u00fb pol\u00eet\u00eek bin.<\/p>\n<p>Em ji gel\u00ea xwe \u00fb tevah\u00ee jin\u00ean azad\u00eexwaz re soza tolhildan\u00ea didin. Bila fa\u015f\u00eezma AKP-MHP ba\u015f bizanibe, YPJ h\u00eaza tolhildana sedsal\u00ea ye. Em\u00ea agir\u00ea azadiya \u015fore\u015fa \u2018Jin, Jiyan, Azad\u00ee\u2019 ku \u00eero r\u00eaheval Sorxw\u00een \u00fb Azad\u00ee j\u00ee b\u00fbn p\u00eat\u00ean w\u00ea, hertim ge\u015f bikin ta ku hem\u00fb text\u00ean desthildariya m\u00ear bir\u00fbxin. Em soz \u00fb peymana gir\u00eadana bi xeta \u015feh\u00eedan \u00fb p\u00eakan\u00eena xeyal\u00ean wan careke din d\u00fbbare dikin.<\/p>\n<p><strong>Nasnameya Hevr\u00ea y\u00ean me wiha ye: <\/strong><\/p>\n<p><img loading=\"lazy\" decoding=\"async\" class=\"alignnone size-medium wp-image-17713\" src=\"https:\/\/ypjrojava.net\/wp-content\/uploads\/2024\/02\/SORWIN-ROJHILAT-SICIL-FOTO-1-238x300.png\" alt=\"\" width=\"238\" height=\"300\" srcset=\"https:\/\/ypjrojava.net\/wp-content\/uploads\/2024\/02\/SORWIN-ROJHILAT-SICIL-FOTO-1-238x300.png 238w, https:\/\/ypjrojava.net\/wp-content\/uploads\/2024\/02\/SORWIN-ROJHILAT-SICIL-FOTO-1-812x1024.png 812w, https:\/\/ypjrojava.net\/wp-content\/uploads\/2024\/02\/SORWIN-ROJHILAT-SICIL-FOTO-1-768x969.png 768w, https:\/\/ypjrojava.net\/wp-content\/uploads\/2024\/02\/SORWIN-ROJHILAT-SICIL-FOTO-1-1218x1536.png 1218w, https:\/\/ypjrojava.net\/wp-content\/uploads\/2024\/02\/SORWIN-ROJHILAT-SICIL-FOTO-1-1624x2048.png 1624w\" sizes=\"auto, (max-width: 238px) 100vw, 238px\" \/><\/p>\n<p><strong>Nasnav:<\/strong> Sorxw\u00een Rojhilat<\/p>\n<p><strong>Nav \u00fb Pa\u015fnav:<\/strong>\u00a0Fatma Sakan<\/p>\n<p><strong>Nav\u00ea day\u00eek:<\/strong> Gozel<\/p>\n<p><strong>Nav\u00ea bav:<\/strong> \u00cebrah\u00eem<\/p>\n<p><strong>Cih \u00fb D\u00eeroka \u015eehadet\u00ea:<\/strong> Qami\u015flo \u2013 11.02.2024<\/p>\n<p><img loading=\"lazy\" decoding=\"async\" class=\"alignnone size-medium wp-image-17714\" src=\"https:\/\/ypjrojava.net\/wp-content\/uploads\/2024\/02\/sehid_azadi_2-copy-1-238x300.png\" alt=\"\" width=\"238\" height=\"300\" srcset=\"https:\/\/ypjrojava.net\/wp-content\/uploads\/2024\/02\/sehid_azadi_2-copy-1-238x300.png 238w, https:\/\/ypjrojava.net\/wp-content\/uploads\/2024\/02\/sehid_azadi_2-copy-1-812x1024.png 812w, https:\/\/ypjrojava.net\/wp-content\/uploads\/2024\/02\/sehid_azadi_2-copy-1-768x969.png 768w, https:\/\/ypjrojava.net\/wp-content\/uploads\/2024\/02\/sehid_azadi_2-copy-1-1218x1536.png 1218w, https:\/\/ypjrojava.net\/wp-content\/uploads\/2024\/02\/sehid_azadi_2-copy-1-1624x2048.png 1624w\" sizes=\"auto, (max-width: 238px) 100vw, 238px\" \/><\/p>\n<p><strong>Nav \u00fb Pa\u015fnav:\u00a0Azad\u00ee D\u00earik<\/strong><\/p>\n<p><strong>Nasnav:<\/strong> Em\u00eene Sey\u00eed Ehmed<\/p>\n<p><strong>Nav\u00ea day\u00eek:<\/strong> Alya<\/p>\n<p><strong>Nav\u00ea bav: Y\u00fbsif<\/strong><\/p>\n<p><strong>Cih \u00fb D\u00eeroka \u015eehadet\u00ea:<\/strong> Qami\u015flo \u2013 11.02.2024<\/p>\n<p><strong>Fermandariya Gi\u015ft\u00ee Ya YPJ<\/strong><\/p>\n<p><strong>12\/2\/2024<\/strong><\/p>\n","protected":false},"excerpt":{"rendered":"<p>Ji Gel\u00ea Me \u00fb Raya Gi\u015ft\u00ee Re! Feraseta qirker \u00fb fa\u015f\u00eest a dewleta Tirk a dagirker bi \u00ear\u00ee\u015f\u00ean teror\u00ee y\u00ean ku li hember\u00ee jin\u00ean p\u00ea\u015feng \u00fb t\u00eako\u015fer \u00a0p\u00eak t\u00eene, \u015fore\u015fa azadiya jin\u00ea taybet dike armanc. Ev \u00ear\u00ee\u015f, \u00ear\u00ee\u015f\u00ean siyas\u00ee ne \u00fb li ser bingeh\u00ea konsepta \u00eenkar \u00fb \u00eemhay\u00ea t\u00ean p\u00eakan\u00een. Dewleta Tirk a ku bi [&hellip;]<\/p>\n","protected":false},"author":1,"featured_media":17712,"comment_status":"open","ping_status":"closed","sticky":false,"template":"","format":"standard","meta":{"footnotes":""},"categories":[38],"tags":[],"class_list":{"0":"post-17711","1":"post","2":"type-post","3":"status-publish","4":"format-standard","5":"has-post-thumbnail","7":"category-nuce"},"_links":{"self":[{"href":"https:\/\/ypjrojava.net\/index.php?rest_route=\/wp\/v2\/posts\/17711","targetHints":{"allow":["GET"]}}],"collection":[{"href":"https:\/\/ypjrojava.net\/index.php?rest_route=\/wp\/v2\/posts"}],"about":[{"href":"https:\/\/ypjrojava.net\/index.php?rest_route=\/wp\/v2\/types\/post"}],"author":[{"embeddable":true,"href":"https:\/\/ypjrojava.net\/index.php?rest_route=\/wp\/v2\/users\/1"}],"replies":[{"embeddable":true,"href":"https:\/\/ypjrojava.net\/index.php?rest_route=%2Fwp%2Fv2%2Fcomments&post=17711"}],"version-history":[{"count":4,"href":"https:\/\/ypjrojava.net\/index.php?rest_route=\/wp\/v2\/posts\/17711\/revisions"}],"predecessor-version":[{"id":17719,"href":"https:\/\/ypjrojava.net\/index.php?rest_route=\/wp\/v2\/posts\/17711\/revisions\/17719"}],"wp:featuredmedia":[{"embeddable":true,"href":"https:\/\/ypjrojava.net\/index.php?rest_route=\/wp\/v2\/media\/17712"}],"wp:attachment":[{"href":"https:\/\/ypjrojava.net\/index.php?rest_route=%2Fwp%2Fv2%2Fmedia&parent=17711"}],"wp:term":[{"taxonomy":"category","embeddable":true,"href":"https:\/\/ypjrojava.net\/index.php?rest_route=%2Fwp%2Fv2%2Fcategories&post=17711"},{"taxonomy":"post_tag","embeddable":true,"href":"https:\/\/ypjrojava.net\/index.php?rest_route=%2Fwp%2Fv2%2Ftags&post=17711"}],"curies":[{"name":"wp","href":"https:\/\/api.w.org\/{rel}","templated":true}]}}