{"id":17767,"date":"2024-02-16T11:11:23","date_gmt":"2024-02-16T11:11:23","guid":{"rendered":"https:\/\/ypjrojava.net\/?p=17767"},"modified":"2024-02-18T10:11:05","modified_gmt":"2024-02-18T10:11:05","slug":"ji-capemeni-u-raya-gisti-re-7","status":"publish","type":"post","link":"https:\/\/ypjrojava.net\/?p=17767","title":{"rendered":"Ji \u00c7apemen\u00ee \u00fb Raya Gi\u015ft\u00ee re"},"content":{"rendered":"<p><strong>Ji \u00c7apemen\u00ee \u00fb Raya Gi\u015ft\u00ee re<\/strong><\/p>\n<p>Yek\u00eeney\u00ean me y\u00ean Parastina Jin YPJ di \u00e7ar\u00e7oveya maf\u00ea xwe y\u00ea parastin\u00ea \u00fb ji bo tolhildana \u015feh\u00eed\u00ean xwe y\u00ean gaz\u00ee fermandar Sorxw\u00een Rojhilat \u00fb Azad\u00ee D\u00earik li seranser\u00ee her\u00eama bakur-rojhilat\u00ea S\u00fbr\u00ee r\u00eaze \u00e7alak\u00ee li darxistin. Di van \u00e7alakiyan de baregeh \u00fb \u00e7eper\u00ean dagirkeriya Tirk \u00fb \u00e7etey\u00ean w\u00ea hatin hedefgirtin.<\/p>\n<p>Di d\u00eeroka 12 Sibat\u00ea de \u015fervan\u00ean me li her\u00eama Minbic\u00ea eniya Seyyad\u00ea li gund\u00ea Hemrat \u00e7alakiyeke serdegirtin\u00ea lidarxist. \u015eervan\u00ean me bi away\u00ea 2 t\u00eeman \u00e7\u00fbn ser \u00e7eper\u00ean dijmin. Di encam\u00ea de baregeha dagirkeran bi temam\u00ee hate \u00eemhakirin, le\u015fker \u00fb \u00e7etey\u00ean dagirker baregeha xwe berdan \u00fb reviyan. Di encam\u00ea de 3 \u00e7ete di hundur\u00ea baregeh\u00ea de hatin ku\u015ftin, 3 \u00e7ete j\u00ee dema hewldan ku birevin ji aliy\u00ean \u015fervan\u00ean me ve hatin ku\u015ftin. \u015eervan\u00ean me \u00e7\u00fbn ser cenazey\u00ea 3 \u00e7etey\u00ean dagirker. Di encama v\u00ea \u00e7alakiy\u00ea de 6 \u00e7ete hatin ku\u015ftin, 3 \u00e7ete j\u00ee bir\u00eendar b\u00fbn \u00fb reviyan.<\/p>\n<p>Di heman d\u00eeroka 12 Sibat\u00ea de, di seat 8:00 sibeh\u00ea li eniya Tiltemir-Sewama Aliya di navbera gund\u00ea R\u00eahaniy\u00ea \u00fb S\u00fbsa de \u015fervan\u00ean me y\u00ean YPJ\u2019\u00ea bi \u00e7ek\u00ean giran li baregeha le\u015fker\u00ean Tirk \u00ean dagirker dan. Di encama v\u00ea \u00e7alakiy\u00ea de j\u00ee 3 le\u015fker\u00ean Tirk \u00ean dagirker hatin ku\u015ftin \u00fb h\u00eajmarek ji wan j\u00ee bir\u00eendar b\u00fbn.<\/p>\n<p>Di encama van r\u00eaze \u00e7alakiy\u00ean me de 9 \u00e7ete \u00fb le\u015fker\u00ean Tirk \u00ean dagirker hatin ku\u015ftin. Her\u00ee k\u00eam j\u00ee 8 \u00e7ete \u00fb le\u015fker\u00ean Tirk \u00ean dagirker bir\u00eendarb\u00fbn.<\/p>\n<p>Weke Yek\u00eeney\u00ean Parastina Jin YPJ me soz da tevah\u00ee jinan \u00fb gel\u00ea xwe ku em\u00ea tola \u015feh\u00eed\u00ean xwe li erd\u00ea neh\u00ealin \u00fb w\u00ea \u00ear\u00ee\u015f\u00ean dagirkeran b\u00ea hesab nem\u00eenin. \u00c7awa ku me got YPJ h\u00eaza Tolhildana sedsal\u00ea ye, em careke din diyar dikin ku li dij\u00ee her cure \u00ear\u00ee\u015f\u00ean dagirker\u00ee \u00fb dij-mirov\u00ee, em\u00ea hesab ji dagirkeran bixwazin \u00fb bersiva p\u00eaw\u00eest bidin. Heya avakirina siberojeke azad \u00fb bi ewle, em\u00ea t\u00eako\u015f\u00eena xwe ya azadiy\u00ea bidom\u00eenin.<\/p>\n<p>&nbsp;<\/p>\n<p><strong>Navenda Ragihandin<\/strong><strong>a<\/strong> <strong>YPJ<\/strong><\/p>\n<p><strong>16-02-2024<\/strong><\/p>\n<p><img loading=\"lazy\" decoding=\"async\" class=\"alignnone size-medium wp-image-17768\" src=\"https:\/\/ypjrojava.net\/wp-content\/uploads\/2024\/02\/calakiya_servanen_ypj_tiltemir_12.02.2024.mp4_snapshot_00.15_2024.02.16_14.02.39-300x169.jpg\" alt=\"\" width=\"300\" height=\"169\" srcset=\"https:\/\/ypjrojava.net\/wp-content\/uploads\/2024\/02\/calakiya_servanen_ypj_tiltemir_12.02.2024.mp4_snapshot_00.15_2024.02.16_14.02.39-300x169.jpg 300w, https:\/\/ypjrojava.net\/wp-content\/uploads\/2024\/02\/calakiya_servanen_ypj_tiltemir_12.02.2024.mp4_snapshot_00.15_2024.02.16_14.02.39-1024x576.jpg 1024w, https:\/\/ypjrojava.net\/wp-content\/uploads\/2024\/02\/calakiya_servanen_ypj_tiltemir_12.02.2024.mp4_snapshot_00.15_2024.02.16_14.02.39-768x432.jpg 768w, https:\/\/ypjrojava.net\/wp-content\/uploads\/2024\/02\/calakiya_servanen_ypj_tiltemir_12.02.2024.mp4_snapshot_00.15_2024.02.16_14.02.39-1536x864.jpg 1536w, https:\/\/ypjrojava.net\/wp-content\/uploads\/2024\/02\/calakiya_servanen_ypj_tiltemir_12.02.2024.mp4_snapshot_00.15_2024.02.16_14.02.39-390x220.jpg 390w, https:\/\/ypjrojava.net\/wp-content\/uploads\/2024\/02\/calakiya_servanen_ypj_tiltemir_12.02.2024.mp4_snapshot_00.15_2024.02.16_14.02.39.jpg 1920w\" sizes=\"auto, (max-width: 300px) 100vw, 300px\" \/><img loading=\"lazy\" decoding=\"async\" class=\"alignnone size-medium wp-image-17769\" src=\"https:\/\/ypjrojava.net\/wp-content\/uploads\/2024\/02\/calakiya_servanen_ypj_minbic_12_02_2024.mp4_snapshot_00.15_2024.02.16_14.08.51-300x169.jpg\" alt=\"\" width=\"300\" height=\"169\" srcset=\"https:\/\/ypjrojava.net\/wp-content\/uploads\/2024\/02\/calakiya_servanen_ypj_minbic_12_02_2024.mp4_snapshot_00.15_2024.02.16_14.08.51-300x169.jpg 300w, https:\/\/ypjrojava.net\/wp-content\/uploads\/2024\/02\/calakiya_servanen_ypj_minbic_12_02_2024.mp4_snapshot_00.15_2024.02.16_14.08.51-1024x576.jpg 1024w, https:\/\/ypjrojava.net\/wp-content\/uploads\/2024\/02\/calakiya_servanen_ypj_minbic_12_02_2024.mp4_snapshot_00.15_2024.02.16_14.08.51-768x432.jpg 768w, https:\/\/ypjrojava.net\/wp-content\/uploads\/2024\/02\/calakiya_servanen_ypj_minbic_12_02_2024.mp4_snapshot_00.15_2024.02.16_14.08.51-1536x864.jpg 1536w, https:\/\/ypjrojava.net\/wp-content\/uploads\/2024\/02\/calakiya_servanen_ypj_minbic_12_02_2024.mp4_snapshot_00.15_2024.02.16_14.08.51-390x220.jpg 390w, https:\/\/ypjrojava.net\/wp-content\/uploads\/2024\/02\/calakiya_servanen_ypj_minbic_12_02_2024.mp4_snapshot_00.15_2024.02.16_14.08.51.jpg 1920w\" sizes=\"auto, (max-width: 300px) 100vw, 300px\" \/><\/p>\n<p><iframe loading=\"lazy\" title=\"\u00c7alakiya Tolhildan\u00ea Ya \u015eervan\u00ean YPJ&#039;\u00ea Li Tiltemir\" width=\"696\" height=\"392\" src=\"https:\/\/www.youtube.com\/embed\/1onrqnpSTMs?feature=oembed\" frameborder=\"0\" allow=\"accelerometer; autoplay; clipboard-write; encrypted-media; gyroscope; picture-in-picture; web-share\" referrerpolicy=\"strict-origin-when-cross-origin\" allowfullscreen><\/iframe><\/p>\n<p><iframe loading=\"lazy\" title=\"\u00c7alakiya Tolhildan\u00ea Ya \u015eervan\u00ean YPJ&#039;\u00ea Li Minbic\" width=\"696\" height=\"392\" src=\"https:\/\/www.youtube.com\/embed\/99K5VNMrrmA?feature=oembed\" frameborder=\"0\" allow=\"accelerometer; autoplay; clipboard-write; encrypted-media; gyroscope; picture-in-picture; web-share\" referrerpolicy=\"strict-origin-when-cross-origin\" allowfullscreen><\/iframe><\/p>\n","protected":false},"excerpt":{"rendered":"<p>Ji \u00c7apemen\u00ee \u00fb Raya Gi\u015ft\u00ee re Yek\u00eeney\u00ean me y\u00ean Parastina Jin YPJ di \u00e7ar\u00e7oveya maf\u00ea xwe y\u00ea parastin\u00ea \u00fb ji bo tolhildana \u015feh\u00eed\u00ean xwe y\u00ean gaz\u00ee fermandar Sorxw\u00een Rojhilat \u00fb Azad\u00ee D\u00earik li seranser\u00ee her\u00eama bakur-rojhilat\u00ea S\u00fbr\u00ee r\u00eaze \u00e7alak\u00ee li darxistin. Di van \u00e7alakiyan de baregeh \u00fb \u00e7eper\u00ean dagirkeriya Tirk \u00fb \u00e7etey\u00ean w\u00ea hatin hedefgirtin. [&hellip;]<\/p>\n","protected":false},"author":1,"featured_media":17770,"comment_status":"open","ping_status":"closed","sticky":false,"template":"","format":"standard","meta":{"footnotes":""},"categories":[39,41,40],"tags":[],"class_list":{"0":"post-17767","1":"post","2":"type-post","3":"status-publish","4":"format-standard","5":"has-post-thumbnail","7":"category-daxuyani","8":"category-dimen","9":"category-wene"},"_links":{"self":[{"href":"https:\/\/ypjrojava.net\/index.php?rest_route=\/wp\/v2\/posts\/17767","targetHints":{"allow":["GET"]}}],"collection":[{"href":"https:\/\/ypjrojava.net\/index.php?rest_route=\/wp\/v2\/posts"}],"about":[{"href":"https:\/\/ypjrojava.net\/index.php?rest_route=\/wp\/v2\/types\/post"}],"author":[{"embeddable":true,"href":"https:\/\/ypjrojava.net\/index.php?rest_route=\/wp\/v2\/users\/1"}],"replies":[{"embeddable":true,"href":"https:\/\/ypjrojava.net\/index.php?rest_route=%2Fwp%2Fv2%2Fcomments&post=17767"}],"version-history":[{"count":2,"href":"https:\/\/ypjrojava.net\/index.php?rest_route=\/wp\/v2\/posts\/17767\/revisions"}],"predecessor-version":[{"id":17772,"href":"https:\/\/ypjrojava.net\/index.php?rest_route=\/wp\/v2\/posts\/17767\/revisions\/17772"}],"wp:featuredmedia":[{"embeddable":true,"href":"https:\/\/ypjrojava.net\/index.php?rest_route=\/wp\/v2\/media\/17770"}],"wp:attachment":[{"href":"https:\/\/ypjrojava.net\/index.php?rest_route=%2Fwp%2Fv2%2Fmedia&parent=17767"}],"wp:term":[{"taxonomy":"category","embeddable":true,"href":"https:\/\/ypjrojava.net\/index.php?rest_route=%2Fwp%2Fv2%2Fcategories&post=17767"},{"taxonomy":"post_tag","embeddable":true,"href":"https:\/\/ypjrojava.net\/index.php?rest_route=%2Fwp%2Fv2%2Ftags&post=17767"}],"curies":[{"name":"wp","href":"https:\/\/api.w.org\/{rel}","templated":true}]}}