{"id":17832,"date":"2024-03-06T09:36:51","date_gmt":"2024-03-06T09:36:51","guid":{"rendered":"https:\/\/ypjrojava.net\/?p=17832"},"modified":"2024-03-06T09:38:20","modified_gmt":"2024-03-06T09:38:20","slug":"ji-capemeni-u-raya-gisti-re-8","status":"publish","type":"post","link":"https:\/\/ypjrojava.net\/?p=17832","title":{"rendered":"Ji \u00c7apemen\u00ee \u00fb Raya Gi\u015ft\u00ee Re!"},"content":{"rendered":"<p><strong>Ji \u00c7apemen\u00ee \u00fb Raya Gi\u015ft\u00ee Re!<\/strong><\/p>\n<p><strong>\u00a0<\/strong>Yek\u00eeney\u00ean me y\u00ean Parastina Jin YPJ\u2019\u00ea di d\u00eeroka 3\u2019\u00ea Adara 2024\u2019an seet\u00ean \u015fev li ser barageheke art\u00ea\u015fa dewleta Tirk a dagirker ku li eniya Seyad\u00ea, gund\u00ea \u015eex Nasir a gir\u00eaday\u00ee bajar\u00ea Minbic\u00ea \u00e7alakiyek serdegirtin\u00ea lidar xistin. Darbey\u00ean giran li dagirkeriya Tirk hate xistin.<\/p>\n<p>\u015eervan\u00ean me bi awayek\u00ee profesyonel li ser bareha dagirkeran de \u00e7\u00fbn, destp\u00eak\u00ea bi \u00e7ek\u00ean nav\u00een \u00ear\u00ee\u015f\u00ea dijmin kirin. Pi\u015ftre di mesafeta 20 metreyan de bi \u00e7ek\u00ean ferd\u00ee \u00e7alek\u00ee hate p\u00eakan\u00een. \u015eervan\u00ean me ketin bargeh\u00ea \u00fb hejmarek cebilxane hate \u00eemha kirin \u00fb be\u015fek j\u00ee hate desteser kirin.<\/p>\n<p>Di encama v\u00ea \u00e7alakiya bi bandor de; 6 \u00e7etey\u00ean dewleta tirk a dagirker hatin cezakirin. \u015eervanan tevah\u00ee baregeha art\u00ea\u015fa dagirker r\u00fbxandin \u00fb do\u00e7kayeke 12,5\u00a0 \u00eemha kirin. 2 qil\u00ea\u015f, 1 \u00e7eka buruno, destik (b\u00eat\u00eal), telefon \u00fb nasnamey\u00ean \u00e7etey\u00ean tirk hatin desteser kirin.<\/p>\n<p>Pi\u015ft\u00ee \u015fervan\u00ean me bi awayek\u00ee serkeft\u00ee \u00fb bi ewle pa\u015fveki\u015fyan. Ji ber ku \u015fervan\u00ean me baregeha dagirkeriya tirk bi temam\u00ee r\u00fbxand \u00fb agir p\u00eak, teq\u00eenek mezin j\u00ee r\u00fb da. L\u00ea di derbar\u00ea teq\u00eena ku p\u00eak hat de encam nay\u00ean zan\u00een.<\/p>\n<p>Weke Yek\u00eeney\u00ean Parastina Jin ev \u00e7alak\u00ee ji bo b\u00eeran\u00eena fermandar\u00ean me y\u00ean p\u00ea\u015feng y\u00ean ku ji aliy\u00ea dewleta tirk a dagirker ve hatin \u015feh\u00eedkirin, hatiye p\u00eakan\u00een. Em h\u00eazeke tolhildan\u00ea ne \u00fb em bi biryardariyeke bilind, di me\u015fa xwe ye serfketin\u00ea de bi israr in. W\u00ea tu \u00ear\u00ee\u015f\u00ean li ser jin\u00ean p\u00ea\u015feng, welat \u00fb destkeftiy\u00ean \u015eore\u015fa Jin a Rojava b\u00ea bersiv nem\u00eene.<\/p>\n<p><strong>Navenda Ragihandin \u00fb \u00c7apemeniya YPJ\u2019\u00ea<\/strong><\/p>\n<p><strong>06-03-2024<\/strong><\/p>\n<p><img loading=\"lazy\" decoding=\"async\" class=\"alignnone size-medium wp-image-17833\" src=\"https:\/\/ypjrojava.net\/wp-content\/uploads\/2024\/03\/06-03-2024-ENCAMA-CALAKIYA-MINBIC-SEXNASIR-YPJ.mp4_snapshot_00.53_2024.03.06_12.30.13-300x169.jpg\" alt=\"\" width=\"300\" height=\"169\" srcset=\"https:\/\/ypjrojava.net\/wp-content\/uploads\/2024\/03\/06-03-2024-ENCAMA-CALAKIYA-MINBIC-SEXNASIR-YPJ.mp4_snapshot_00.53_2024.03.06_12.30.13-300x169.jpg 300w, https:\/\/ypjrojava.net\/wp-content\/uploads\/2024\/03\/06-03-2024-ENCAMA-CALAKIYA-MINBIC-SEXNASIR-YPJ.mp4_snapshot_00.53_2024.03.06_12.30.13-1024x576.jpg 1024w, https:\/\/ypjrojava.net\/wp-content\/uploads\/2024\/03\/06-03-2024-ENCAMA-CALAKIYA-MINBIC-SEXNASIR-YPJ.mp4_snapshot_00.53_2024.03.06_12.30.13-768x432.jpg 768w, https:\/\/ypjrojava.net\/wp-content\/uploads\/2024\/03\/06-03-2024-ENCAMA-CALAKIYA-MINBIC-SEXNASIR-YPJ.mp4_snapshot_00.53_2024.03.06_12.30.13-1536x864.jpg 1536w, https:\/\/ypjrojava.net\/wp-content\/uploads\/2024\/03\/06-03-2024-ENCAMA-CALAKIYA-MINBIC-SEXNASIR-YPJ.mp4_snapshot_00.53_2024.03.06_12.30.13-390x220.jpg 390w, https:\/\/ypjrojava.net\/wp-content\/uploads\/2024\/03\/06-03-2024-ENCAMA-CALAKIYA-MINBIC-SEXNASIR-YPJ.mp4_snapshot_00.53_2024.03.06_12.30.13.jpg 1920w\" sizes=\"auto, (max-width: 300px) 100vw, 300px\" \/><\/p>\n<p><iframe loading=\"lazy\" title=\"\u00c7alakiya YPJ&#039;\u00ea Ya Li Ser Baregeha Dewleta tirk ya \u015e\u00eax Nasir\" width=\"696\" height=\"392\" src=\"https:\/\/www.youtube.com\/embed\/cwPG1EMR2tE?feature=oembed\" frameborder=\"0\" allow=\"accelerometer; autoplay; clipboard-write; encrypted-media; gyroscope; picture-in-picture; web-share\" referrerpolicy=\"strict-origin-when-cross-origin\" allowfullscreen><\/iframe><\/p>\n<p>&nbsp;<\/p>\n<p>&nbsp;<\/p>\n<p>&nbsp;<\/p>\n<p>&nbsp;<\/p>\n","protected":false},"excerpt":{"rendered":"<p>Ji \u00c7apemen\u00ee \u00fb Raya Gi\u015ft\u00ee Re! \u00a0Yek\u00eeney\u00ean me y\u00ean Parastina Jin YPJ\u2019\u00ea di d\u00eeroka 3\u2019\u00ea Adara 2024\u2019an seet\u00ean \u015fev li ser barageheke art\u00ea\u015fa dewleta Tirk a dagirker ku li eniya Seyad\u00ea, gund\u00ea \u015eex Nasir a gir\u00eaday\u00ee bajar\u00ea Minbic\u00ea \u00e7alakiyek serdegirtin\u00ea lidar xistin. Darbey\u00ean giran li dagirkeriya Tirk hate xistin. \u015eervan\u00ean me bi awayek\u00ee profesyonel li [&hellip;]<\/p>\n","protected":false},"author":1,"featured_media":17833,"comment_status":"open","ping_status":"closed","sticky":false,"template":"","format":"standard","meta":{"footnotes":""},"categories":[39,41],"tags":[],"class_list":{"0":"post-17832","1":"post","2":"type-post","3":"status-publish","4":"format-standard","5":"has-post-thumbnail","7":"category-daxuyani","8":"category-dimen"},"_links":{"self":[{"href":"https:\/\/ypjrojava.net\/index.php?rest_route=\/wp\/v2\/posts\/17832","targetHints":{"allow":["GET"]}}],"collection":[{"href":"https:\/\/ypjrojava.net\/index.php?rest_route=\/wp\/v2\/posts"}],"about":[{"href":"https:\/\/ypjrojava.net\/index.php?rest_route=\/wp\/v2\/types\/post"}],"author":[{"embeddable":true,"href":"https:\/\/ypjrojava.net\/index.php?rest_route=\/wp\/v2\/users\/1"}],"replies":[{"embeddable":true,"href":"https:\/\/ypjrojava.net\/index.php?rest_route=%2Fwp%2Fv2%2Fcomments&post=17832"}],"version-history":[{"count":3,"href":"https:\/\/ypjrojava.net\/index.php?rest_route=\/wp\/v2\/posts\/17832\/revisions"}],"predecessor-version":[{"id":17836,"href":"https:\/\/ypjrojava.net\/index.php?rest_route=\/wp\/v2\/posts\/17832\/revisions\/17836"}],"wp:featuredmedia":[{"embeddable":true,"href":"https:\/\/ypjrojava.net\/index.php?rest_route=\/wp\/v2\/media\/17833"}],"wp:attachment":[{"href":"https:\/\/ypjrojava.net\/index.php?rest_route=%2Fwp%2Fv2%2Fmedia&parent=17832"}],"wp:term":[{"taxonomy":"category","embeddable":true,"href":"https:\/\/ypjrojava.net\/index.php?rest_route=%2Fwp%2Fv2%2Fcategories&post=17832"},{"taxonomy":"post_tag","embeddable":true,"href":"https:\/\/ypjrojava.net\/index.php?rest_route=%2Fwp%2Fv2%2Ftags&post=17832"}],"curies":[{"name":"wp","href":"https:\/\/api.w.org\/{rel}","templated":true}]}}