{"id":17848,"date":"2024-03-08T06:07:05","date_gmt":"2024-03-08T06:07:05","guid":{"rendered":"https:\/\/ypjrojava.net\/?p=17848"},"modified":"2024-03-08T06:07:05","modified_gmt":"2024-03-08T06:07:05","slug":"ji-capemeni-u-raya-gisti-re-9","status":"publish","type":"post","link":"https:\/\/ypjrojava.net\/?p=17848","title":{"rendered":"Ji \u00c7apemen\u00ee \u00fb Raya Gi\u015ft\u00ee re"},"content":{"rendered":"<p><strong>Ji \u00c7apemen\u00ee \u00fb Raya Gi\u015ft\u00ee re<\/strong><\/p>\n<p>&nbsp;<\/p>\n<p>Em 8\u2019\u00ea Adar\u00ea roja ser\u00ee hildan \u00fb raper\u00eena jinan, roja berxwedan \u00fb t\u00eako\u015f\u00een\u00ea li hem\u00fb jin\u00ean c\u00eehan\u00ea \u00fb li r\u00eaheval\u00ea her\u00ee rast \u00ea jin\u00ea li R\u00eaber APO p\u00eeroz dikin. Bi boneya v\u00ea roja p\u00eeroz em hem\u00fb \u015feh\u00eed\u00ean \u015fore\u015fa azadiya jin bi b\u00eert\u00eenin \u00fb soza bilindkirina t\u00eako\u015f\u00eena azadiy\u00ea n\u00fb dikin.<\/p>\n<p>Weke Yek\u00eeney\u00ean Parastina Jin YPJ \u00eero em li ser m\u00eerateya giranbiha ya jin\u00ean berxwed\u00ear \u00ean c\u00eehan\u00ea me\u015fa xwe ya azadiy\u00ea didom\u00eenin. Me ala berxwedan \u00fb serfiraziy\u00ea ji Roza Luxemburg, Clara Zetk\u00een, Leyla Qasim, Leyla Xalid, Sak\u00eene Cansiz \u00fb G\u00fblnaz Karata\u015f hilgirt \u00fb vaye \u00eero em bi qehreman\u00ean cenga Rojava Ar\u00een M\u00eerkan, R\u00eavan Koban\u00ea, Z\u00eelan Hesek\u00ea, Tolhildan Raman, Rojda Minbic \u00fb Sorxw\u00een Rojhilat\u2019an ve berbi \u015fore\u015fa jin\u00ea ve dime\u015fin. Weke hevr\u00eay\u00ean van jin\u00ean leheng em \u015fanaziya v\u00ea dij\u00een \u00fb bi h\u00earseke mezin li hember\u00ee her c\u00fbre pol\u00eet\u00eekay\u00ean qirkirin, dagiker\u00ee \u00fb tecr\u00eed\u00ea, t\u00eako\u015f\u00eena xwe bilind dikin.<\/p>\n<p>Ji Newyork\u00ea heta Afgan\u00eestan\u00ea, ji \u015eengal\u00ea heta \u00ceran\u00ea, em ruh\u00ea berxwedanvan \u00ea tevah\u00ee jin\u00ean c\u00eehan\u00ea y\u00ea ku text\u00ea desthiladariya m\u00ear dihej\u00eene \u00fb gihandiye ber hilwe\u015f\u00een\u00ea ji vir, ji war\u00ea \u015fore\u015f\u00ea ku tar\u00eetiya Sedsal\u00ea l\u00ea hate t\u00eakbirin \u00fb ala berxwedana jinan l\u00ea hate bilind kirin, em silav \u00fb hezkirin\u00ean xwe ji tevah\u00ee jin\u00ean t\u00eako\u015fer \u00ean c\u00eehan\u00ea re di\u015f\u00eenin.<\/p>\n<p>\u00cero jinan li her \u00e7ar aliy\u00ean c\u00eehan\u00ea li hember\u00ee aql\u00ea zilam \u00ea desthiladar ku bi \u015fer, talan, destdir\u00eaj\u00ee \u00fb qirkirin\u00ea xwe bi pergal dike \u00fb mirovah\u00ee berbi \u015fer\u00ea c\u00eehan\u00ea y\u00ea s\u00eayem\u00een ve dibe, ser\u00ee rakiriye \u00fb meydan\u00ea dixw\u00eene. Li \u00e7iyay\u00ean Kurdistan\u00ea ger\u00eelay\u00ean YJA Star\u2019\u00ea li hember\u00ee kimyasal\u00ea \u015fer\u00ea r\u00fbmet\u00ea didin me\u015fandin, li \u00ceran\u00ea li hember\u00ee her away\u00ee destdir\u00eaj\u00ee, darvekirin \u00fb zordariya li ser jinan, bi ruh\u00ea J\u00eena Em\u00een\u00ee jin\u00ean Fars \u00fb Rojhilat\u00ee, bi diru\u015fmeya Jin Jiyan Azad\u00ee banga jiyaneke bi r\u00fbmet dikin, li Afgan\u00eestan\u00ea li hember\u00ee hov\u00eetiya Tal\u00eeban, jin\u00ean Afgan\u00ee ser\u00ee hildane \u00fb bi israr daxwaza azadiy\u00ea dikin. Li vir, li Rojava \u00fb li bakur-rojhilat\u00ea S\u00fbr\u00ee j\u00ee li hember\u00ee DAI\u015e ku wek h\u00eaza her\u00ee teror\u00eest a c\u00eehan\u00ea hate bi navkirin \u00fb li hember\u00ee dagirkeriya dewleta Tirk, jin\u00ean Ereb, Kurd, Ermen, As\u00fbr\u00ee, S\u00fbryan bi nav\u00ea Yek\u00eeney\u00ean Parastina Jin YPJ xwe bi r\u00eaxistin dikin \u00fb bi yek ruh\u00ee hem\u00fb qad\u00ean jiyan\u00ea hemb\u00eaz dikin \u00fb destkeftiy\u00ean \u015fore\u015f\u00ea dipar\u00eazin. Ev enerjiya herikarbar a jinan ku diherike yek r\u00fbbar\u00ee, dibe \u00e7avkaniya azadiya tevah\u00ee civak\u00ea, ev yek j\u00ee co\u015f \u00fb kelecana me ya t\u00eako\u015f\u00een\u00ea xurtir dike.<\/p>\n<p>B\u00eaguman bi saya fikir \u00fb raman\u00ean R\u00eaber APO ku B\u00eerdoziya Rizgariya Jin\u00ea di rojek wiha p\u00eeroz, di roja 8\u2019\u00ea Adar\u00ea de diyar\u00ee me tevah\u00ee jinan kir, em gihan van rojan. Ji ber w\u00ea ye ku \u015fore\u015fa Rojava wek \u015fore\u015fa jin hate binavkirin \u00fb \u00eero em li ser koka xwe li cewher\u00ea xwe vedigerin \u00fb d\u00eeroka xwe ya azadiy\u00ea, bi bedel, berxwedan \u00fb destan\u00ean lehengiy\u00ea ve diniv\u00ees\u00eenin.<\/p>\n<p>Weke Yek\u00eeney\u00ean Parastina Jin YPJ, em\u00ea mizg\u00eeniya azadiy\u00ea ku bi bihar\u00ea re ge\u015ftir dibe, bidin tevah\u00ee jinan \u00fb gel\u00ean her\u00eam\u00ea. Hem\u00fb qad\u00ean jiyan\u00ea w\u00ea bi cewher \u00fb xemla jin\u00ea re bi wate bibin. Ji bo w\u00ea xwe r\u00eaxistin kirin \u00fb li hember\u00ee m\u00eajiy\u00ea m\u00ear \u015fer kirin, ancax bi parastin\u00ea re gengaz e. Em\u00ea bi v\u00ee reng\u00ee karibin xwe \u00fb \u015fore\u015fa azadiya jin\u00ea domdar \u00fb may\u00eende bikin. li ser v\u00ea bingeh\u00ea em bang li hem\u00fb jinan dikin ku xwe li r\u00eaxistinb\u00fbn\u00ea bip\u00ea\u00e7in, li her qad\u00ea bi parastin\u00ea xwe bi \u00e7ek bikin da ku em <strong>Bi v\u00eena jina azad, her cure pol\u00eet\u00eekay\u00ean qirkirin, dagirker\u00ee \u00fb tecr\u00eed\u00ea t\u00eak bibin, <\/strong>siberoj\u00ean azad \u00fb aram diyar\u00ee tevah\u00ee jinan \u00fb mirovahiy\u00ea bikin.<\/p>\n<p>&nbsp;<\/p>\n<p><strong>Jin, Jiyan, Azad\u00ee <\/strong><\/p>\n<p><strong>Fermandariya Gi\u015ft\u00ee a YPJ\u2019\u00ea <\/strong><\/p>\n<p><strong>08-03-2024<\/strong><\/p>\n<p>&nbsp;<\/p>\n<p><img loading=\"lazy\" decoding=\"async\" class=\"alignnone size-medium wp-image-17849\" src=\"https:\/\/ypjrojava.net\/wp-content\/uploads\/2024\/03\/logo-fermandari-2022-780x441-1-300x170.png\" alt=\"\" width=\"300\" height=\"170\" srcset=\"https:\/\/ypjrojava.net\/wp-content\/uploads\/2024\/03\/logo-fermandari-2022-780x441-1-300x170.png 300w, https:\/\/ypjrojava.net\/wp-content\/uploads\/2024\/03\/logo-fermandari-2022-780x441-1-768x434.png 768w, https:\/\/ypjrojava.net\/wp-content\/uploads\/2024\/03\/logo-fermandari-2022-780x441-1-390x220.png 390w, https:\/\/ypjrojava.net\/wp-content\/uploads\/2024\/03\/logo-fermandari-2022-780x441-1.png 780w\" sizes=\"auto, (max-width: 300px) 100vw, 300px\" \/><\/p>\n","protected":false},"excerpt":{"rendered":"<p>Ji \u00c7apemen\u00ee \u00fb Raya Gi\u015ft\u00ee re &nbsp; Em 8\u2019\u00ea Adar\u00ea roja ser\u00ee hildan \u00fb raper\u00eena jinan, roja berxwedan \u00fb t\u00eako\u015f\u00een\u00ea li hem\u00fb jin\u00ean c\u00eehan\u00ea \u00fb li r\u00eaheval\u00ea her\u00ee rast \u00ea jin\u00ea li R\u00eaber APO p\u00eeroz dikin. Bi boneya v\u00ea roja p\u00eeroz em hem\u00fb \u015feh\u00eed\u00ean \u015fore\u015fa azadiya jin bi b\u00eert\u00eenin \u00fb soza bilindkirina t\u00eako\u015f\u00eena azadiy\u00ea n\u00fb [&hellip;]<\/p>\n","protected":false},"author":1,"featured_media":17849,"comment_status":"open","ping_status":"closed","sticky":false,"template":"","format":"standard","meta":{"footnotes":""},"categories":[39,40],"tags":[],"class_list":{"0":"post-17848","1":"post","2":"type-post","3":"status-publish","4":"format-standard","5":"has-post-thumbnail","7":"category-daxuyani","8":"category-wene"},"_links":{"self":[{"href":"https:\/\/ypjrojava.net\/index.php?rest_route=\/wp\/v2\/posts\/17848","targetHints":{"allow":["GET"]}}],"collection":[{"href":"https:\/\/ypjrojava.net\/index.php?rest_route=\/wp\/v2\/posts"}],"about":[{"href":"https:\/\/ypjrojava.net\/index.php?rest_route=\/wp\/v2\/types\/post"}],"author":[{"embeddable":true,"href":"https:\/\/ypjrojava.net\/index.php?rest_route=\/wp\/v2\/users\/1"}],"replies":[{"embeddable":true,"href":"https:\/\/ypjrojava.net\/index.php?rest_route=%2Fwp%2Fv2%2Fcomments&post=17848"}],"version-history":[{"count":1,"href":"https:\/\/ypjrojava.net\/index.php?rest_route=\/wp\/v2\/posts\/17848\/revisions"}],"predecessor-version":[{"id":17850,"href":"https:\/\/ypjrojava.net\/index.php?rest_route=\/wp\/v2\/posts\/17848\/revisions\/17850"}],"wp:featuredmedia":[{"embeddable":true,"href":"https:\/\/ypjrojava.net\/index.php?rest_route=\/wp\/v2\/media\/17849"}],"wp:attachment":[{"href":"https:\/\/ypjrojava.net\/index.php?rest_route=%2Fwp%2Fv2%2Fmedia&parent=17848"}],"wp:term":[{"taxonomy":"category","embeddable":true,"href":"https:\/\/ypjrojava.net\/index.php?rest_route=%2Fwp%2Fv2%2Fcategories&post=17848"},{"taxonomy":"post_tag","embeddable":true,"href":"https:\/\/ypjrojava.net\/index.php?rest_route=%2Fwp%2Fv2%2Ftags&post=17848"}],"curies":[{"name":"wp","href":"https:\/\/api.w.org\/{rel}","templated":true}]}}