{"id":17875,"date":"2024-03-09T06:40:35","date_gmt":"2024-03-09T06:40:35","guid":{"rendered":"https:\/\/ypjrojava.net\/?p=17875"},"modified":"2024-03-09T06:40:35","modified_gmt":"2024-03-09T06:40:35","slug":"emel-rojava-pewiste-em-bi-xwe-re-li-aliye-hez-vin-u-azadiye-bigerin-u-di-riya-heqiqete-de-cihe-xwe-ye-rast-peyda-bikin","status":"publish","type":"post","link":"https:\/\/ypjrojava.net\/?p=17875","title":{"rendered":"Emel rojava \u2018P\u00eaw\u00eeste em bi xwe re li aliy\u00ea h\u00eaz, v\u00een \u00fb azadiy\u00ea bigerin \u00fb di riya heqiqet\u00ea de cih\u00ea xwe y\u00ea rast peyda bikin\u2019."},"content":{"rendered":"<p><strong>Emel rojava \u2018P\u00eaw\u00eeste em bi xwe re li aliy\u00ea h\u00eaz, v\u00een \u00fb azadiy\u00ea bigerin \u00fb di riya heqiqet\u00ea de cih\u00ea xwe y\u00ea rast peyda bikin\u2019.<\/strong><\/p>\n<p><strong>Nav\u00ea min Emel rojava ye, ez cih\u00ea xwe di nav yek\u00eeney\u00ean parastina jin YPJ\u2019\u00ea de digrim.<\/strong> <strong>Em \u00eero roja 8\u2019\u00ea Adar\u00ea weke roja jin\u00ean c\u00eehan\u00ea bi b\u00eert\u00eenin, ev roj ji bo b\u00eeran\u00eena jin\u00ean t\u00eako\u015fer \u00fb \u015fore\u015fgere ku wan ji bona \u00eeradeya xwe t\u00eako\u015f\u00een dane me\u015fandin. Jinan di sala 1957\u2019an de ji bona ku maf\u00ea xwe bigrin girek\u00ea li dardixin, di v\u00ea girev\u00ea de daxwaza wekhev\u00ee, edalet \u00fb maf\u00ea dengdan\u00ea dikin. L\u00ea bi \u00ear\u00ee\u015fa pol\u00eesan ya li ser kargeha cildir\u00fbn\u00ea re n\u00eaz\u00ee 129 jin t\u00eane \u015fewitandin \u00fb jiyana xwe ji dest didin. Jina t\u00eako\u015fer ya bi nav\u00ea kilara zetk\u00een ji bo b\u00eeran\u00eena wan jinan di konferansa duyem\u00een ya derbar\u00ea rew\u015fa jinan de p\u00ea\u015finyar dike ku ev roj li tevah\u00ee c\u00eehan\u00ea weke Roja Jin\u00ean T\u00eako\u015fer b\u00ea pejirandin. Di asta c\u00eehan de j\u00ee di \u00a0v\u00ea roj\u00ea de nirxdariya li hember jin \u00fb r\u00eazdariya li hember xebat\u00ean w\u00ea y\u00ea ku civak\u00ea p\u00ea ava dike t\u00ea diyar kirin. <\/strong><\/p>\n<p><strong>\u00a0Em wek\u00ee yek\u00eeney\u00ean parastina jin v\u00ea roj\u00ea di heman dem\u00ea de wek\u00ee b\u00eeran\u00een \u00fb nirxdariya li hember ked \u00fb xebat\u00ean YPJ\u2019\u00ea ku di her qad\u00ea de xwed\u00ee teko\u015f\u00eenek\u00ee mezine, her wiha r\u00eaheval\u00ean xwe y\u00ea \u015feh\u00eed ku di berd\u00eala azadiya welat \u00fb jin\u2019\u00ea de de can\u00ea xwe fedakirine, digrin dest.<\/strong><\/p>\n<p><strong>\u00a0Li ser v\u00ee bingeh\u00ee, em li ser nav\u00ea yek\u00eeney\u00ean Parastina Jin roja 8\u2019\u00ea Adar\u00ea \u00a0li hem\u00fb jin\u00ean c\u00eehan\u00ea p\u00eeroz dikin. Wek\u00ee jinek\u00ee Ereb banga min ji hem\u00fb jin\u00ean Ereb re ewe ku li xweb\u00fbna xwe bigerin, aliy\u00ean xwe y\u00ea h\u00eaz, v\u00een \u00fb azadiy\u00ea bib\u00eenin her wiha cih\u00ea xwe y\u00ea rast di pirojrya Neteweya Demokrat\u00eek ya ku bihizr\u00ea R\u00eaber Apo ve hatiye avakirin peyda bikin \u00fb li ser v\u00ea riy\u00ea bime\u015fin. <\/strong><\/p>\n<p><strong>Em pi\u015ftgir\u00ee didin hem\u00fb jin\u00ean ku cih\u00ea xwe di xebat\u00ean Siyas\u00ee, Le\u015fger\u00ee, Abor\u00ee \u00fb meden\u00ee de digrin, dikin.<\/strong><\/p>\n<p><strong>\u201c Wek\u00ee \u015fervan\u00ean yek\u00eeney\u00ean parastina jin em soz didin ku em\u00ea dayim hem\u00fb jinan li hember\u00ee zilm\u00ea \u00fb\u2026. Bipar\u00eazin \u00fb xwed\u00ee li wan derkevin\u201d.<\/strong><\/p>\n<p><strong>Navenda Ragihandina YPJ\u2019\u00ea<\/strong><strong>\u00a0<\/strong><\/p>\n<p><img loading=\"lazy\" decoding=\"async\" class=\"alignnone size-medium wp-image-17876\" src=\"https:\/\/ypjrojava.net\/wp-content\/uploads\/2024\/03\/SERVANA-YPJE-EMEL-ROJAVA-JI-BO-8-ADARE7.3.2024.mp4_snapshot_00.00_2024.03.09_09.36.07-300x169.jpg\" alt=\"\" width=\"300\" height=\"169\" srcset=\"https:\/\/ypjrojava.net\/wp-content\/uploads\/2024\/03\/SERVANA-YPJE-EMEL-ROJAVA-JI-BO-8-ADARE7.3.2024.mp4_snapshot_00.00_2024.03.09_09.36.07-300x169.jpg 300w, https:\/\/ypjrojava.net\/wp-content\/uploads\/2024\/03\/SERVANA-YPJE-EMEL-ROJAVA-JI-BO-8-ADARE7.3.2024.mp4_snapshot_00.00_2024.03.09_09.36.07-1024x576.jpg 1024w, https:\/\/ypjrojava.net\/wp-content\/uploads\/2024\/03\/SERVANA-YPJE-EMEL-ROJAVA-JI-BO-8-ADARE7.3.2024.mp4_snapshot_00.00_2024.03.09_09.36.07-768x432.jpg 768w, https:\/\/ypjrojava.net\/wp-content\/uploads\/2024\/03\/SERVANA-YPJE-EMEL-ROJAVA-JI-BO-8-ADARE7.3.2024.mp4_snapshot_00.00_2024.03.09_09.36.07-1536x864.jpg 1536w, https:\/\/ypjrojava.net\/wp-content\/uploads\/2024\/03\/SERVANA-YPJE-EMEL-ROJAVA-JI-BO-8-ADARE7.3.2024.mp4_snapshot_00.00_2024.03.09_09.36.07-390x220.jpg 390w, https:\/\/ypjrojava.net\/wp-content\/uploads\/2024\/03\/SERVANA-YPJE-EMEL-ROJAVA-JI-BO-8-ADARE7.3.2024.mp4_snapshot_00.00_2024.03.09_09.36.07.jpg 1920w\" sizes=\"auto, (max-width: 300px) 100vw, 300px\" \/><\/p>\n<p><iframe loading=\"lazy\" title=\"\u0627\u0644\u0645\u0642\u0627\u062a\u0644\u0629 \u0623\u0645\u0644 \u0631\u0648\u062c \u0622\u0641\u0627: \u0623\u0647\u0646\u0626 \u062c\u0645\u064a\u0639 \u0627\u0644\u0646\u0633\u0627\u0621 \u0628\u0645\u0646\u0627\u0633\u0628\u0629 \u064a\u0648\u0645 \u0627\u0644\u0645\u0631\u0623\u0629 \u0627\u0644\u0639\u0627\u0644\u0645\u064a\" width=\"696\" height=\"392\" src=\"https:\/\/www.youtube.com\/embed\/uR-nH4m90XQ?feature=oembed\" frameborder=\"0\" allow=\"accelerometer; autoplay; clipboard-write; encrypted-media; gyroscope; picture-in-picture; web-share\" referrerpolicy=\"strict-origin-when-cross-origin\" allowfullscreen><\/iframe><\/p>\n","protected":false},"excerpt":{"rendered":"<p>Emel rojava \u2018P\u00eaw\u00eeste em bi xwe re li aliy\u00ea h\u00eaz, v\u00een \u00fb azadiy\u00ea bigerin \u00fb di riya heqiqet\u00ea de cih\u00ea xwe y\u00ea rast peyda bikin\u2019. Nav\u00ea min Emel rojava ye, ez cih\u00ea xwe di nav yek\u00eeney\u00ean parastina jin YPJ\u2019\u00ea de digrim. Em \u00eero roja 8\u2019\u00ea Adar\u00ea weke roja jin\u00ean c\u00eehan\u00ea bi b\u00eert\u00eenin, ev roj ji [&hellip;]<\/p>\n","protected":false},"author":1,"featured_media":17876,"comment_status":"open","ping_status":"closed","sticky":false,"template":"","format":"standard","meta":{"footnotes":""},"categories":[41,38,40],"tags":[],"class_list":{"0":"post-17875","1":"post","2":"type-post","3":"status-publish","4":"format-standard","5":"has-post-thumbnail","7":"category-dimen","8":"category-nuce","9":"category-wene"},"_links":{"self":[{"href":"https:\/\/ypjrojava.net\/index.php?rest_route=\/wp\/v2\/posts\/17875","targetHints":{"allow":["GET"]}}],"collection":[{"href":"https:\/\/ypjrojava.net\/index.php?rest_route=\/wp\/v2\/posts"}],"about":[{"href":"https:\/\/ypjrojava.net\/index.php?rest_route=\/wp\/v2\/types\/post"}],"author":[{"embeddable":true,"href":"https:\/\/ypjrojava.net\/index.php?rest_route=\/wp\/v2\/users\/1"}],"replies":[{"embeddable":true,"href":"https:\/\/ypjrojava.net\/index.php?rest_route=%2Fwp%2Fv2%2Fcomments&post=17875"}],"version-history":[{"count":1,"href":"https:\/\/ypjrojava.net\/index.php?rest_route=\/wp\/v2\/posts\/17875\/revisions"}],"predecessor-version":[{"id":17877,"href":"https:\/\/ypjrojava.net\/index.php?rest_route=\/wp\/v2\/posts\/17875\/revisions\/17877"}],"wp:featuredmedia":[{"embeddable":true,"href":"https:\/\/ypjrojava.net\/index.php?rest_route=\/wp\/v2\/media\/17876"}],"wp:attachment":[{"href":"https:\/\/ypjrojava.net\/index.php?rest_route=%2Fwp%2Fv2%2Fmedia&parent=17875"}],"wp:term":[{"taxonomy":"category","embeddable":true,"href":"https:\/\/ypjrojava.net\/index.php?rest_route=%2Fwp%2Fv2%2Fcategories&post=17875"},{"taxonomy":"post_tag","embeddable":true,"href":"https:\/\/ypjrojava.net\/index.php?rest_route=%2Fwp%2Fv2%2Ftags&post=17875"}],"curies":[{"name":"wp","href":"https:\/\/api.w.org\/{rel}","templated":true}]}}