{"id":17878,"date":"2024-03-09T07:22:33","date_gmt":"2024-03-09T07:22:33","guid":{"rendered":"https:\/\/ypjrojava.net\/?p=17878"},"modified":"2024-03-09T07:22:33","modified_gmt":"2024-03-09T07:22:33","slug":"rengin-tebqa-jinan-di-her-qaden-leskeri-u-civaki-de-hejayiya-xwe-ispat-kiriye","status":"publish","type":"post","link":"https:\/\/ypjrojava.net\/?p=17878","title":{"rendered":"Reng\u00een Tebqa: &#8220;Jinan di her qad\u00ean le\u015fker\u00ee \u00fb civak\u00ee de h\u00eajayiya xwe \u00eespat kiriye.&#8221;"},"content":{"rendered":"<p><strong>\u00a0<\/strong><\/p>\n<p><strong>Reng\u00een Tebqa: &#8220;Jinan di her qad\u00ean le\u015fker\u00ee \u00fb civak\u00ee de h\u00eajayiya xwe \u00eespat kiriye.&#8221;<\/strong><\/p>\n<p>Nav\u00ea min Reng\u00een Tebqa ye, ez cih\u00ea xwe di nava Yek\u00eeney\u00ean Parastina Jin de digirim, bi boneya Roja Jin\u00ean Kedkar \u00ean C\u00eehan\u00ea em v\u00ea roj\u00ea li hem\u00fb jin\u00ean Rojhilata Nav\u00een \u00fb c\u00eehan\u00ea p\u00eeroz dikin. Jin b\u00fbne xwed\u00ee \u00eerade, daxwaza azad\u00ee \u00fb maf\u00ean xwe dikin \u00fb bi biryar li p\u00ea\u015fber\u00ee zihniyeta m\u00ear rawestiyane ku xwe azad bikin. Dema em behsa azadiy\u00ea dikin, ev t\u00eagehek ne teng e ku di hin civakan de t\u00ea d\u00eetin, azad\u00ee ew e ku jin bi \u00eeradeyek bih\u00eaz maf\u00ean xwe bi kar b\u00eene \u00fb di hem\u00fb qadan de bibe p\u00ea\u015feng, dikare hem\u00fb maf\u00ean xwe bixwaze \u00fb bipar\u00eaze. di saziy\u00ean le\u015fker\u00ee \u00fb siv\u00eel de rola xwe bil\u00eezin \u00fb jin cih\u00ea xwe di hevserokatiy\u00ea de bigirin. Jinan \u00eero di hem\u00fb qad\u00ean le\u015fker\u00ee \u00fb civak\u00ee de q\u00eemeta xwe \u00eesbat kiriye, di eniy\u00ean \u015fer de j\u00ee rola xwe di nava Yek\u00eeney\u00ean Parastina Jin de parastiye. Dema em di heman dem\u00ea de behsa jin\u00ean Ereb dikin, em behsa hem\u00fb jin\u00ean c\u00eehan\u00ea dikin, ji ber ku jin di civaka Ereb de \u00ead\u00ee dikarin xwe azad bikin, xwe \u00eefade bikin \u00fb saziyan bir\u00eave bibin. Pi\u015ft\u00ee ku siya DAI\u015e a teror\u00eest ji hol\u00ea hat rakirin, jinan kar\u00een gelek zehmetiy\u00ean xwe y\u00ean di nava civak\u00ea de derbas bikin. Bi saya fikr\u00ea ron\u00ee y\u00ea R\u00eaber Abdullah Ocalan \u00fb \u015feh\u00eed\u00ean jin \u00ean ku ji bo me b\u00fbne m\u00eenak, weke \u015feh\u00eed Rojb\u00een Ereb, r\u00eahevaleke Ereb e ku nav\u00ea w\u00ea di d\u00eerok\u00ea de di nava r\u00fbpel\u00ean xwe y\u00ean giranbiha de cih girtiye. navend \u00fb dezgeh\u00ean le\u015fker\u00ee niha bi nav\u00ea w\u00ea t\u00ea gotin. Em bi van destkeft\u00ee \u00fb nirx\u00ean \u015feh\u00eed\u00ean xwe serbilind in. Rastiya ku jin\u00ean Ereb di civak\u00ea de bi gelek urf \u00fb adet\u00ean kevnar hatine bir\u00eavebirin. Bi salan jin p\u00ea\u015f ketin \u00fb kar\u00eeb\u00fbn ji van bandoran xilas bibin. \u00cad\u00ee jin dikarin cil \u00fb berg\u00ean le\u015fker\u00ee li xwe bikin \u00fb bi\u00e7in eniy\u00ean \u015fer li dij\u00ee dijmin \u015fer bikin \u00fb di her derdor de bi awayek\u00ee azad fikr\u00ean xwe b\u00eenin ziman.<\/p>\n<p>\u201cEm \u00ea ji bo nirx\u00ean \u015fore\u015f\u00ea, \u015feh\u00eed\u00ean xwe \u00fb hevr\u00eay\u00ean xwe berxwedan \u00fb t\u00eako\u015f\u00eena xwe bidom\u00eenin \u00fb roja c\u00eehan\u00ee ya jinan careke din li jin\u00ean Bakur \u00fb Rojhilat\u00ea S\u00fbriy\u00ea \u00fb hem\u00fb c\u00eehan\u00ea p\u00eeroz dikin.\u201d<\/p>\n<p><strong>Navenda Ragihandina YPJ<\/strong><\/p>\n<p><img loading=\"lazy\" decoding=\"async\" class=\"alignnone size-medium wp-image-17879\" src=\"https:\/\/ypjrojava.net\/wp-content\/uploads\/2024\/03\/SERVANA-YPJE-RENGIN-TEPQA-JI-BO-8-ADARE-7.3.2024.mp4_snapshot_00.02_2024.03.09_09.53.17-300x169.jpg\" alt=\"\" width=\"300\" height=\"169\" srcset=\"https:\/\/ypjrojava.net\/wp-content\/uploads\/2024\/03\/SERVANA-YPJE-RENGIN-TEPQA-JI-BO-8-ADARE-7.3.2024.mp4_snapshot_00.02_2024.03.09_09.53.17-300x169.jpg 300w, https:\/\/ypjrojava.net\/wp-content\/uploads\/2024\/03\/SERVANA-YPJE-RENGIN-TEPQA-JI-BO-8-ADARE-7.3.2024.mp4_snapshot_00.02_2024.03.09_09.53.17-1024x576.jpg 1024w, https:\/\/ypjrojava.net\/wp-content\/uploads\/2024\/03\/SERVANA-YPJE-RENGIN-TEPQA-JI-BO-8-ADARE-7.3.2024.mp4_snapshot_00.02_2024.03.09_09.53.17-768x432.jpg 768w, https:\/\/ypjrojava.net\/wp-content\/uploads\/2024\/03\/SERVANA-YPJE-RENGIN-TEPQA-JI-BO-8-ADARE-7.3.2024.mp4_snapshot_00.02_2024.03.09_09.53.17-1536x864.jpg 1536w, https:\/\/ypjrojava.net\/wp-content\/uploads\/2024\/03\/SERVANA-YPJE-RENGIN-TEPQA-JI-BO-8-ADARE-7.3.2024.mp4_snapshot_00.02_2024.03.09_09.53.17-390x220.jpg 390w, https:\/\/ypjrojava.net\/wp-content\/uploads\/2024\/03\/SERVANA-YPJE-RENGIN-TEPQA-JI-BO-8-ADARE-7.3.2024.mp4_snapshot_00.02_2024.03.09_09.53.17.jpg 1920w\" sizes=\"auto, (max-width: 300px) 100vw, 300px\" \/><\/p>\n<p><iframe loading=\"lazy\" title=\"\u0627\u0644\u0645\u0642\u0627\u062a\u0644\u0629 \u0631\u0646\u0643\u064a\u0646 \u0637\u0628\u0642\u0629 &quot; \u0623\u062b\u0628\u062a\u062a \u0627\u0644\u0645\u0631\u0623\u0629 \u062c\u062f\u0627\u0631\u062a\u0647\u0627 \u0641\u064a \u0643\u0627\u0641\u0629 \u0627\u0644\u0645\u062c\u0627\u0644\u0627\u062a \u0627\u0644\u0639\u0633\u0643\u0631\u064a\u0629 \u0645\u0646\u0647\u0627 \u0648 \u0627\u0644\u0645\u062f\u0646\u064a\u0629&quot;\" width=\"696\" height=\"392\" src=\"https:\/\/www.youtube.com\/embed\/VIc3c1bFN7M?feature=oembed\" frameborder=\"0\" allow=\"accelerometer; autoplay; clipboard-write; encrypted-media; gyroscope; picture-in-picture; web-share\" referrerpolicy=\"strict-origin-when-cross-origin\" allowfullscreen><\/iframe><\/p>\n","protected":false},"excerpt":{"rendered":"<p>\u00a0 Reng\u00een Tebqa: &#8220;Jinan di her qad\u00ean le\u015fker\u00ee \u00fb civak\u00ee de h\u00eajayiya xwe \u00eespat kiriye.&#8221; Nav\u00ea min Reng\u00een Tebqa ye, ez cih\u00ea xwe di nava Yek\u00eeney\u00ean Parastina Jin de digirim, bi boneya Roja Jin\u00ean Kedkar \u00ean C\u00eehan\u00ea em v\u00ea roj\u00ea li hem\u00fb jin\u00ean Rojhilata Nav\u00een \u00fb c\u00eehan\u00ea p\u00eeroz dikin. Jin b\u00fbne xwed\u00ee \u00eerade, daxwaza azad\u00ee [&hellip;]<\/p>\n","protected":false},"author":1,"featured_media":17879,"comment_status":"open","ping_status":"closed","sticky":false,"template":"","format":"standard","meta":{"footnotes":""},"categories":[41,38,40],"tags":[],"class_list":{"0":"post-17878","1":"post","2":"type-post","3":"status-publish","4":"format-standard","5":"has-post-thumbnail","7":"category-dimen","8":"category-nuce","9":"category-wene"},"_links":{"self":[{"href":"https:\/\/ypjrojava.net\/index.php?rest_route=\/wp\/v2\/posts\/17878","targetHints":{"allow":["GET"]}}],"collection":[{"href":"https:\/\/ypjrojava.net\/index.php?rest_route=\/wp\/v2\/posts"}],"about":[{"href":"https:\/\/ypjrojava.net\/index.php?rest_route=\/wp\/v2\/types\/post"}],"author":[{"embeddable":true,"href":"https:\/\/ypjrojava.net\/index.php?rest_route=\/wp\/v2\/users\/1"}],"replies":[{"embeddable":true,"href":"https:\/\/ypjrojava.net\/index.php?rest_route=%2Fwp%2Fv2%2Fcomments&post=17878"}],"version-history":[{"count":1,"href":"https:\/\/ypjrojava.net\/index.php?rest_route=\/wp\/v2\/posts\/17878\/revisions"}],"predecessor-version":[{"id":17880,"href":"https:\/\/ypjrojava.net\/index.php?rest_route=\/wp\/v2\/posts\/17878\/revisions\/17880"}],"wp:featuredmedia":[{"embeddable":true,"href":"https:\/\/ypjrojava.net\/index.php?rest_route=\/wp\/v2\/media\/17879"}],"wp:attachment":[{"href":"https:\/\/ypjrojava.net\/index.php?rest_route=%2Fwp%2Fv2%2Fmedia&parent=17878"}],"wp:term":[{"taxonomy":"category","embeddable":true,"href":"https:\/\/ypjrojava.net\/index.php?rest_route=%2Fwp%2Fv2%2Fcategories&post=17878"},{"taxonomy":"post_tag","embeddable":true,"href":"https:\/\/ypjrojava.net\/index.php?rest_route=%2Fwp%2Fv2%2Ftags&post=17878"}],"curies":[{"name":"wp","href":"https:\/\/api.w.org\/{rel}","templated":true}]}}