{"id":17890,"date":"2024-03-10T11:38:42","date_gmt":"2024-03-10T11:38:42","guid":{"rendered":"https:\/\/ypjrojava.net\/?p=17890"},"modified":"2024-03-10T11:38:43","modified_gmt":"2024-03-10T11:38:43","slug":"delegasyona-rojava-li-italyaye-bi-baldari-hate-peswazikirin","status":"publish","type":"post","link":"https:\/\/ypjrojava.net\/?p=17890","title":{"rendered":"Delegasyona \u00a0Rojava Li \u00cetalyay\u00ea Bi Baldar\u00ee Hate P\u00ea\u015fwaz\u00eekirin"},"content":{"rendered":"<p><strong>Delegasyona \u00a0Rojava Li <\/strong><strong>\u00cetalyay\u00ea Bi Baldar\u00ee Hate P\u00ea\u015fwaz\u00eekirin <\/strong><\/p>\n<p><strong>N\u00fbner\u00ean R\u00eavebiriya Xweser \u00fb Berdevka YPJ&#8217;\u00ea Ruksen Mihemed dan\u00fbstandin\u00ean xwe y\u00ean li \u00eetalyay\u00ea bi baldar\u00ee dewam dikin. Endam\u00ean \u015fandey\u00ea pi\u015ft\u00ee hehd\u00eetin\u00ean d\u00eeblomat\u00eek bi dost\u00ean \u00eetalyayi re hevd\u00eetin kirin. <\/strong><\/p>\n<p><strong>ROMA<\/strong><\/p>\n<p>\u00c7alakiya destp\u00eak\u00ea ya \u015fandey\u00ea di 6&#8217;\u00ea Adar\u00ea de bi dir\u00fb\u015fma &#8216;Em Rojava bipar\u00eazin&#8217; li Romay\u00ea p\u00eak hat. Rete Kurdistan, Buroya Enformasyon\u00ea ya Kurdistan\u00ea \u00fb D\u00eenamo Press\u00ea \u00e7alak\u00ee bir\u00eaxistin kirin \u00fb n\u00fbner\u00ean Rojava qala deh sal\u00ean \u015fore\u015f\u00ea kirin.<\/p>\n<p>Abdulker\u00eem Omer bi nav\u00ea R\u00eaveberiya Xweser a Bakur \u00fb Rojhilat\u00ea S\u00fbriyey\u00ea axiv\u00ee \u00fb behsa p\u00eavajoya nvi\u00eesandina peymana civak\u00ee kir ku di Kan\u00fbna 2023&#8217;an de hate ragihandin.<\/p>\n<p>Omer diayr kir ku peymana civak\u00ee bi \u00eeradeya hem\u00fb bawer\u00ee, gel \u00fb be\u015f\u00ean civak\u00ea hate amadekirin \u00fb got, &#8220;M\u00eenaka v\u00ea yek\u00ea n\u00eene.&#8221;<\/p>\n<p>Berdevka YPJ&#8217;\u00ea R\u00fbksen Mihemed j\u00ee bal ki\u015fand ser tecr\u00eedkirina R\u00eaber\u00ea Gel\u00ea Kurd Abdullah Ocalan ku weke &#8216;m\u00eemar\u00ea \u015fore\u015fa jin\u00ea&#8217; p\u00eanase kir.<\/p>\n<p>R\u00fbksen Mihemed her wiha bi b\u00eer xist ku gel\u00ea \u00cetalyay\u00ea ji berxwedana Koban\u00ea \u00fb vir ve pi\u015ftgiriya wan dike, lewma ev yek ji bo wan \u00e7avkaniyeke mezin a moral\u00ea ye.<\/p>\n<p><strong>TOR\u00ceNO<\/strong><\/p>\n<p>Endam\u00ean \u015fandey\u00ea 7&#8217;\u00ea Adar\u00ea li Tor\u00eenoy\u00ea be\u015fdar\u00ee \u00e7alakiya ARCI Tor\u00eeno b\u00fb ku akt\u00eev\u00eest\u00ean Fr\u00eedays For F\u00fbt\u00fbre p\u00ea\u015feng\u00ee j\u00ea re kirin.<\/p>\n<p>Di \u00e7alakiy\u00ea de ku piraniya be\u015fdaran ciwan b\u00fbn, li gel endam\u00ean \u015fandey\u00ea al\u00eekar\u00ea serok\u00ea koma Tifaqa \u00c7ep Kesk Marco Gr\u00eemald\u00ee axiv\u00ee.<\/p>\n<p>Gr\u00eemald\u00ee neraz\u00eeb\u00fbn n\u00ee\u015fan\u00ee hikumeta \u00cetalyay\u00ea \u00fb dewlet\u00ean Ewrop\u00ee da ku r\u00eaveberiya Bakur \u00fb Rojhilat\u00ea S\u00fbriyey\u00ea ya ku li dij\u00ee DA\u00ce\u015e&#8217;\u00ea t\u00eako\u015fiya, bi ten\u00ea hi\u015ftin.<\/p>\n<p>Gr\u00eemald\u00ee pol\u00eet\u00eekay\u00ean dewleta Tirk \u00ean li ser dagirker\u00ee \u00fb tecr\u00eed\u00ea rexne kir \u00fb got, ev yek bandor\u00ea li s\u00eestema Rojava dike.<\/p>\n<p>Berdevka YPJ&#8217;\u00ea R\u00fbksen Mihemed j\u00ee bal ki\u015fand ser \u00ear\u00ee\u015f\u00ean dewleta Tirk \u00fb got, &#8220;Her dewlet\u00ean ku \u00e7ek\u00ea difiro\u015fe Tirkiyey\u00ea hevpar\u00ea van \u00ear\u00ee\u015fan e.&#8221; \u00c7alak\u00ee bi dir\u00fb\u015fma &#8216;Jin, Jiyan, Azad\u00ee&#8217; bi daw\u00ee b\u00fb.<\/p>\n<p><strong>M\u00ceLANO<\/strong><\/p>\n<p>\u00c7alakiya li M\u00eelanoy\u00ea j\u00ee li mala jin\u00ea (Casa delle donna) p\u00eak hat \u00fb \u015earedariya Berceto m\u00eavandar\u00ee j\u00ea re kir.<\/p>\n<p>R\u00fbksen Mihemed di \u00e7alakiya bi mijara &#8216;Di p\u00eavajoy\u00ean \u015fer de jin&#8217; axiv\u00ee \u00fb an\u00ee ziman ku xweparastina jin\u00ea div\u00ea ji aliy\u00ea f\u00eez\u00eek\u00ee \u00fb \u00eedeoloj\u00eek ve bi temam\u00ee b\u00ea f\u00eahmkirin.<\/p>\n<p>R\u00fbksen Mihemed ragihand ku tecr\u00fbbeya xweparastin\u00ea ya li Rojava b\u00fbye \u00e7avkaniya s\u00fbdwergirtin\u00ea ji bo hem\u00fb jinan \u00fb destn\u00ee\u015fan kir ku di nava deh sal\u00ean derbasb\u00fby\u00ee de qad\u00ean jiyan\u00ea \u00fb t\u00eakiliy\u00ean civak\u00ee bi reng\u00ea jin\u00ea hatine guhertin. Be\u015fdaran bi baldar\u00ee li R\u00fbksen Mihemed guhdar\u00ee kirin \u00fb \u00e7alak\u00ee pi\u015ftre bi pirs \u00fb bersiv\u00ea dewam kir.<\/p>\n<p><strong>BERCETO<\/strong><\/p>\n<p>\u00c7alakiya daw\u00ee j\u00ee li \u015earedariya Bercetoy\u00ea hate lidarxistin. Di \u00e7alakiy\u00ea de ku li \u015eanoya Ciwanan a \u015earedariya Bercetoy\u00ea p\u00eak hat, destp\u00eak\u00ea li ser felsefeya dir\u00fb\u015fma &#8216;Jin, Jiyan, Azad\u00ee&#8217; nirxandin hate kirin. Berdevka YPJ&#8217;\u00ea R\u00fbksen Mihemed destn\u00ee\u015fan kir ku ev felsefe li Rojava \u015f\u00eanber b\u00fbye.<\/p>\n<p>Pi\u015ft\u00ee axaftinan koma bi nav\u00ea Compagn\u00eea Teatrale l\u00eestika xwe ya bi nav\u00ea lo Vado Madre (Ez di\u00e7im day\u00ea!) p\u00ea\u015fk\u00ea\u015f kir. Di l\u00eestik\u00ea de qala tevl\u00eeb\u00fbna jinan a li \u015fore\u015fa Rojava hate kirin, ku Alberto Bedesch\u00ee derh\u00eaner\u00ee j\u00ea re kir \u00fb muz\u00eek\u00ean w\u00ea j\u00ee ji aliy\u00ea \u00cesabella Del Fag\u00eeo ve hatin amadekirin.<\/p>\n<p><strong>Navenda Ragihandina YPJ<\/strong><\/p>\n<p><img loading=\"lazy\" decoding=\"async\" class=\"alignnone size-medium wp-image-17892\" src=\"https:\/\/ypjrojava.net\/wp-content\/uploads\/2024\/03\/20240310-whatsapp-image-2024-03-10-at-08-44-02-jpeg1d939c-image-300x225.jpg\" alt=\"\" width=\"300\" height=\"225\" srcset=\"https:\/\/ypjrojava.net\/wp-content\/uploads\/2024\/03\/20240310-whatsapp-image-2024-03-10-at-08-44-02-jpeg1d939c-image-300x225.jpg 300w, https:\/\/ypjrojava.net\/wp-content\/uploads\/2024\/03\/20240310-whatsapp-image-2024-03-10-at-08-44-02-jpeg1d939c-image-1024x768.jpg 1024w, https:\/\/ypjrojava.net\/wp-content\/uploads\/2024\/03\/20240310-whatsapp-image-2024-03-10-at-08-44-02-jpeg1d939c-image-768x576.jpg 768w, https:\/\/ypjrojava.net\/wp-content\/uploads\/2024\/03\/20240310-whatsapp-image-2024-03-10-at-08-44-02-jpeg1d939c-image-1536x1152.jpg 1536w, https:\/\/ypjrojava.net\/wp-content\/uploads\/2024\/03\/20240310-whatsapp-image-2024-03-10-at-08-44-02-jpeg1d939c-image.jpg 1600w\" sizes=\"auto, (max-width: 300px) 100vw, 300px\" \/> <img loading=\"lazy\" decoding=\"async\" class=\"alignnone size-medium wp-image-17893\" src=\"https:\/\/ypjrojava.net\/wp-content\/uploads\/2024\/03\/20240310-whatsapp-image-2024-03-10-at-08-45-20-jpeg9b8378-image-300x225.jpg\" alt=\"\" width=\"300\" height=\"225\" srcset=\"https:\/\/ypjrojava.net\/wp-content\/uploads\/2024\/03\/20240310-whatsapp-image-2024-03-10-at-08-45-20-jpeg9b8378-image-300x225.jpg 300w, https:\/\/ypjrojava.net\/wp-content\/uploads\/2024\/03\/20240310-whatsapp-image-2024-03-10-at-08-45-20-jpeg9b8378-image-1024x768.jpg 1024w, https:\/\/ypjrojava.net\/wp-content\/uploads\/2024\/03\/20240310-whatsapp-image-2024-03-10-at-08-45-20-jpeg9b8378-image-768x576.jpg 768w, https:\/\/ypjrojava.net\/wp-content\/uploads\/2024\/03\/20240310-whatsapp-image-2024-03-10-at-08-45-20-jpeg9b8378-image-1536x1152.jpg 1536w, https:\/\/ypjrojava.net\/wp-content\/uploads\/2024\/03\/20240310-whatsapp-image-2024-03-10-at-08-45-20-jpeg9b8378-image.jpg 1600w\" sizes=\"auto, (max-width: 300px) 100vw, 300px\" \/> <img loading=\"lazy\" decoding=\"async\" class=\"alignnone size-medium wp-image-17894\" src=\"https:\/\/ypjrojava.net\/wp-content\/uploads\/2024\/03\/20240310-whatsapp-image-2024-03-10-at-08-45-39-1-jpege0ec46-image-300x225.jpg\" alt=\"\" width=\"300\" height=\"225\" srcset=\"https:\/\/ypjrojava.net\/wp-content\/uploads\/2024\/03\/20240310-whatsapp-image-2024-03-10-at-08-45-39-1-jpege0ec46-image-300x225.jpg 300w, https:\/\/ypjrojava.net\/wp-content\/uploads\/2024\/03\/20240310-whatsapp-image-2024-03-10-at-08-45-39-1-jpege0ec46-image-1024x768.jpg 1024w, https:\/\/ypjrojava.net\/wp-content\/uploads\/2024\/03\/20240310-whatsapp-image-2024-03-10-at-08-45-39-1-jpege0ec46-image-768x576.jpg 768w, https:\/\/ypjrojava.net\/wp-content\/uploads\/2024\/03\/20240310-whatsapp-image-2024-03-10-at-08-45-39-1-jpege0ec46-image-1536x1152.jpg 1536w, https:\/\/ypjrojava.net\/wp-content\/uploads\/2024\/03\/20240310-whatsapp-image-2024-03-10-at-08-45-39-1-jpege0ec46-image.jpg 1600w\" sizes=\"auto, (max-width: 300px) 100vw, 300px\" \/> <img loading=\"lazy\" decoding=\"async\" class=\"alignnone size-medium wp-image-17891\" src=\"https:\/\/ypjrojava.net\/wp-content\/uploads\/2024\/03\/20240310-20240310-whatsapp-image-2024-03-10-at-08-42-26-jpeg3a83b4-image-jpgdd28db-image-300x168.jpg\" alt=\"\" width=\"300\" height=\"168\" srcset=\"https:\/\/ypjrojava.net\/wp-content\/uploads\/2024\/03\/20240310-20240310-whatsapp-image-2024-03-10-at-08-42-26-jpeg3a83b4-image-jpgdd28db-image-300x168.jpg 300w, https:\/\/ypjrojava.net\/wp-content\/uploads\/2024\/03\/20240310-20240310-whatsapp-image-2024-03-10-at-08-42-26-jpeg3a83b4-image-jpgdd28db-image-768x431.jpg 768w, https:\/\/ypjrojava.net\/wp-content\/uploads\/2024\/03\/20240310-20240310-whatsapp-image-2024-03-10-at-08-42-26-jpeg3a83b4-image-jpgdd28db-image-390x220.jpg 390w, https:\/\/ypjrojava.net\/wp-content\/uploads\/2024\/03\/20240310-20240310-whatsapp-image-2024-03-10-at-08-42-26-jpeg3a83b4-image-jpgdd28db-image.jpg 990w\" sizes=\"auto, (max-width: 300px) 100vw, 300px\" \/><\/p>\n","protected":false},"excerpt":{"rendered":"<p>Delegasyona \u00a0Rojava Li \u00cetalyay\u00ea Bi Baldar\u00ee Hate P\u00ea\u015fwaz\u00eekirin N\u00fbner\u00ean R\u00eavebiriya Xweser \u00fb Berdevka YPJ&#8217;\u00ea Ruksen Mihemed dan\u00fbstandin\u00ean xwe y\u00ean li \u00eetalyay\u00ea bi baldar\u00ee dewam dikin. Endam\u00ean \u015fandey\u00ea pi\u015ft\u00ee hehd\u00eetin\u00ean d\u00eeblomat\u00eek bi dost\u00ean \u00eetalyayi re hevd\u00eetin kirin. ROMA \u00c7alakiya destp\u00eak\u00ea ya \u015fandey\u00ea di 6&#8217;\u00ea Adar\u00ea de bi dir\u00fb\u015fma &#8216;Em Rojava bipar\u00eazin&#8217; li Romay\u00ea p\u00eak hat. Rete [&hellip;]<\/p>\n","protected":false},"author":1,"featured_media":17891,"comment_status":"open","ping_status":"closed","sticky":false,"template":"","format":"standard","meta":{"footnotes":""},"categories":[38,40],"tags":[],"class_list":{"0":"post-17890","1":"post","2":"type-post","3":"status-publish","4":"format-standard","5":"has-post-thumbnail","7":"category-nuce","8":"category-wene"},"_links":{"self":[{"href":"https:\/\/ypjrojava.net\/index.php?rest_route=\/wp\/v2\/posts\/17890","targetHints":{"allow":["GET"]}}],"collection":[{"href":"https:\/\/ypjrojava.net\/index.php?rest_route=\/wp\/v2\/posts"}],"about":[{"href":"https:\/\/ypjrojava.net\/index.php?rest_route=\/wp\/v2\/types\/post"}],"author":[{"embeddable":true,"href":"https:\/\/ypjrojava.net\/index.php?rest_route=\/wp\/v2\/users\/1"}],"replies":[{"embeddable":true,"href":"https:\/\/ypjrojava.net\/index.php?rest_route=%2Fwp%2Fv2%2Fcomments&post=17890"}],"version-history":[{"count":1,"href":"https:\/\/ypjrojava.net\/index.php?rest_route=\/wp\/v2\/posts\/17890\/revisions"}],"predecessor-version":[{"id":17895,"href":"https:\/\/ypjrojava.net\/index.php?rest_route=\/wp\/v2\/posts\/17890\/revisions\/17895"}],"wp:featuredmedia":[{"embeddable":true,"href":"https:\/\/ypjrojava.net\/index.php?rest_route=\/wp\/v2\/media\/17891"}],"wp:attachment":[{"href":"https:\/\/ypjrojava.net\/index.php?rest_route=%2Fwp%2Fv2%2Fmedia&parent=17890"}],"wp:term":[{"taxonomy":"category","embeddable":true,"href":"https:\/\/ypjrojava.net\/index.php?rest_route=%2Fwp%2Fv2%2Fcategories&post=17890"},{"taxonomy":"post_tag","embeddable":true,"href":"https:\/\/ypjrojava.net\/index.php?rest_route=%2Fwp%2Fv2%2Ftags&post=17890"}],"curies":[{"name":"wp","href":"https:\/\/api.w.org\/{rel}","templated":true}]}}