{"id":17903,"date":"2024-03-12T05:59:36","date_gmt":"2024-03-12T05:59:36","guid":{"rendered":"https:\/\/ypjrojava.net\/?p=17903"},"modified":"2024-03-12T05:59:36","modified_gmt":"2024-03-12T05:59:36","slug":"jin-cavkaniya-jiyane-ya-heri-piroz-e","status":"publish","type":"post","link":"https:\/\/ypjrojava.net\/?p=17903","title":{"rendered":"Jin \u00c7avkaniya Jiyan\u00ea Ya Her\u00ee P\u00eeroz E"},"content":{"rendered":"<p><strong>Jin \u00c7avkaniya Jiyan\u00ea Ya Her\u00ee P\u00eeroz E<\/strong><\/p>\n<p><strong>Akademiya \u015eeh\u00eed Rustem C\u00fbd\u00ee<\/strong><\/p>\n<p><strong>Taxima \u015eeh\u00eed Den\u00eez Tolhildan<\/strong><\/p>\n<p><strong>\u00a0<\/strong><\/p>\n<p>8\u2019\u00ea Adar\u00ea roja jin\u00ean kedkar \u00ea c\u00eehan\u00ea p\u00eeroz be. Em v\u00ea roj\u00ea di ser\u00ee li R\u00eaber Apo, R\u00eaheval\u00ean xwe y\u00ean \u015feh\u00eed, hem\u00fb jin\u00ean azad\u00eexwaz p\u00eeroz dikin.<\/p>\n<p>R\u00eabert\u00ee di zaroktiya xwe de dest av\u00eat p\u00ea\u015fengtiya ti\u015ft\u00ean ku bala w\u00ee dik\u015f\u00eene. Ji tu nakokiyan nareve, an j\u00ee ji ned\u00eet\u00ee nay\u00ea. Tim li pey nakokiy\u00ean xwe dikeve. Yek ji mijara ku bala w\u00ee diki\u015f\u00eene, heta p\u00ea h\u00ears dibe mijara jin\u00ea ye. Kolet\u00ee \u00fb bindestiya jin\u00ea R\u00eabert\u00ee pir h\u00ears dike. Jin, \u00e7awa dikare bij\u00ee, \u00e7awa dikare bibe xwed\u00ee maf \u00fb \u00eeradeyeke azad, li ser van mijaran disekine. \u00c7eka ku R\u00eabert\u00ee da dest\u00ea me jinan \u2018\u00cedeolojiya Azadiya Jin\u00ea ye\u2019. Ji bona ku em bibin mil\u00eetan\u00ean p\u00ea\u015feng, p\u00eaw\u00eeste di her al\u00ee de t\u00ear \u00fb t\u00eej\u00ee t\u00eako\u015f\u00een bikin. Ji bo v\u00ea j\u00ee f\u00eamkirina \u00eedeolojiya azadiya jin\u00ea pir gir\u00eeng e. Div\u00ea em jin\u00ean t\u00eako\u015fer di aliy\u00ea fikir, hest \u00fb t\u00eako\u015f\u00een de bibin weke pola.<\/p>\n<p>R\u00eaber Apo di dahurandin\u00ean xwe de t\u00eene ziman ku \u201cji bo jiyaneke berfireh xwe biafir\u00eenin\u201d. \u00a0Wiha j\u00ee dema jin\u00ea bi dest digire, di heman ast\u00ea de jin\u00ea bi jiyan\u00ea re dike yek. Bi v\u00ea nirxandin\u00ea re em j\u00ee f\u00ear b\u00fbn ku div\u00ea em t\u00eako\u015f\u00een\u00ea bi reng\u00ea azadiy\u00ea bixemil\u00eenin.<\/p>\n<p>Gelek f\u00eelozof\u00ean c\u00eehan\u00ea derketin, l\u00ea nekar\u00een aqil\u00ea m\u00ear derbas bikin. Li k\u00ealeka we j\u00ee qet nefikir\u00een ku \u015fore\u015fa jin\u00ea p\u00ea\u015f bixin. R\u00eabert\u00ee li k\u00ealeka van hem\u00fb ti\u015ftan \u2018\u015eore\u015fa jin\u00ea\u2019 xistiye rojeva me. Erka p\u00eakan\u00een\u00ea daye me. Wiha j\u00ee bi bilindkirina jin\u00ea re dixwaze civak\u00ea rizgar bike. \u00c7awa ku yekem\u00een \u015fore\u015fa civakb\u00fbn\u00ea bi jin\u00ea destp\u00eakiriye, \u00eero j\u00ee \u015fore\u015fa civak\u00ee bi \u015fore\u015fa jin\u00ea p\u00eakan e.<\/p>\n<p>Yek ji sedem\u00ean h\u00earsa dijmin li berbamber\u00ee R\u00eabert\u00ee j\u00ee eve ku R\u00eabert\u00ee jin ji pergala desthilatdar rizgar kiriye. R\u00eabert\u00ee ji bo jin\u00ea b\u00eene asta art\u00ea\u015fb\u00fbn\u00ea \u00fb part\u00eeb\u00fbn\u00ea ked\u00ean b\u00eahempa daye. Ji bona w\u00ea j\u00ee div\u00ea em wek jin t\u00eako\u015f\u00eena xwe ya serketin\u00ea bilind bikin. Em\u00ea hem bibin \u015fore\u015fger\u00ean \u015fore\u015fa jin\u00ea, hem j\u00ee li dij\u00ee s\u00eestema komplo y\u00ea, tecr\u00eed\u00ea \u00fb qirkirin\u00ea \u015fereke mezin bime\u015f\u00eenin.<\/p>\n<p><img loading=\"lazy\" decoding=\"async\" class=\"alignnone size-medium wp-image-17904\" src=\"https:\/\/ypjrojava.net\/wp-content\/uploads\/2024\/03\/20171124-img-6183ac1f9f-image-300x152.jpeg\" alt=\"\" width=\"300\" height=\"152\" srcset=\"https:\/\/ypjrojava.net\/wp-content\/uploads\/2024\/03\/20171124-img-6183ac1f9f-image-300x152.jpeg 300w, https:\/\/ypjrojava.net\/wp-content\/uploads\/2024\/03\/20171124-img-6183ac1f9f-image-768x388.jpeg 768w, https:\/\/ypjrojava.net\/wp-content\/uploads\/2024\/03\/20171124-img-6183ac1f9f-image.jpeg 990w\" sizes=\"auto, (max-width: 300px) 100vw, 300px\" \/> <img loading=\"lazy\" decoding=\"async\" class=\"alignnone size-medium wp-image-17905\" src=\"https:\/\/ypjrojava.net\/wp-content\/uploads\/2024\/03\/20220724-jinha-guncel-sevrin-nudem-yazi-jpgf73a33-image-300x168.jpg\" alt=\"\" width=\"300\" height=\"168\" srcset=\"https:\/\/ypjrojava.net\/wp-content\/uploads\/2024\/03\/20220724-jinha-guncel-sevrin-nudem-yazi-jpgf73a33-image-300x168.jpg 300w, https:\/\/ypjrojava.net\/wp-content\/uploads\/2024\/03\/20220724-jinha-guncel-sevrin-nudem-yazi-jpgf73a33-image-768x431.jpg 768w, https:\/\/ypjrojava.net\/wp-content\/uploads\/2024\/03\/20220724-jinha-guncel-sevrin-nudem-yazi-jpgf73a33-image-390x220.jpg 390w, https:\/\/ypjrojava.net\/wp-content\/uploads\/2024\/03\/20220724-jinha-guncel-sevrin-nudem-yazi-jpgf73a33-image.jpg 990w\" sizes=\"auto, (max-width: 300px) 100vw, 300px\" \/><\/p>\n","protected":false},"excerpt":{"rendered":"<p>Jin \u00c7avkaniya Jiyan\u00ea Ya Her\u00ee P\u00eeroz E Akademiya \u015eeh\u00eed Rustem C\u00fbd\u00ee Taxima \u015eeh\u00eed Den\u00eez Tolhildan \u00a0 8\u2019\u00ea Adar\u00ea roja jin\u00ean kedkar \u00ea c\u00eehan\u00ea p\u00eeroz be. Em v\u00ea roj\u00ea di ser\u00ee li R\u00eaber Apo, R\u00eaheval\u00ean xwe y\u00ean \u015feh\u00eed, hem\u00fb jin\u00ean azad\u00eexwaz p\u00eeroz dikin. R\u00eabert\u00ee di zaroktiya xwe de dest av\u00eat p\u00ea\u015fengtiya ti\u015ft\u00ean ku bala w\u00ee dik\u015f\u00eene. [&hellip;]<\/p>\n","protected":false},"author":1,"featured_media":17904,"comment_status":"open","ping_status":"closed","sticky":false,"template":"","format":"standard","meta":{"footnotes":""},"categories":[40],"tags":[],"class_list":{"0":"post-17903","1":"post","2":"type-post","3":"status-publish","4":"format-standard","5":"has-post-thumbnail","7":"category-wene"},"_links":{"self":[{"href":"https:\/\/ypjrojava.net\/index.php?rest_route=\/wp\/v2\/posts\/17903","targetHints":{"allow":["GET"]}}],"collection":[{"href":"https:\/\/ypjrojava.net\/index.php?rest_route=\/wp\/v2\/posts"}],"about":[{"href":"https:\/\/ypjrojava.net\/index.php?rest_route=\/wp\/v2\/types\/post"}],"author":[{"embeddable":true,"href":"https:\/\/ypjrojava.net\/index.php?rest_route=\/wp\/v2\/users\/1"}],"replies":[{"embeddable":true,"href":"https:\/\/ypjrojava.net\/index.php?rest_route=%2Fwp%2Fv2%2Fcomments&post=17903"}],"version-history":[{"count":1,"href":"https:\/\/ypjrojava.net\/index.php?rest_route=\/wp\/v2\/posts\/17903\/revisions"}],"predecessor-version":[{"id":17906,"href":"https:\/\/ypjrojava.net\/index.php?rest_route=\/wp\/v2\/posts\/17903\/revisions\/17906"}],"wp:featuredmedia":[{"embeddable":true,"href":"https:\/\/ypjrojava.net\/index.php?rest_route=\/wp\/v2\/media\/17904"}],"wp:attachment":[{"href":"https:\/\/ypjrojava.net\/index.php?rest_route=%2Fwp%2Fv2%2Fmedia&parent=17903"}],"wp:term":[{"taxonomy":"category","embeddable":true,"href":"https:\/\/ypjrojava.net\/index.php?rest_route=%2Fwp%2Fv2%2Fcategories&post=17903"},{"taxonomy":"post_tag","embeddable":true,"href":"https:\/\/ypjrojava.net\/index.php?rest_route=%2Fwp%2Fv2%2Ftags&post=17903"}],"curies":[{"name":"wp","href":"https:\/\/api.w.org\/{rel}","templated":true}]}}