{"id":17907,"date":"2024-03-12T19:46:06","date_gmt":"2024-03-12T19:46:06","guid":{"rendered":"https:\/\/ypjrojava.net\/?p=17907"},"modified":"2024-03-12T19:46:06","modified_gmt":"2024-03-12T19:46:06","slug":"12e-adare-agire-sorese","status":"publish","type":"post","link":"https:\/\/ypjrojava.net\/?p=17907","title":{"rendered":"12&#8217;\u00ea Adar\u00ea, Agir\u00ea \u015eore\u015f\u00ea"},"content":{"rendered":"<p><strong>12<\/strong><strong>&#8216;<\/strong><strong>\u00ea Adar\u00ea, Agir\u00ea <\/strong><strong>\u015e<\/strong><strong>ore\u015f\u00ea<\/strong><\/p>\n<p>&nbsp;<\/p>\n<p>B\u00fbyer bi \u00ear\u00ee\u015fkirina al\u00eegir\u00ean taxima Fetiwa ya Ereb\u00ee (Derezor) dest p\u00ea kir \u00fb veguher\u00ee serhildaneke Kurdan ku li bajar\u00ean din \u00ean Kurdan belav b\u00fb.<\/p>\n<p>\u00cero salvegera serhildana 12&#8217;\u00ea Adar\u00ea ya sala 2004&#8217;an a li stadyuma \u015faredariya bajar\u00ea Qami\u015flo, ya ku pi\u015ftre hat binavkirin &#8220;Stadyuma \u015eeh\u00eed\u00ean 12&#8217;\u00ea Adar\u00ea&#8221;, ku t\u00ea de b\u00fbyer\u00ean bi h\u00ears derketin, pi\u015ft\u00ee hewldana r\u00eaj\u00eema Baas ji bo derxistina nakokiyan di navbera Ereb \u00fb Kurdan de. Li kolanan xwep\u00ea\u015fandan\u00ean gel y\u00ean bi h\u00ears \u00fb r\u00fbbir\u00fb b\u00fbn di navbera xwep\u00ea\u015fand\u00earan \u00fb h\u00eaz\u00ean ewlekar\u00ee de derketin \u00fb di encam\u00ea de z\u00eadetir\u00ee 50 \u015feh\u00eed ji bajar\u00ean c\u00fbrbic\u00fbr \u00ean Kurdistan\u00ea hatin \u015feh\u00eedkirin \u00fb bi sedan bir\u00eendar \u00fb z\u00eadetir\u00ee 4000 kes j\u00ee hatin bin\u00e7avkirin.<\/p>\n<p>\u015eervana Yek\u00eeney\u00ean Parastina Jin B\u00ear\u00eetan Qami\u015flo dib\u00eaje: Ev \u00ear\u00ee\u015f ji aliy\u00ea rej\u00eema Baas ve hatiye plankirin, bi armanca ku nakokiyan di navbera p\u00eakhateya Kurd \u00fb p\u00eakhateya Ereb de derxe \u00fb neh\u00eale ku ew bibin yek dest \u00fb yek gel.<\/p>\n<p>Xanim Beh\u00eea Salih M\u00eerov\u00ea \u015feh\u00eed (Mihemed Ebdulrezaq Ibrah\u00eem) ku di 12&#8217;\u00ea Adar\u00ea de li ser dest\u00ea r\u00eaj\u00eema Baas \u015feh\u00eed b\u00fb, dib\u00eaje, \u201cEm xemg\u00een b\u00fbn \u00fb \u00ea\u015feke mezin j\u00ee me ki\u015fand ji ber wendakirina Mihemed. Em ji ber zilma giran daketin kolanan, xw\u00een hat rijandin \u00fb dil\u00ea dayikan \u015fikandin.&#8221;<\/p>\n<p>Teqez kir ku tev\u00ee ku rej\u00eem\u00ea hewl dide nakokiyan di navbera me de derx\u00eene j\u00ee, em hem\u00fb biray\u00ean hev in, bij\u00ee biratiya gelan, \u015fore\u015fa me berdewam e.<\/p>\n<p>\u015eervana Yek\u00eeney\u00ean Parastina Jin Rojb\u00een \u00c7\u0131l Axa dib\u00eaje: B\u00fbyer\u00ean 12&#8217;\u00ea Adar\u00ea komployeke ji aliy\u00ea rej\u00eem\u00ea ve bi armanca sabotaj\u00ea di navbera Ereb \u00fb Kurdan de hatib\u00fb plankirin, l\u00ea ti\u015fta ku dixwestin bikin p\u00eak nehat. \u015eore\u015fa Rojava dest p\u00ea kir \u00fb gelek \u015feh\u00eed \u00fb fedekar\u00ee hatin dayin \u00fb ev yek j\u00ee bu bingehek\u00ee xurt ji bo \u015fore\u015f\u00ea.<\/p>\n<p>Weke ku w\u00ea di axaftina xwe de an\u00ee ziman, \u201cEw \u015fer\u00ea ku li D\u00earezor\u00ea di navbera Ereb \u00fb Kurdan de derketiye, ez di wan b\u00fbyeran de amade b\u00fbm ku rej\u00eem\u00ea hewl da ku nakokiyan di nav me de belav bike, l\u00ea w\u00ea negih\u00ea armanca xwe, ji ber ku Em\u00ea biray\u00ea hev bin \u00fb em\u00ea li ser armanca xwe, biratiya gelan \u00fb avakirina welatek\u00ee ku hem\u00fb netew t\u00ea de be\u015fdar bibin, israr bikin.\u201d Ji Ereb, Kurd, \u00c7erkez \u00fb Suryan\u00ee.\u201d<\/p>\n<p>Her wiha Rojb\u00een \u00c7\u0131l Axa got, &#8220;Ez weke jineke Ereb \u00fb \u015fervana Yek\u00eeney\u00ean Parastina Jin, ji fikir \u00fb felsefeya R\u00eaber Abdullah Ocalan f\u00ear b\u00fbm ku div\u00ea jin \u00e7awa azad bibe \u00fb di jiyan\u00ea de \u00e7awa be.&#8221;<\/p>\n<p><strong>Navenda Ragihandina YPJ<\/strong><\/p>\n<p><img loading=\"lazy\" decoding=\"async\" class=\"alignnone size-medium wp-image-17910\" src=\"https:\/\/ypjrojava.net\/wp-content\/uploads\/2024\/03\/12-adare.mp4_snapshot_02.53_2024.03.12_17.59.44-300x169.jpg\" alt=\"\" width=\"300\" height=\"169\" srcset=\"https:\/\/ypjrojava.net\/wp-content\/uploads\/2024\/03\/12-adare.mp4_snapshot_02.53_2024.03.12_17.59.44-300x169.jpg 300w, https:\/\/ypjrojava.net\/wp-content\/uploads\/2024\/03\/12-adare.mp4_snapshot_02.53_2024.03.12_17.59.44-1024x576.jpg 1024w, https:\/\/ypjrojava.net\/wp-content\/uploads\/2024\/03\/12-adare.mp4_snapshot_02.53_2024.03.12_17.59.44-768x432.jpg 768w, https:\/\/ypjrojava.net\/wp-content\/uploads\/2024\/03\/12-adare.mp4_snapshot_02.53_2024.03.12_17.59.44-1536x864.jpg 1536w, https:\/\/ypjrojava.net\/wp-content\/uploads\/2024\/03\/12-adare.mp4_snapshot_02.53_2024.03.12_17.59.44-390x220.jpg 390w, https:\/\/ypjrojava.net\/wp-content\/uploads\/2024\/03\/12-adare.mp4_snapshot_02.53_2024.03.12_17.59.44.jpg 1920w\" sizes=\"auto, (max-width: 300px) 100vw, 300px\" \/> <img loading=\"lazy\" decoding=\"async\" class=\"alignnone size-medium wp-image-17909\" src=\"https:\/\/ypjrojava.net\/wp-content\/uploads\/2024\/03\/12-adare.mp4_snapshot_01.56_2024.03.12_17.59.07-300x169.jpg\" alt=\"\" width=\"300\" height=\"169\" srcset=\"https:\/\/ypjrojava.net\/wp-content\/uploads\/2024\/03\/12-adare.mp4_snapshot_01.56_2024.03.12_17.59.07-300x169.jpg 300w, https:\/\/ypjrojava.net\/wp-content\/uploads\/2024\/03\/12-adare.mp4_snapshot_01.56_2024.03.12_17.59.07-1024x576.jpg 1024w, https:\/\/ypjrojava.net\/wp-content\/uploads\/2024\/03\/12-adare.mp4_snapshot_01.56_2024.03.12_17.59.07-768x432.jpg 768w, https:\/\/ypjrojava.net\/wp-content\/uploads\/2024\/03\/12-adare.mp4_snapshot_01.56_2024.03.12_17.59.07-1536x864.jpg 1536w, https:\/\/ypjrojava.net\/wp-content\/uploads\/2024\/03\/12-adare.mp4_snapshot_01.56_2024.03.12_17.59.07-390x220.jpg 390w, https:\/\/ypjrojava.net\/wp-content\/uploads\/2024\/03\/12-adare.mp4_snapshot_01.56_2024.03.12_17.59.07.jpg 1920w\" sizes=\"auto, (max-width: 300px) 100vw, 300px\" \/><\/p>\n","protected":false},"excerpt":{"rendered":"<p>12&#8216;\u00ea Adar\u00ea, Agir\u00ea \u015eore\u015f\u00ea &nbsp; B\u00fbyer bi \u00ear\u00ee\u015fkirina al\u00eegir\u00ean taxima Fetiwa ya Ereb\u00ee (Derezor) dest p\u00ea kir \u00fb veguher\u00ee serhildaneke Kurdan ku li bajar\u00ean din \u00ean Kurdan belav b\u00fb. \u00cero salvegera serhildana 12&#8217;\u00ea Adar\u00ea ya sala 2004&#8217;an a li stadyuma \u015faredariya bajar\u00ea Qami\u015flo, ya ku pi\u015ftre hat binavkirin &#8220;Stadyuma \u015eeh\u00eed\u00ean 12&#8217;\u00ea Adar\u00ea&#8221;, ku t\u00ea de [&hellip;]<\/p>\n","protected":false},"author":1,"featured_media":17908,"comment_status":"open","ping_status":"closed","sticky":false,"template":"","format":"standard","meta":{"footnotes":""},"categories":[38,40],"tags":[],"class_list":{"0":"post-17907","1":"post","2":"type-post","3":"status-publish","4":"format-standard","5":"has-post-thumbnail","7":"category-nuce","8":"category-wene"},"_links":{"self":[{"href":"https:\/\/ypjrojava.net\/index.php?rest_route=\/wp\/v2\/posts\/17907","targetHints":{"allow":["GET"]}}],"collection":[{"href":"https:\/\/ypjrojava.net\/index.php?rest_route=\/wp\/v2\/posts"}],"about":[{"href":"https:\/\/ypjrojava.net\/index.php?rest_route=\/wp\/v2\/types\/post"}],"author":[{"embeddable":true,"href":"https:\/\/ypjrojava.net\/index.php?rest_route=\/wp\/v2\/users\/1"}],"replies":[{"embeddable":true,"href":"https:\/\/ypjrojava.net\/index.php?rest_route=%2Fwp%2Fv2%2Fcomments&post=17907"}],"version-history":[{"count":1,"href":"https:\/\/ypjrojava.net\/index.php?rest_route=\/wp\/v2\/posts\/17907\/revisions"}],"predecessor-version":[{"id":17911,"href":"https:\/\/ypjrojava.net\/index.php?rest_route=\/wp\/v2\/posts\/17907\/revisions\/17911"}],"wp:featuredmedia":[{"embeddable":true,"href":"https:\/\/ypjrojava.net\/index.php?rest_route=\/wp\/v2\/media\/17908"}],"wp:attachment":[{"href":"https:\/\/ypjrojava.net\/index.php?rest_route=%2Fwp%2Fv2%2Fmedia&parent=17907"}],"wp:term":[{"taxonomy":"category","embeddable":true,"href":"https:\/\/ypjrojava.net\/index.php?rest_route=%2Fwp%2Fv2%2Fcategories&post=17907"},{"taxonomy":"post_tag","embeddable":true,"href":"https:\/\/ypjrojava.net\/index.php?rest_route=%2Fwp%2Fv2%2Ftags&post=17907"}],"curies":[{"name":"wp","href":"https:\/\/api.w.org\/{rel}","templated":true}]}}