{"id":17936,"date":"2024-03-20T05:59:21","date_gmt":"2024-03-20T05:59:21","guid":{"rendered":"https:\/\/ypjrojava.net\/?p=17936"},"modified":"2024-03-20T05:59:21","modified_gmt":"2024-03-20T05:59:21","slug":"ji-ragihandin-u-raya-gisti-re","status":"publish","type":"post","link":"https:\/\/ypjrojava.net\/?p=17936","title":{"rendered":"Ji Ragihandin \u00fb Raya Gi\u015ft\u00ee re"},"content":{"rendered":"<p><strong>Ji Ragihandin \u00fb Raya Gi\u015ft\u00ee re<\/strong><\/p>\n<p>Em wek Fermandariya Gi\u015ft\u00ee ya YPJ\u2019\u00ea 2636\u2019em\u00een sersala n\u00fb ya Medyay\u00ee \u00fb Newroza gel\u00ean Ar\u00ee di ser\u00ee de li R\u00eaber APO, \u015feh\u00eed\u00ean \u015fore\u015fa azadiy\u00ea, gel\u00ea xwe y\u00ea berxwed\u00ear ku li hember\u00ee pergala Dehakan bi hezar sale li berxwe didin, jin\u00ean t\u00eako\u015fer, hem\u00fb p\u00eakhatey\u00ean Bakur \u00fb Rojhilat\u00ea Suriy\u00ea, hem\u00fb gel\u00ean Rojhilata Nav\u00een \u00ean azad\u00eexwaz \u00fb \u015fervan\u00ean azadiy\u00ea y\u00ean me\u015faleya Newroz\u00ea di \u00e7eper\u00ean berxwedan\u00ea de ge\u015f radigirin, p\u00eeroz dikin.<\/p>\n<p>Newroz ruh \u00fb kevne\u015fopiyeke qed\u00eeme ku li gelek dever\u00ean Rojhilata Nav\u00een \u00fb c\u00eehan\u00ea bi taybet j\u00ee ji h\u00eala gel\u00ean Asya \u00fb Qafqasya ve weke demsala n\u00fb \u00fb n\u00fbb\u00fbna xwezay\u00ea t\u00ea d\u00eetin \u00fb t\u00ea p\u00eerozkirin. Gel\u00ean Kurdistan\u00ee j\u00ee v\u00ea roj\u00ea roja serxistina azadiy\u00ea, daw\u00eekirina dagirkeriy\u00ea \u00fb destp\u00eaka d\u00eerokeke n\u00fb ya bir\u00fbmet dib\u00eenin \u00fb p\u00eeroz dikin. Her wiha jin j\u00ee ji 8\u2019\u00ea Adar\u00ea heya Newroz\u00ea li qad\u00ean berxwedan\u00ea p\u00ea\u015fengiy\u00ea dikin. Ji Efxanistan\u00ea heya \u00ceran\u00ea, ji Filist\u00een\u00ea heya Cezay\u00eer\u00ea bi p\u00ea\u015fengiya jinan gel bi ruh\u00ea Newroz\u00ea li hember\u00ee zordariya serdestan t\u00eako\u015f\u00een\u00ea bilind dikin.<\/p>\n<p>Em h\u00eav\u00eedarin di v\u00ea Newroz\u00ea de ast \u00fb qada t\u00eako\u015f\u00een\u00ea ji her demek\u00ea bilindtir bibe. \u00a0Ev Newroz bi berxwedaniya gelan re bibe wes\u00eeleya azadiya R\u00eaber APO, \u00e7areseriya pirsgir\u00eaka Kurd \u00fb derbaskirina qeyran \u00fb aloziy\u00ean li her\u00eam\u00ea. Daw\u00ee li dagirker\u00ee, \u015fer \u00fb zordariy\u00ea were an\u00een \u00fb jiyanek bi ge\u015f\u00ee \u00fb xwe\u015fiya Newroz\u00ea were jiy\u00een. Em di w\u00ea baweriy\u00ea de ne ku d\u00ea di v\u00ea Newroz\u00ea de gel\u00ea Kurd yek\u00eetiya xwe ya netew\u00ee xurt bike. Ev j\u00ee bibe zem\u00een\u00ea bih\u00eazkirina pergala Netewa Demokrat\u00eek a ku li Bakur \u00fb Rojhilat\u00ea Suriy\u00ea bingeha w\u00ea hatiye dan\u00een, li her dever\u00ea were \u00een\u015fakirin.<\/p>\n<p>Em ji hem\u00fb gel\u00ean xwe, jin\u00ean serhild\u00ear \u00fb gel\u00ean c\u00eehan\u00ea y\u00ean azad\u00eexwaz daxwaz dikin ku qad\u00ean Newroz\u00ea weke kevne\u015fopiya w\u00ea ya d\u00eerok\u00ee bikin qad\u00ean berxwedan \u00fb t\u00eako\u015f\u00een\u00ea. Her qad\u00ea bikin qada Newroz\u00ea, her roj\u00ea j\u00ee bi ruh\u00ea serhild\u00ear \u00ea Newroz\u00ea li dij\u00ee dagiker\u00ee \u00fb m\u00eat\u00eengeran t\u00eako\u015f\u00eena xwe bilind bikin. \u00a0Em j\u00ee weke YPJ bi wes\u00eeleya v\u00ea roj\u00ea didin diyarkirin ku em\u00ea \u00a0bi her away\u00ee par\u00eazvaniya nirx \u00fb deskeftiy\u00ean \u015fore\u015fa gel\u00ea xwe \u00fb \u015fore\u015fa azadiya jin\u00ea bikin. Em \u00ea di \u015fopa r\u00eaheval\u00ean xwe y\u00ean \u015feh\u00eed Sorxw\u00een Rojhilat, Azad\u00ee D\u00earik, \u015eerv\u00een \u015eerdar, Sosin B\u00eerhat, Jiyan Tolhildan \u00fb hem\u00fb \u015feh\u00eed\u00ean qehreman de, azadiya v\u00ea ax\u00ea m\u00eesoger bikin.<\/p>\n<p><strong>Bimire Dehak\u00ean Serdem\u00ea!<\/strong><\/p>\n<p><strong>Bij\u00ee Ruh\u00ea Newroz\u00ea Y\u00ea Serhild\u00ear!<\/strong><\/p>\n<p><strong>Bij\u00ee Yek\u00eet\u00ee \u00db Hevgiertina Jinan \u00db Gelan!<\/strong><\/p>\n<p><strong>Bij\u00ee R\u00eaber\u00ea Gelan R\u00eaber APO!<\/strong><\/p>\n<p><strong>Silav \u00fb R\u00eaz\u00ean \u015eore\u015fger\u00ee<\/strong><\/p>\n<p><strong>Fermandariya Gi\u015ft\u00ee ya YPJ\u2019\u00ea<\/strong><\/p>\n<p><strong>2024-03-19\u00a0<\/strong><\/p>\n<p><img loading=\"lazy\" decoding=\"async\" class=\"alignnone size-medium wp-image-17849\" src=\"https:\/\/ypjrojava.net\/wp-content\/uploads\/2024\/03\/logo-fermandari-2022-780x441-1-300x170.png\" alt=\"\" width=\"300\" height=\"170\" srcset=\"https:\/\/ypjrojava.net\/wp-content\/uploads\/2024\/03\/logo-fermandari-2022-780x441-1-300x170.png 300w, https:\/\/ypjrojava.net\/wp-content\/uploads\/2024\/03\/logo-fermandari-2022-780x441-1-768x434.png 768w, https:\/\/ypjrojava.net\/wp-content\/uploads\/2024\/03\/logo-fermandari-2022-780x441-1-390x220.png 390w, https:\/\/ypjrojava.net\/wp-content\/uploads\/2024\/03\/logo-fermandari-2022-780x441-1.png 780w\" sizes=\"auto, (max-width: 300px) 100vw, 300px\" \/><\/p>\n","protected":false},"excerpt":{"rendered":"<p>Ji Ragihandin \u00fb Raya Gi\u015ft\u00ee re Em wek Fermandariya Gi\u015ft\u00ee ya YPJ\u2019\u00ea 2636\u2019em\u00een sersala n\u00fb ya Medyay\u00ee \u00fb Newroza gel\u00ean Ar\u00ee di ser\u00ee de li R\u00eaber APO, \u015feh\u00eed\u00ean \u015fore\u015fa azadiy\u00ea, gel\u00ea xwe y\u00ea berxwed\u00ear ku li hember\u00ee pergala Dehakan bi hezar sale li berxwe didin, jin\u00ean t\u00eako\u015fer, hem\u00fb p\u00eakhatey\u00ean Bakur \u00fb Rojhilat\u00ea Suriy\u00ea, hem\u00fb gel\u00ean [&hellip;]<\/p>\n","protected":false},"author":1,"featured_media":17849,"comment_status":"open","ping_status":"closed","sticky":false,"template":"","format":"standard","meta":{"footnotes":""},"categories":[39],"tags":[],"class_list":{"0":"post-17936","1":"post","2":"type-post","3":"status-publish","4":"format-standard","5":"has-post-thumbnail","7":"category-daxuyani"},"_links":{"self":[{"href":"https:\/\/ypjrojava.net\/index.php?rest_route=\/wp\/v2\/posts\/17936","targetHints":{"allow":["GET"]}}],"collection":[{"href":"https:\/\/ypjrojava.net\/index.php?rest_route=\/wp\/v2\/posts"}],"about":[{"href":"https:\/\/ypjrojava.net\/index.php?rest_route=\/wp\/v2\/types\/post"}],"author":[{"embeddable":true,"href":"https:\/\/ypjrojava.net\/index.php?rest_route=\/wp\/v2\/users\/1"}],"replies":[{"embeddable":true,"href":"https:\/\/ypjrojava.net\/index.php?rest_route=%2Fwp%2Fv2%2Fcomments&post=17936"}],"version-history":[{"count":1,"href":"https:\/\/ypjrojava.net\/index.php?rest_route=\/wp\/v2\/posts\/17936\/revisions"}],"predecessor-version":[{"id":17937,"href":"https:\/\/ypjrojava.net\/index.php?rest_route=\/wp\/v2\/posts\/17936\/revisions\/17937"}],"wp:featuredmedia":[{"embeddable":true,"href":"https:\/\/ypjrojava.net\/index.php?rest_route=\/wp\/v2\/media\/17849"}],"wp:attachment":[{"href":"https:\/\/ypjrojava.net\/index.php?rest_route=%2Fwp%2Fv2%2Fmedia&parent=17936"}],"wp:term":[{"taxonomy":"category","embeddable":true,"href":"https:\/\/ypjrojava.net\/index.php?rest_route=%2Fwp%2Fv2%2Fcategories&post=17936"},{"taxonomy":"post_tag","embeddable":true,"href":"https:\/\/ypjrojava.net\/index.php?rest_route=%2Fwp%2Fv2%2Ftags&post=17936"}],"curies":[{"name":"wp","href":"https:\/\/api.w.org\/{rel}","templated":true}]}}