{"id":17938,"date":"2024-03-20T14:27:47","date_gmt":"2024-03-20T14:27:47","guid":{"rendered":"https:\/\/ypjrojava.net\/?p=17938"},"modified":"2024-03-20T14:27:47","modified_gmt":"2024-03-20T14:27:47","slug":"servanen-ypj-we-azadiya-reber-apo-bi-geskirina-agire-newroze-re-misoger-bibe","status":"publish","type":"post","link":"https:\/\/ypjrojava.net\/?p=17938","title":{"rendered":"\u015eervan\u00ean YPJ: W\u00ea Azadiya R\u00eaber Apo Bi Ge\u015fkirina Agir\u00ea Newroz\u00ea re M\u00eesoger Bibe"},"content":{"rendered":"<p><strong>\u015eervan\u00ean YPJ: W\u00ea Azadiya R\u00eaber Apo Bi Ge\u015fkirina Agir\u00ea Newroz\u00ea re M\u00eesoger Bibe <\/strong><\/p>\n<p>\u015eervan\u00ean YPJ\u2019\u00ea Roja Newroz\u00ea p\u00eeroz kirin \u00fb peyama bilind kirina agir\u00ea newroz\u00ea dan.<\/p>\n<p>\u015eervana YPJ\u2019\u00ea \u015eemis D\u00ear\u00eek roja Newroz\u00ea di ser\u00ee\u00a0 li R\u00eaber Apo hem\u00fb malbet\u00ean \u015feh\u00eedan \u00fb li hem\u00fb gelan p\u00eeroz kir \u00fb wiha got: \u201cKaway\u00ea Hesinkar bi p\u00eaxistina agir\u00ea azadiy\u00ea re ev roj bi wate kiriye. Heman dem\u00ea de Mazl\u00fbm Doxan j\u00ee bi heman r\u00fbh\u00ee agir\u00ea Newroz\u00ea ge\u015f kir \u00fb her sal bi v\u00ea berxwedaniy\u00ea em agir\u00ea berxwedaniya gelan ge\u015ftir dikin. Rih\u00ea Newroz\u00ea bi felsefeya jiyana azad ya ku R\u00caBER APO ni\u015fan\u00ee me hem\u00fb jinan daye re bilintir dibe. Em\u00ea herdem bibin af\u00eener\u00ea jiyan\u00ea heya ku em serkeftin\u00ea bi dest dixin.\u00a0 W\u00ea ev biryardariya me serkeftina gelan m\u00eesoger bike \u00fb li hem\u00fb c\u00eehan\u00ea belav bike. Em soz dikin \u015feh\u00eed\u00ean \u015fore\u015f\u00ea, R\u00caBER APO \u00fb gel\u00ea xwe ku em\u00ea li ser xeta ronahiya berxwedaniya bin \u00fb heya dilopa xw\u00eena xwe ya daw\u00ee em\u00ea \u015fer bikin heya ku azadiya f\u00eez\u00eek\u00ee ya R\u00caBER APO misoger bikin \u00fb qad\u00ean dagirkir\u00ee rizgar bikin. Bi hatina roja 21\u2019\u00ea adar\u00ea re em \u015feh\u00eed\u00ean azadiy\u00ea \u015feh\u00eed Z\u00eelan, Mazl\u00fbm Doxan, B\u00ear\u00eetan \u00fb Sara bi b\u00eert\u00eenin em\u00ea \u015fopdar\u00ea ronahiya riya wan bin.\u201d<\/p>\n<p>\u015eervana YPJ\u2019\u00ea Heyat Mihemed\u00a0 j\u00ee weke \u015fervaneke Ereb ya di nava ref\u00ean Yek\u00eeney\u00ean Parastina Jin de diyar kir ku w\u00ea azadiya f\u00eez\u00eek\u00ee ya R\u00eaber Apo bi ge\u015f kirina agir\u00ea newroz\u00ea re m\u00eesoger bibe \u00fb di berdewamiya axaftina xwe de balki\u015fand li ser wate \u00fb gir\u00eengiya newroz\u00ea \u00fb wiha got: \u201cRoja 21\u2019\u00ea Adar\u00ea rojek\u00ea ji bo me hem\u00fb gelan gir\u00eenge \u00fb watedar e. Di v\u00ea roj\u00ea de agir\u00ea azadiy\u00ea hatiye p\u00eaxistin \u00fb ji tar\u00eetiy\u00ea ber bi ronahiy\u00ea ve me\u015faleya serhildan\u00ea hatiye hildan.\u201d<\/p>\n<p><strong>Newroz \u00cefadeya Netewa Demokrat\u00eeke <\/strong><\/p>\n<p>Newroz ne ten\u00ea gel\u00ea Kurd ji bo hem\u00fb gel\u00ean azad\u00eexwaz, li hember\u00ee deshildariy\u00ea ser\u00ee hildan\u00ea. \u015eervana YPJ\u2019\u00ea Heyat Mihemmed weke gel\u00ea Ereb p\u00eeroz kirina me ya Newroz\u00ea \u00eefadeya yek\u00eet\u00eeya netewa demokrat\u00eeke \u00fb wiha axaftin\u00ean xwe berdewam kir: \u201cDi v\u00ea roja bi wate da gelek heval\u00ean delal ji bo ku desthiladar\u00ee \u00fb bindestiy\u00ea t\u00eak bibin, bi rih\u00ea newroz\u00ea agir berdan can\u00ea xwe. Li derdora R\u00eaber Apo b\u00fbn xelek\u00ean ji agir. \u00cero j\u00ee w\u00ea azadiya gelan \u00fb azadiya f\u00eez\u00eek\u00ee ya R\u00caBER APO bi ge\u015f kirina agir\u00ea Newroz\u00ea misoger bibe. Em bi boneya 21\u2019\u00ea Adar\u00ea Mazl\u00fbm Doxan bi b\u00eert\u00eenin, di nava \u00e7ar d\u00eewaran da agir berda bedena xwe \u00fb wiha got \u2018dibe ku em di nava \u00e7ar d\u00eewaran da girt\u00eebin l\u00ea em\u00ea cardin berxwebidin ji ber ku BERXWEDAN JIYANA.\u2019<\/p>\n<p>&nbsp;<\/p>\n<p><strong>Navenda Ragihandina YPJ<\/strong><\/p>\n<p><img loading=\"lazy\" decoding=\"async\" class=\"alignnone size-medium wp-image-17939\" src=\"https:\/\/ypjrojava.net\/wp-content\/uploads\/2024\/03\/SERVANA-YPJ-SEMIS-DERIK-BI-LOGO-20.3.2024.mp4_snapshot_00.02_2024.03.20_17.26.21-300x169.jpg\" alt=\"\" width=\"300\" height=\"169\" srcset=\"https:\/\/ypjrojava.net\/wp-content\/uploads\/2024\/03\/SERVANA-YPJ-SEMIS-DERIK-BI-LOGO-20.3.2024.mp4_snapshot_00.02_2024.03.20_17.26.21-300x169.jpg 300w, https:\/\/ypjrojava.net\/wp-content\/uploads\/2024\/03\/SERVANA-YPJ-SEMIS-DERIK-BI-LOGO-20.3.2024.mp4_snapshot_00.02_2024.03.20_17.26.21-1024x576.jpg 1024w, https:\/\/ypjrojava.net\/wp-content\/uploads\/2024\/03\/SERVANA-YPJ-SEMIS-DERIK-BI-LOGO-20.3.2024.mp4_snapshot_00.02_2024.03.20_17.26.21-768x432.jpg 768w, https:\/\/ypjrojava.net\/wp-content\/uploads\/2024\/03\/SERVANA-YPJ-SEMIS-DERIK-BI-LOGO-20.3.2024.mp4_snapshot_00.02_2024.03.20_17.26.21-1536x864.jpg 1536w, https:\/\/ypjrojava.net\/wp-content\/uploads\/2024\/03\/SERVANA-YPJ-SEMIS-DERIK-BI-LOGO-20.3.2024.mp4_snapshot_00.02_2024.03.20_17.26.21-390x220.jpg 390w, https:\/\/ypjrojava.net\/wp-content\/uploads\/2024\/03\/SERVANA-YPJ-SEMIS-DERIK-BI-LOGO-20.3.2024.mp4_snapshot_00.02_2024.03.20_17.26.21.jpg 1920w\" sizes=\"auto, (max-width: 300px) 100vw, 300px\" \/><\/p>\n<p><iframe loading=\"lazy\" title=\"\u0634\u0645\u0633 \u062f\u064a\u0631\u064a\u0643 &quot; \u0641\u0643\u0631 \u0627\u0644\u0642\u0627\u0626\u062f \u0647\u064a \u0627\u0644\u0634\u0639\u0644\u0629 \u0627\u0644\u0645\u0636\u064a\u0626\u0629 \u0641\u064a \u0637\u0631\u064a\u0642\u0646\u0627 \u0628\u0627\u0633\u062a\u0645\u0631\u0627\u0631&quot;\" width=\"696\" height=\"392\" src=\"https:\/\/www.youtube.com\/embed\/urg-a9Rwg8k?feature=oembed\" frameborder=\"0\" allow=\"accelerometer; autoplay; clipboard-write; encrypted-media; gyroscope; picture-in-picture; web-share\" referrerpolicy=\"strict-origin-when-cross-origin\" allowfullscreen><\/iframe><\/p>\n","protected":false},"excerpt":{"rendered":"<p>\u015eervan\u00ean YPJ: W\u00ea Azadiya R\u00eaber Apo Bi Ge\u015fkirina Agir\u00ea Newroz\u00ea re M\u00eesoger Bibe \u015eervan\u00ean YPJ\u2019\u00ea Roja Newroz\u00ea p\u00eeroz kirin \u00fb peyama bilind kirina agir\u00ea newroz\u00ea dan. \u015eervana YPJ\u2019\u00ea \u015eemis D\u00ear\u00eek roja Newroz\u00ea di ser\u00ee\u00a0 li R\u00eaber Apo hem\u00fb malbet\u00ean \u015feh\u00eedan \u00fb li hem\u00fb gelan p\u00eeroz kir \u00fb wiha got: \u201cKaway\u00ea Hesinkar bi p\u00eaxistina agir\u00ea azadiy\u00ea [&hellip;]<\/p>\n","protected":false},"author":1,"featured_media":17939,"comment_status":"open","ping_status":"closed","sticky":false,"template":"","format":"standard","meta":{"footnotes":""},"categories":[40],"tags":[],"class_list":{"0":"post-17938","1":"post","2":"type-post","3":"status-publish","4":"format-standard","5":"has-post-thumbnail","7":"category-wene"},"_links":{"self":[{"href":"https:\/\/ypjrojava.net\/index.php?rest_route=\/wp\/v2\/posts\/17938","targetHints":{"allow":["GET"]}}],"collection":[{"href":"https:\/\/ypjrojava.net\/index.php?rest_route=\/wp\/v2\/posts"}],"about":[{"href":"https:\/\/ypjrojava.net\/index.php?rest_route=\/wp\/v2\/types\/post"}],"author":[{"embeddable":true,"href":"https:\/\/ypjrojava.net\/index.php?rest_route=\/wp\/v2\/users\/1"}],"replies":[{"embeddable":true,"href":"https:\/\/ypjrojava.net\/index.php?rest_route=%2Fwp%2Fv2%2Fcomments&post=17938"}],"version-history":[{"count":1,"href":"https:\/\/ypjrojava.net\/index.php?rest_route=\/wp\/v2\/posts\/17938\/revisions"}],"predecessor-version":[{"id":17940,"href":"https:\/\/ypjrojava.net\/index.php?rest_route=\/wp\/v2\/posts\/17938\/revisions\/17940"}],"wp:featuredmedia":[{"embeddable":true,"href":"https:\/\/ypjrojava.net\/index.php?rest_route=\/wp\/v2\/media\/17939"}],"wp:attachment":[{"href":"https:\/\/ypjrojava.net\/index.php?rest_route=%2Fwp%2Fv2%2Fmedia&parent=17938"}],"wp:term":[{"taxonomy":"category","embeddable":true,"href":"https:\/\/ypjrojava.net\/index.php?rest_route=%2Fwp%2Fv2%2Fcategories&post=17938"},{"taxonomy":"post_tag","embeddable":true,"href":"https:\/\/ypjrojava.net\/index.php?rest_route=%2Fwp%2Fv2%2Ftags&post=17938"}],"curies":[{"name":"wp","href":"https:\/\/api.w.org\/{rel}","templated":true}]}}