{"id":17949,"date":"2024-03-31T11:25:01","date_gmt":"2024-03-31T10:25:01","guid":{"rendered":"https:\/\/ypjrojava.net\/?p=17949"},"modified":"2024-03-31T11:27:35","modified_gmt":"2024-03-31T10:27:35","slug":"heviya-min-roja-azad-e","status":"publish","type":"post","link":"https:\/\/ypjrojava.net\/?p=17949","title":{"rendered":"H\u00eaviya Min Roja Azad e"},"content":{"rendered":"<p><strong>H\u00eaviya Min Roja Azad e<\/strong><\/p>\n<p><strong>Zendavesta Zerde\u015ft<\/strong><\/p>\n<p>Di nava Tevgera Azadiy\u00ea de ti\u015fta sereke ya ku ez h\u00eav\u00ee dikim \u00fb roj bi roj teko\u015f\u00eena w\u00ea didim b\u00eaguman xwe ji n\u00fb de afirandin \u00fb p\u00eevan\u00ean jina azad weke r\u00eaheval Z\u00eelan, Ar\u00een \u00fb Av\u00easta Xabur di kesayeta xwe de ava kirin, li gor\u00ee v\u00ea di jiyana azadiya ku bi felsefeya R\u00eaber Apo t\u00ea mezin kirin, bigih\u00eejim serketin\u00ea. Ez bi xeyal\u00ean fedaiyane di xeta R\u00eaber Apo de dixwazim xwe p\u00ea\u015f bixim.<\/p>\n<p>Di nava \u015fore\u015fa Rojhilata Nav\u00een de b\u00fbna xwed\u00ee erk\u00ean gir\u00eeng y\u00ean serkeftin\u00ea, pir gir\u00eeng e. Tevgera Azadiy\u00ea weke deryayek\u00ea ye \u00fb ez j\u00ee xwe weke dilopeke ji v\u00ea deryay\u00ea dibinim. Ji ber v\u00ea yek\u00ea yek ji armanca min ya sereke di nava v\u00ea \u015fore\u015f\u00ea de gih\u00ee\u015ftina serkeftin\u00ea ye. Weke kesayet di heb\u00fbna min de ti\u015fta her\u00ee gir\u00eeng ya ku ez k\u00eal\u00ee bi k\u00eal\u00ee ji bo w\u00ea t\u00eako\u015f\u00een dikim, d\u00eetina R\u00eabert\u00ee ye. Bi rast\u00ee xeyal \u00fb h\u00eaviya min ya her\u00ee mezin d\u00eetina R\u00eabert\u00ee ye. Ew bi felsefe \u00fb fikra xwe ya azad di dil\u00ea hem\u00fb gelan de bi taybet\u00ee j\u00ee di dil\u00ea tevahiya jinan de cih digre. Ger ku di roja me ya \u00eero de jin bi fikir \u00fb \u00eeradeya xwe ya azad di \u00e7eper\u00ean her\u00ee p\u00ea\u015f de p\u00ea\u015fengtiya berxwedaniya serdem\u00ea dike, di v\u00ea de h\u00eaza R\u00eabert\u00ee ti\u015fta her\u00ee diyarker e. Naskirina heb\u00fbn \u00fb heq\u00eeqet\u00ea bi naskirina R\u00eabert\u00ee Apo re p\u00ea\u015f dikeve, ji ber ku ew bi n\u00ee\u015faneya r\u00eaya azadiy\u00ea re dibe ronahiya gerd\u00fbn\u00ea.<\/p>\n<p>R\u00eaber Apo niha weke f\u00eez\u00eek\u00ee ji me d\u00fbr e, l\u00ea fikir \u00fb h\u00eeskirin dih\u00eale ku mesafey\u00ean di navbera me de ji hol\u00ea rabin. Ev\u00eena her\u00ee mezin bi bawer\u00ee \u00fb t\u00eako\u015f\u00een\u00ea t\u00ea jiy\u00een. Dema ku em ji r\u00eaya p\u00eeroz bawer bikin, p\u00ea re werin gir\u00eadan, w\u00ea dem\u00ea em dikarin di v\u00ea r\u00eay\u00ea de bime\u015fin \u00fb t\u00eako\u015f\u00eena her\u00ee xurt bi serfiraz\u00ee p\u00eak b\u00eenin. Weke jinek\u00ea yek ji daxwaza min ya sereke gih\u00ee\u015ftina heq\u00eeqeta jiyan\u00ea ye. \u00db ez dizanim her ku ez xwe nas bikim \u00fb bigih\u00eejim asta kesayeta jina azad ewqas\u00ee bikaribim azadiya R\u00eabert\u00ee p\u00eakan bikim.<\/p>\n<p>Bi rast\u00ee heta roja \u00eero R\u00eabert\u00ee kedeke pir mezin ji bo avakirina kesayet \u00fb r\u00eaxistinb\u00fbna jina azad daye. Berd\u00eal\u00ean pir mezin hate day\u00een, l\u00ea niha jin di p\u00ea\u015fketina d\u00eeroka azadiya gelan de risteke her\u00ee diyarker girtiye ser mil\u00ea xwe \u00fb t\u00eako\u015f\u00een dike. Ji ber v\u00ea yek\u00ea ger ku em dixwazin bersiva keda R\u00eabert\u00ee bidin w\u00ea dem\u00ea heta k\u00ealiya serkeftin\u00ea em \u00ea berxwe bidin. Bi heb\u00fbna jina azad, p\u00ea\u015feroj\u00ean azad diyar\u00ee R\u00eabert\u00ee \u00fb gel\u00ean azadixwaz bikin.<\/p>\n<p><img loading=\"lazy\" decoding=\"async\" class=\"alignnone size-medium wp-image-17950\" src=\"https:\/\/ypjrojava.net\/wp-content\/uploads\/2024\/03\/12-300x171.png\" alt=\"\" width=\"300\" height=\"171\" srcset=\"https:\/\/ypjrojava.net\/wp-content\/uploads\/2024\/03\/12-300x171.png 300w, https:\/\/ypjrojava.net\/wp-content\/uploads\/2024\/03\/12.png 350w\" sizes=\"auto, (max-width: 300px) 100vw, 300px\" \/><\/p>\n","protected":false},"excerpt":{"rendered":"<p>H\u00eaviya Min Roja Azad e Zendavesta Zerde\u015ft Di nava Tevgera Azadiy\u00ea de ti\u015fta sereke ya ku ez h\u00eav\u00ee dikim \u00fb roj bi roj teko\u015f\u00eena w\u00ea didim b\u00eaguman xwe ji n\u00fb de afirandin \u00fb p\u00eevan\u00ean jina azad weke r\u00eaheval Z\u00eelan, Ar\u00een \u00fb Av\u00easta Xabur di kesayeta xwe de ava kirin, li gor\u00ee v\u00ea di jiyana azadiya [&hellip;]<\/p>\n","protected":false},"author":1,"featured_media":17950,"comment_status":"open","ping_status":"closed","sticky":false,"template":"","format":"standard","meta":{"footnotes":""},"categories":[40],"tags":[],"class_list":{"0":"post-17949","1":"post","2":"type-post","3":"status-publish","4":"format-standard","5":"has-post-thumbnail","7":"category-wene"},"_links":{"self":[{"href":"https:\/\/ypjrojava.net\/index.php?rest_route=\/wp\/v2\/posts\/17949","targetHints":{"allow":["GET"]}}],"collection":[{"href":"https:\/\/ypjrojava.net\/index.php?rest_route=\/wp\/v2\/posts"}],"about":[{"href":"https:\/\/ypjrojava.net\/index.php?rest_route=\/wp\/v2\/types\/post"}],"author":[{"embeddable":true,"href":"https:\/\/ypjrojava.net\/index.php?rest_route=\/wp\/v2\/users\/1"}],"replies":[{"embeddable":true,"href":"https:\/\/ypjrojava.net\/index.php?rest_route=%2Fwp%2Fv2%2Fcomments&post=17949"}],"version-history":[{"count":1,"href":"https:\/\/ypjrojava.net\/index.php?rest_route=\/wp\/v2\/posts\/17949\/revisions"}],"predecessor-version":[{"id":17951,"href":"https:\/\/ypjrojava.net\/index.php?rest_route=\/wp\/v2\/posts\/17949\/revisions\/17951"}],"wp:featuredmedia":[{"embeddable":true,"href":"https:\/\/ypjrojava.net\/index.php?rest_route=\/wp\/v2\/media\/17950"}],"wp:attachment":[{"href":"https:\/\/ypjrojava.net\/index.php?rest_route=%2Fwp%2Fv2%2Fmedia&parent=17949"}],"wp:term":[{"taxonomy":"category","embeddable":true,"href":"https:\/\/ypjrojava.net\/index.php?rest_route=%2Fwp%2Fv2%2Fcategories&post=17949"},{"taxonomy":"post_tag","embeddable":true,"href":"https:\/\/ypjrojava.net\/index.php?rest_route=%2Fwp%2Fv2%2Ftags&post=17949"}],"curies":[{"name":"wp","href":"https:\/\/api.w.org\/{rel}","templated":true}]}}