{"id":17952,"date":"2024-04-01T14:54:50","date_gmt":"2024-04-01T13:54:50","guid":{"rendered":"https:\/\/ypjrojava.net\/?p=17952"},"modified":"2024-04-01T14:54:50","modified_gmt":"2024-04-01T13:54:50","slug":"sopa-heqiqete","status":"publish","type":"post","link":"https:\/\/ypjrojava.net\/?p=17952","title":{"rendered":"\u015eopa Heq\u00eeqet\u00ea"},"content":{"rendered":"<p><strong>\u015eopa Heq\u00eeqet\u00ea<\/strong><\/p>\n<p><strong>R\u00fbken Ercan Helinc\u00ea<\/strong><\/p>\n<p>Heq\u00eeqet \u00eero di nava fikr\u00ea R\u00eaber Apo de zind\u00ee ye. Heq\u00eeqeta ku R\u00eaber Apo afirandiye, di nava dil\u00ea her \u015fore\u015fgerek\u00ea\/\u00ee de wek\u00ee peyv\u00ean z\u00ear\u00een hatiye gerandin. Heq\u00eeqeta rast rastiya me \u00fb ya gel\u00ea me ye. Her gotina R\u00eaber Apo wek \u00e7ir\u00fbskek ji agir di dil\u00ea me de ge\u015f dibe. Wek zarok\u00ean v\u00ea welat\u00ee m\u00eena Man\u00ee, Mens\u00fbr\u00ea Helac ku bi agir\u00ea \u015faristaniy\u00ea hatin \u015fewitandin. Ji ber v\u00ea yek\u00ea Mens\u00fbr dib\u00eaje: \u201c<em>En-el heq<\/em> bih\u00eest ku ez di nava \u015faristaniy\u00ea de hatim \u015fewatandin. L\u00ea agahiya min ji min n\u00een b\u00fb.\u201d<\/p>\n<p>Dema niv\u00eesa destana mirovahiy\u00ea heq\u00eeqet bi nav kirib\u00fb, wek enerjiyek\u00ea di dil\u00ea min, hundir\u00ea min \u00fb m\u00eajiy\u00ea min de wek behra \u00cemraliy\u00ea ez ber bi r\u00eaber Apo ve herikandim. Dema ku R\u00eaber\u00ea heq\u00eeqet\u00ea behsa azadiy\u00ea dikir, min j\u00ee xwe l\u00eapirs\u00een dikir. \u201cKa day\u00eeka xwedawend\u201d a ku herdem\u00ea heskirina jiyan\u00ea ava dike. Ji ber \u00e7av\u00ea min her dem azadiy\u00ea digere, dil\u00ea min her dem ev\u00eena Kurd dixwaze, guh\u00ea min her dem dixwaze deng\u00ea R\u00eaber Apo bibih\u00eeze. Ziman\u00ea min dib\u00eaje, eger jiyana xwezay\u00ee hi\u015fk bibe w\u00ea bi felsefa Heq\u00eeqet\u00ea ji n\u00fb de \u015f\u00een bibe \u00fb bibe jiyan.<\/p>\n<p><img loading=\"lazy\" decoding=\"async\" class=\"alignnone size-medium wp-image-17953\" src=\"https:\/\/ypjrojava.net\/wp-content\/uploads\/2024\/04\/REBER-APO-145-300x204.jpg\" alt=\"\" width=\"300\" height=\"204\" srcset=\"https:\/\/ypjrojava.net\/wp-content\/uploads\/2024\/04\/REBER-APO-145-300x204.jpg 300w, https:\/\/ypjrojava.net\/wp-content\/uploads\/2024\/04\/REBER-APO-145-220x150.jpg 220w, https:\/\/ypjrojava.net\/wp-content\/uploads\/2024\/04\/REBER-APO-145.jpg 714w\" sizes=\"auto, (max-width: 300px) 100vw, 300px\" \/><\/p>\n","protected":false},"excerpt":{"rendered":"<p>\u015eopa Heq\u00eeqet\u00ea R\u00fbken Ercan Helinc\u00ea Heq\u00eeqet \u00eero di nava fikr\u00ea R\u00eaber Apo de zind\u00ee ye. Heq\u00eeqeta ku R\u00eaber Apo afirandiye, di nava dil\u00ea her \u015fore\u015fgerek\u00ea\/\u00ee de wek\u00ee peyv\u00ean z\u00ear\u00een hatiye gerandin. Heq\u00eeqeta rast rastiya me \u00fb ya gel\u00ea me ye. Her gotina R\u00eaber Apo wek \u00e7ir\u00fbskek ji agir di dil\u00ea me de ge\u015f dibe. Wek [&hellip;]<\/p>\n","protected":false},"author":1,"featured_media":17953,"comment_status":"open","ping_status":"closed","sticky":false,"template":"","format":"standard","meta":{"footnotes":""},"categories":[40],"tags":[],"class_list":{"0":"post-17952","1":"post","2":"type-post","3":"status-publish","4":"format-standard","5":"has-post-thumbnail","7":"category-wene"},"_links":{"self":[{"href":"https:\/\/ypjrojava.net\/index.php?rest_route=\/wp\/v2\/posts\/17952","targetHints":{"allow":["GET"]}}],"collection":[{"href":"https:\/\/ypjrojava.net\/index.php?rest_route=\/wp\/v2\/posts"}],"about":[{"href":"https:\/\/ypjrojava.net\/index.php?rest_route=\/wp\/v2\/types\/post"}],"author":[{"embeddable":true,"href":"https:\/\/ypjrojava.net\/index.php?rest_route=\/wp\/v2\/users\/1"}],"replies":[{"embeddable":true,"href":"https:\/\/ypjrojava.net\/index.php?rest_route=%2Fwp%2Fv2%2Fcomments&post=17952"}],"version-history":[{"count":1,"href":"https:\/\/ypjrojava.net\/index.php?rest_route=\/wp\/v2\/posts\/17952\/revisions"}],"predecessor-version":[{"id":17954,"href":"https:\/\/ypjrojava.net\/index.php?rest_route=\/wp\/v2\/posts\/17952\/revisions\/17954"}],"wp:featuredmedia":[{"embeddable":true,"href":"https:\/\/ypjrojava.net\/index.php?rest_route=\/wp\/v2\/media\/17953"}],"wp:attachment":[{"href":"https:\/\/ypjrojava.net\/index.php?rest_route=%2Fwp%2Fv2%2Fmedia&parent=17952"}],"wp:term":[{"taxonomy":"category","embeddable":true,"href":"https:\/\/ypjrojava.net\/index.php?rest_route=%2Fwp%2Fv2%2Fcategories&post=17952"},{"taxonomy":"post_tag","embeddable":true,"href":"https:\/\/ypjrojava.net\/index.php?rest_route=%2Fwp%2Fv2%2Ftags&post=17952"}],"curies":[{"name":"wp","href":"https:\/\/api.w.org\/{rel}","templated":true}]}}