{"id":17959,"date":"2024-04-02T07:54:08","date_gmt":"2024-04-02T06:54:08","guid":{"rendered":"https:\/\/ypjrojava.net\/?p=17959"},"modified":"2024-04-02T07:54:08","modified_gmt":"2024-04-02T06:54:08","slug":"ez-sopdariya-reya-azadiya-we-dikim","status":"publish","type":"post","link":"https:\/\/ypjrojava.net\/?p=17959","title":{"rendered":"Ez \u015eopdariya R\u00eaya Azadiya We Dikim"},"content":{"rendered":"<p><strong>Ez \u015eopdariya R\u00eaya Azadiya We Dikim<\/strong><\/p>\n<p><strong><em>Amara Efr\u00een<\/em><\/strong><\/p>\n<p>Dema ku mirov dixwaze ji bona R\u00eabert\u00ee hest \u00fb fikr\u00ean xwe biniv\u00ees\u00eene, gotin t\u00ear\u00ea nakin, mirov li hember mezinb\u00fbna rastiya R\u00eaber Apo heyran dim\u00eene. Ez digih\u00eejim asteke wisa ku p\u00ean\u00fbs di dest\u00ean min de dileriz\u00ea.<\/p>\n<p>R\u00eaber Apo bi me\u015fa xwe ya di jiyan\u00ea de t\u00eako\u015f\u00een di zarokatiya xwe de da destp\u00eakirin. Bi ked \u00fb hezkirina xwe ya jiyan\u00ea, ji bona serkeftin\u00ea \u00fb p\u00eakan\u00eena armanc\u00ean xwe her dem\u00ea bi \u00eesrar b\u00fb \u00fb bi \u00eesrar e. Civak an\u00ee asteke wisa ku her kesek karibe her ti\u015ftek\u00ea f\u00eam bike \u00fb tehl\u00eel bike. R\u00eabert\u00ee di zarokatiya xwe de gelek ti\u015ft kirin. Ji bona ku karibe zarokan li derdora xwe kom bike, her gavek xwe ya di \u00e7iyayan de hevalt\u00ee dike. R\u00eabert\u00ee ev yek di heft saliya xwe de kir, ji ber ku di temen\u00ea xwe y\u00ea zarokat\u00ee de li pey t\u00eako\u015f\u00eena azadiy\u00ea b\u00fb. Heta hevaltiya w\u00ee ya bi jin\u00ea re hi\u015ft ku, nakokiy\u00ean ku rastiyan derxe hol\u00ea, destp\u00ea bikin. Eger di roja me ya \u00eero de em g\u00eehi\u015ftine asta \u015fore\u015fa jin\u00ea, ev bi keda R\u00eabert\u00ee re p\u00eakan b\u00fbye. Eger ku \u00eero jin dikare t\u00eako\u015f\u00eena azadiy\u00ea bide me\u015fandin \u00fb di oxira nirx\u00ean ku j\u00ea bawer dike, b\u00eatered\u00fbt can\u00ea xwe bi ruh\u00ea fedaiyane bide, ev tevah\u00ee bi t\u00eako\u015f\u00eena R\u00eaber Apo gengaz b\u00fbye. \u00a0Ji bona v\u00ea j\u00ee ez weke jinek\u00ea, \u015fopdariya r\u00eaya azadiy\u00ea ya ku bi saya R\u00eabertiya me hatiye ron\u00eekirin, dikim. Ez\u00ea her dem\u00ea bikim. Ji ber ku ten\u00ea yek r\u00eaya xwe azadkirine heye; ew j\u00ee di rastiya fikir \u00fb felsefeya R\u00eabert\u00ee de xwe k\u00fbrkirin e. Ji bo ku ez karibim bersiva keda R\u00eabert\u00ee bidim, ev p\u00eaw\u00eest e. Di fikir \u00fb rih de t\u00eako\u015fan gir\u00eeng e. Ji bo ku ez karibim v\u00ea bikim, xwe an\u00eena asta jineke zaneb\u00fby\u00ee p\u00eaw\u00eest e.<\/p>\n<p><img loading=\"lazy\" decoding=\"async\" class=\"alignnone size-medium wp-image-17960\" src=\"https:\/\/ypjrojava.net\/wp-content\/uploads\/2024\/04\/REBER-APO-161-271x300.jpg\" alt=\"\" width=\"271\" height=\"300\" srcset=\"https:\/\/ypjrojava.net\/wp-content\/uploads\/2024\/04\/REBER-APO-161-271x300.jpg 271w, https:\/\/ypjrojava.net\/wp-content\/uploads\/2024\/04\/REBER-APO-161.jpg 568w\" sizes=\"auto, (max-width: 271px) 100vw, 271px\" \/><\/p>\n","protected":false},"excerpt":{"rendered":"<p>Ez \u015eopdariya R\u00eaya Azadiya We Dikim Amara Efr\u00een Dema ku mirov dixwaze ji bona R\u00eabert\u00ee hest \u00fb fikr\u00ean xwe biniv\u00ees\u00eene, gotin t\u00ear\u00ea nakin, mirov li hember mezinb\u00fbna rastiya R\u00eaber Apo heyran dim\u00eene. Ez digih\u00eejim asteke wisa ku p\u00ean\u00fbs di dest\u00ean min de dileriz\u00ea. R\u00eaber Apo bi me\u015fa xwe ya di jiyan\u00ea de t\u00eako\u015f\u00een di zarokatiya [&hellip;]<\/p>\n","protected":false},"author":1,"featured_media":17960,"comment_status":"open","ping_status":"closed","sticky":false,"template":"","format":"standard","meta":{"footnotes":""},"categories":[40],"tags":[],"class_list":{"0":"post-17959","1":"post","2":"type-post","3":"status-publish","4":"format-standard","5":"has-post-thumbnail","7":"category-wene"},"_links":{"self":[{"href":"https:\/\/ypjrojava.net\/index.php?rest_route=\/wp\/v2\/posts\/17959","targetHints":{"allow":["GET"]}}],"collection":[{"href":"https:\/\/ypjrojava.net\/index.php?rest_route=\/wp\/v2\/posts"}],"about":[{"href":"https:\/\/ypjrojava.net\/index.php?rest_route=\/wp\/v2\/types\/post"}],"author":[{"embeddable":true,"href":"https:\/\/ypjrojava.net\/index.php?rest_route=\/wp\/v2\/users\/1"}],"replies":[{"embeddable":true,"href":"https:\/\/ypjrojava.net\/index.php?rest_route=%2Fwp%2Fv2%2Fcomments&post=17959"}],"version-history":[{"count":1,"href":"https:\/\/ypjrojava.net\/index.php?rest_route=\/wp\/v2\/posts\/17959\/revisions"}],"predecessor-version":[{"id":17961,"href":"https:\/\/ypjrojava.net\/index.php?rest_route=\/wp\/v2\/posts\/17959\/revisions\/17961"}],"wp:featuredmedia":[{"embeddable":true,"href":"https:\/\/ypjrojava.net\/index.php?rest_route=\/wp\/v2\/media\/17960"}],"wp:attachment":[{"href":"https:\/\/ypjrojava.net\/index.php?rest_route=%2Fwp%2Fv2%2Fmedia&parent=17959"}],"wp:term":[{"taxonomy":"category","embeddable":true,"href":"https:\/\/ypjrojava.net\/index.php?rest_route=%2Fwp%2Fv2%2Fcategories&post=17959"},{"taxonomy":"post_tag","embeddable":true,"href":"https:\/\/ypjrojava.net\/index.php?rest_route=%2Fwp%2Fv2%2Ftags&post=17959"}],"curies":[{"name":"wp","href":"https:\/\/api.w.org\/{rel}","templated":true}]}}