{"id":17966,"date":"2024-04-03T10:55:23","date_gmt":"2024-04-03T09:55:23","guid":{"rendered":"https:\/\/ypjrojava.net\/?p=17966"},"modified":"2024-04-03T10:55:23","modified_gmt":"2024-04-03T09:55:23","slug":"nameyek-ji-bo-reberti","status":"publish","type":"post","link":"https:\/\/ypjrojava.net\/?p=17966","title":{"rendered":"Nameyek ji bo R\u00eabert\u00ee"},"content":{"rendered":"<p><strong>Nameyek ji bo R\u00eabert\u00ee<\/strong><\/p>\n<p><strong>Ar\u00een Efr\u00een<\/strong><\/p>\n<p>Ez ev\u00eendar\u00ea jiyana azad im \u00fb h\u00eaviy\u00ean her\u00ee mezin bi heb\u00fbn \u00fb raman\u00ean te mezin dikim. Mezinb\u00fbna jiyan\u00ea bi \u015fewq \u00fb ronahiya Roj\u00ea ve p\u00ea\u015f dikeve \u00fb ji bo tevahiya mirovahiy\u00ea dibe h\u00eav\u00ee, dibe co\u015fa jiyan\u00ea.<\/p>\n<p>R\u00eaber\u00ea min, bi fikir \u00fb raman\u00ean te, em dibin \u015fopdar\u00ea heq\u00eeqet\u00ea. Her dem\u00ean ku derbas dibin e\u015fqa azadiy\u00ea h\u00een z\u00eadetir di nava dil \u00fb m\u00eajiy\u00ea me de mezin dike. Weke ku mirov di nava agir\u00ea azadiy\u00ea de ji n\u00fb ve xwe ava bike \u00fb her avab\u00fbneke n\u00fb, bibe berdewamiya r\u00eaya berxwedaniy\u00ea. Di nava v\u00ea berxwedaniy\u00ea de bi fikr\u00ean her\u00ee azad, nas kirina d\u00eerok\u00ean wendab\u00fby\u00ee p\u00ea\u015f dikeve \u00fb p\u00ea ve gir\u00eaday\u00ee heskirina jiyan \u00fb gerd\u00fbn\u00ea dixuliq\u00ea.<\/p>\n<p>K\u00eal\u00ee bi k\u00eal\u00ee li hember heb\u00fbn \u00fb rastiya te, xwe l\u00eapirs\u00een bikim j\u00ee k\u00eam e, ji ber ku te vej\u00eena n\u00fb diyar\u00ee mirovahiy\u00ea kir. Tu di tar\u00eetiy\u00ean her\u00ee k\u00fbr de ji bo tevahiya jinan b\u00fby\u00ee ronahiya jiyan\u00ea. Di nava zordariy\u00ean serdestan de t\u00eako\u015f\u00eena te b\u00fb h\u00eaviya \u00e7av\u00ean zarokan. Ji ber v\u00ea yek\u00ea ez hertim li hember rastiya te, xwe k\u00eam dib\u00eenim \u00fb hertim hewl didim bersiva ked\u00ean b\u00ea hempa bidim. Ji bo v\u00ea di destp\u00eak\u00ea de li hember\u00ee xwe t\u00eako\u015f\u00een dikim. Em weke jin di oxira jiyana azad de can\u00ea xwe j\u00ee feda bikin li hember rastiya heb\u00fbna te kem e. Me soza serkeftin\u00ea daye, ji bona v\u00ea em\u00ea heta daw\u00ee di v\u00ea r\u00eaya p\u00eeroz de berxwe bidin, bibin \u015fopdar\u00ea heq\u00eeqet\u00ea. Li hember hem\u00fb zordariy\u00ean desthiladariy\u00ea, te t\u00eako\u015f\u00eena her\u00ee bi nirx \u00fb ya ku tucar\u00ee bin nakeve p\u00ea\u015f xist \u00fb bi hezaran kes bi v\u00ea rastiy\u00ea re b\u00fbne yek.<\/p>\n<p>Armanca min ya sereke roj bi roj h\u00een z\u00eadetir di felsefa te ya jiyan\u00ea de k\u00fbr bibim. Ji ber ku her ku xwe nas bikim ewqas\u00ee rastiya d\u00eerok \u00fb \u00ea\u015fa gel\u00ea xwe j\u00ee nas dikim. Di bingeha rast jiy\u00een\u00ea de rast\u00ee nas\u00een \u00fb f\u00eamkirin j\u00ee heye. Ji bo \u015fereke rast, di destp\u00eak\u00ea de naskirin, f\u00earb\u00fbn \u00fb li gor\u00ee wan tevgera rast ya t\u00eako\u015f\u00een\u00ea p\u00eaw\u00eest dike. Serxistina van hem\u00fbyan j\u00ee di f\u00eamkirin \u00fb naskirina rastiya R\u00eabert\u00ee de ve\u015fartiy\u00ea. \u00c7avkaniya hem\u00fb ronahiyan weke hinaseyek\u00ea n\u00eaz\u00ee me ye. Ji ber v\u00ea yek\u00ea bi her away\u00ee h\u00eeskirin mijara sereke ye. Ji bo ku ez bikaribim di wateya her\u00ee rast de bi te re hevalt\u00ee bikim, di destp\u00eak\u00ea de xwe gihandina asta p\u00eevan\u00ean jina azad p\u00eaw\u00eest dike. Ji ber her ku ev p\u00eevan werin dahurandin \u00fb cewher\u00eekirin, ewqas rast dikarin p\u00ea\u015fengtiya t\u00ea xwestin ji bo civaka xwe bikin. Em weke \u015fervan\u00ean v\u00ea doz\u00ea soza \u015fopandina heq\u00eeqet \u00fb t\u00eako\u015f\u00een\u00ea didin. Li hember rastiya R\u00eabert\u00ee em\u00ea her tim rast n\u00eaz bibin.<\/p>\n<p><img loading=\"lazy\" decoding=\"async\" class=\"alignnone size-medium wp-image-17967\" src=\"https:\/\/ypjrojava.net\/wp-content\/uploads\/2024\/04\/REBER-APO-365-300x207.jpg\" alt=\"\" width=\"300\" height=\"207\" srcset=\"https:\/\/ypjrojava.net\/wp-content\/uploads\/2024\/04\/REBER-APO-365-300x207.jpg 300w, https:\/\/ypjrojava.net\/wp-content\/uploads\/2024\/04\/REBER-APO-365.jpg 724w\" sizes=\"auto, (max-width: 300px) 100vw, 300px\" \/><\/p>\n","protected":false},"excerpt":{"rendered":"<p>Nameyek ji bo R\u00eabert\u00ee Ar\u00een Efr\u00een Ez ev\u00eendar\u00ea jiyana azad im \u00fb h\u00eaviy\u00ean her\u00ee mezin bi heb\u00fbn \u00fb raman\u00ean te mezin dikim. Mezinb\u00fbna jiyan\u00ea bi \u015fewq \u00fb ronahiya Roj\u00ea ve p\u00ea\u015f dikeve \u00fb ji bo tevahiya mirovahiy\u00ea dibe h\u00eav\u00ee, dibe co\u015fa jiyan\u00ea. R\u00eaber\u00ea min, bi fikir \u00fb raman\u00ean te, em dibin \u015fopdar\u00ea heq\u00eeqet\u00ea. Her dem\u00ean [&hellip;]<\/p>\n","protected":false},"author":1,"featured_media":17967,"comment_status":"open","ping_status":"closed","sticky":false,"template":"","format":"standard","meta":{"footnotes":""},"categories":[40],"tags":[],"class_list":{"0":"post-17966","1":"post","2":"type-post","3":"status-publish","4":"format-standard","5":"has-post-thumbnail","7":"category-wene"},"_links":{"self":[{"href":"https:\/\/ypjrojava.net\/index.php?rest_route=\/wp\/v2\/posts\/17966","targetHints":{"allow":["GET"]}}],"collection":[{"href":"https:\/\/ypjrojava.net\/index.php?rest_route=\/wp\/v2\/posts"}],"about":[{"href":"https:\/\/ypjrojava.net\/index.php?rest_route=\/wp\/v2\/types\/post"}],"author":[{"embeddable":true,"href":"https:\/\/ypjrojava.net\/index.php?rest_route=\/wp\/v2\/users\/1"}],"replies":[{"embeddable":true,"href":"https:\/\/ypjrojava.net\/index.php?rest_route=%2Fwp%2Fv2%2Fcomments&post=17966"}],"version-history":[{"count":1,"href":"https:\/\/ypjrojava.net\/index.php?rest_route=\/wp\/v2\/posts\/17966\/revisions"}],"predecessor-version":[{"id":17968,"href":"https:\/\/ypjrojava.net\/index.php?rest_route=\/wp\/v2\/posts\/17966\/revisions\/17968"}],"wp:featuredmedia":[{"embeddable":true,"href":"https:\/\/ypjrojava.net\/index.php?rest_route=\/wp\/v2\/media\/17967"}],"wp:attachment":[{"href":"https:\/\/ypjrojava.net\/index.php?rest_route=%2Fwp%2Fv2%2Fmedia&parent=17966"}],"wp:term":[{"taxonomy":"category","embeddable":true,"href":"https:\/\/ypjrojava.net\/index.php?rest_route=%2Fwp%2Fv2%2Fcategories&post=17966"},{"taxonomy":"post_tag","embeddable":true,"href":"https:\/\/ypjrojava.net\/index.php?rest_route=%2Fwp%2Fv2%2Ftags&post=17966"}],"curies":[{"name":"wp","href":"https:\/\/api.w.org\/{rel}","templated":true}]}}