{"id":18024,"date":"2024-04-06T11:23:30","date_gmt":"2024-04-06T10:23:30","guid":{"rendered":"https:\/\/ypjrojava.net\/?p=18024"},"modified":"2024-04-06T11:23:30","modified_gmt":"2024-04-06T10:23:30","slug":"ji-gele-me-u-raya-gisti-re-23","status":"publish","type":"post","link":"https:\/\/ypjrojava.net\/?p=18024","title":{"rendered":"Ji Gel\u00ea Me \u00fb Raya Gi\u015ft\u00ee Re"},"content":{"rendered":"<p><strong>Ji Gel\u00ea Me \u00fb Raya Gi\u015ft\u00ee Re<\/strong><\/p>\n<p>R\u00eaheval\u00ean me Ar\u00een Koban\u00ea \u00fb Sorxw\u00een Celal di encama \u00ear\u00ee\u015fa heway\u00ee ya dewleta dagirker \u00fb fa\u015f\u00eest a Tirk de \u015feh\u00eed b\u00fbn.<\/p>\n<p>Di encama \u00ear\u00ee\u015fa dewleta Tirk ya dagirker \u00fb qirker ku li beramber\u00ee \u015fervan \u00fb p\u00ea\u015feng, welatpar\u00eaz \u00fb kedkar\u00ean \u015fore\u015f\u00ea di nav \u00ear\u00ee\u015f\u00ean her\u00ee hovane de ye, di 3\u2019\u00ea N\u00eesan\u00ea li Koban\u00ea de r\u00eaheval\u00ean me Ar\u00een Koban\u00ea \u00fb Fermandar Sorxw\u00een Celal \u015feh\u00eed b\u00fbn. Em li beramber\u00ee b\u00eeran\u00een \u00fb keda van r\u00eaheval\u00ean xwe bejna xwe ditew\u00eenin. Wan bi r\u00eazdar\u00ee \u00fb hurmet bi b\u00eer t\u00eenin. Ji malbat\u00ean wan y\u00ean welatpar\u00eaz, gel\u00ea xwe \u00fb hem\u00fb \u015fervanan re sersaxiy\u00ea dixwazin \u00fb didin diyarkirin ku d\u00ea tola yek bi yek\u00ea van \u00ear\u00ee\u015fan were hilan\u00een.<\/p>\n<p>Hevala me Ar\u00een Koban\u00ea di malbateke welatpar\u00eaz \u00fb dilsoz\u00ea doz\u00ea hate dinyay\u00ea \u00fb bi v\u00ea \u00e7and\u00ea j\u00ee mezin b\u00fb. Di temeneke ciwan j\u00ee di nav t\u00eako\u015f\u00eena \u015fore\u015f\u00ea de cih girt \u00fb b\u00fb yek ji kedkar\u00ean j\u00eahat\u00ee y\u00ean \u015fore\u015fa azadiy\u00ea. Bi feraseta parastina gel\u00ea xwe, bi p\u00eevan\u00ean mil\u00eetan\u00ee be\u015fdar\u00ee hem\u00fb hemle \u00fb erkan b\u00fb \u00fb wiha j\u00ee p\u00ea\u015fengtiyeke xurt da me\u015fandin.<\/p>\n<p>Hevala me Sorxw\u00een Celal ku ji e\u015f\u00eereta Pinyani\u015f\u00ee ya welatpar\u00eaz li \u00c7el\u00ea hate c\u00eehan\u00ea, bi \u00e7anda resen ya Kurdewar\u00ee mezin b\u00fb. Ew ji kaniya welatpar\u00eaziy\u00ea xwe perwerde kir \u00fb \u00e7awa ku li kolan\u00ean \u00c7el\u00ea li dij\u00ee h\u00eaz\u00ean dagirker di zarok\u00eeniya xwe de di serhildanan de akt\u00eef cih girt, dema ku \u00e7etey\u00ean DA\u00ce\u015e\u2019\u00ea bi pi\u015ftevaniya dewleta fa\u015f\u00eest \u00fb qirker ya Tirk \u00ear\u00ee\u015f\u00ea Koban\u00ea kirin, ber\u00ea xwe da bajar\u00ea berxwedan\u00ea. Hevala me Sorxw\u00een di sala 2014\u2019an tevl\u00ee berxwedana Koban\u00ea b\u00fb \u00fb heya k\u00ealiya \u015fehadeta xwe di hem\u00fb p\u00eangav \u00fb hemley\u00ean \u015fore\u015fger\u00ee de bi w\u00earek\u00ee \u00fb fedakariyeke mezin cih girt. Di hemleya Tilberak \u00fb Tilhemis heya \u015fer\u00ea li Hesek\u00ea \u00fb Ser\u00eakaniy\u00ea, tim li eniya p\u00ea\u015f \u00fb bi rola p\u00ea\u015fengt\u00ee rab\u00fb \u00fb bi awayeke w\u00earek \u00fb dilsoz tevl\u00ee b\u00fb. Fermandara me Sorxw\u00een Celal di \u015fer de bi caran bir\u00eendar b\u00fb \u00fb \u00e7aveke xwe j\u00ee wenda kir \u00fb b\u00fb gaziyeke \u015fore\u015f\u00ea. Fermandar Sorxw\u00een ku fermandareke dilmezin b\u00fb, kar\u00ee her \u015fervan \u00fb hevaleke xwe di dil\u00ea xwe de bi cih bike. Bi mutewaz\u00eet\u00ee \u00fb sebira xwe hate nas\u00een.\u00a0 Ji h\u00eala hem\u00fb heval\u00ean xwe ve hate hezkirin \u00fb \u015fopeke pir k\u00fbr li ser her hevaleke xwe da \u00e7\u00eakirin.<\/p>\n<p>Em dubare ji malbat \u00fb gel\u00ea xwe re sersax\u00ee dixwazin \u00fb v\u00ea destn\u00ee\u015fan dikin ku em\u00ea li ser r\u00ea\u00e7 \u00fb armanc\u00ea r\u00eaheval\u00ean xwe y\u00ean \u015feh\u00eed t\u00eako\u015f\u00eena xwe mezintir bikin. Em\u00ea ala ku wan rakirin \u00fb niha j\u00ee dewr\u00ea me kirin, bi serketin\u00ea tac\u00eedar bikin. Em ji gel\u00ea xwe j\u00ee dixwazin ku xwe li doza \u015feh\u00eed\u00ean xwe xwed\u00ee derkevin. Li beramber\u00ee l\u00eestok \u00fb \u00ear\u00ee\u015f\u00ean xay\u00eenane y\u00ean dijmin bi \u015fiyar\u00ee n\u00eaz bibin \u00fb bertek\u00ean di cih de raber bikin.<\/p>\n<p><strong>Nsnameya Hevr\u00eay\u00ean Me Y\u00ean \u015eeh\u00eed Wehaye:<\/strong><\/p>\n<p><img loading=\"lazy\" decoding=\"async\" class=\"alignnone size-medium wp-image-18026\" src=\"https:\/\/ypjrojava.net\/wp-content\/uploads\/2024\/04\/SEHID-SORXWIN-CELAL-2-300x219.png\" alt=\"\" width=\"300\" height=\"219\" srcset=\"https:\/\/ypjrojava.net\/wp-content\/uploads\/2024\/04\/SEHID-SORXWIN-CELAL-2-300x219.png 300w, https:\/\/ypjrojava.net\/wp-content\/uploads\/2024\/04\/SEHID-SORXWIN-CELAL-2-1024x746.png 1024w, https:\/\/ypjrojava.net\/wp-content\/uploads\/2024\/04\/SEHID-SORXWIN-CELAL-2-768x560.png 768w, https:\/\/ypjrojava.net\/wp-content\/uploads\/2024\/04\/SEHID-SORXWIN-CELAL-2-1536x1120.png 1536w, https:\/\/ypjrojava.net\/wp-content\/uploads\/2024\/04\/SEHID-SORXWIN-CELAL-2-2048x1493.png 2048w\" sizes=\"auto, (max-width: 300px) 100vw, 300px\" \/><\/p>\n<p><strong>Nasnav:\u00a0<\/strong>Sorw\u00een Celal<\/p>\n<p><strong>Nav \u00fb Pa\u015fnav: <\/strong>\u00a0Vahide Atalay<\/p>\n<p><strong>Nav\u00ea Dayik\u00ea: <\/strong>H\u00fczneycan<\/p>\n<p><strong>Nav\u00ea Bav:\u00a0<\/strong>Haci<\/p>\n<p><strong>Cih \u00fb D\u00eeroka \u015eehadet\u00ea: 03.04.2024\/Koban\u00ea<\/strong><\/p>\n<p><img loading=\"lazy\" decoding=\"async\" class=\"alignnone size-medium wp-image-18027\" src=\"https:\/\/ypjrojava.net\/wp-content\/uploads\/2024\/04\/SEHID-ARIN-KOBANE-300x219.png\" alt=\"\" width=\"300\" height=\"219\" srcset=\"https:\/\/ypjrojava.net\/wp-content\/uploads\/2024\/04\/SEHID-ARIN-KOBANE-300x219.png 300w, https:\/\/ypjrojava.net\/wp-content\/uploads\/2024\/04\/SEHID-ARIN-KOBANE-1024x746.png 1024w, https:\/\/ypjrojava.net\/wp-content\/uploads\/2024\/04\/SEHID-ARIN-KOBANE-768x560.png 768w, https:\/\/ypjrojava.net\/wp-content\/uploads\/2024\/04\/SEHID-ARIN-KOBANE-1536x1120.png 1536w, https:\/\/ypjrojava.net\/wp-content\/uploads\/2024\/04\/SEHID-ARIN-KOBANE-2048x1493.png 2048w\" sizes=\"auto, (max-width: 300px) 100vw, 300px\" \/><\/p>\n<p><strong>Nasnav:<\/strong> Ar\u00een Koban\u00ea<\/p>\n<p><strong>Cih \u00fb D\u00eeroka \u015eehadet\u00ea:<\/strong> 03-04-2024<\/p>\n<p><strong>Silav \u00fb R\u00eaz\u00ean \u015eore\u015fger\u00ee<\/strong><\/p>\n<p><strong>Fermandariya Gi\u015ft\u00ee ya YPJ\u2019\u00ea<\/strong><\/p>\n<p><strong>2024-04-06 \u00a0<\/strong><\/p>\n<p>&nbsp;<\/p>\n","protected":false},"excerpt":{"rendered":"<p>Ji Gel\u00ea Me \u00fb Raya Gi\u015ft\u00ee Re R\u00eaheval\u00ean me Ar\u00een Koban\u00ea \u00fb Sorxw\u00een Celal di encama \u00ear\u00ee\u015fa heway\u00ee ya dewleta dagirker \u00fb fa\u015f\u00eest a Tirk de \u015feh\u00eed b\u00fbn. Di encama \u00ear\u00ee\u015fa dewleta Tirk ya dagirker \u00fb qirker ku li beramber\u00ee \u015fervan \u00fb p\u00ea\u015feng, welatpar\u00eaz \u00fb kedkar\u00ean \u015fore\u015f\u00ea di nav \u00ear\u00ee\u015f\u00ean her\u00ee hovane de ye, di [&hellip;]<\/p>\n","protected":false},"author":1,"featured_media":18025,"comment_status":"open","ping_status":"closed","sticky":false,"template":"","format":"standard","meta":{"footnotes":""},"categories":[39,40],"tags":[],"class_list":{"0":"post-18024","1":"post","2":"type-post","3":"status-publish","4":"format-standard","5":"has-post-thumbnail","7":"category-daxuyani","8":"category-wene"},"_links":{"self":[{"href":"https:\/\/ypjrojava.net\/index.php?rest_route=\/wp\/v2\/posts\/18024","targetHints":{"allow":["GET"]}}],"collection":[{"href":"https:\/\/ypjrojava.net\/index.php?rest_route=\/wp\/v2\/posts"}],"about":[{"href":"https:\/\/ypjrojava.net\/index.php?rest_route=\/wp\/v2\/types\/post"}],"author":[{"embeddable":true,"href":"https:\/\/ypjrojava.net\/index.php?rest_route=\/wp\/v2\/users\/1"}],"replies":[{"embeddable":true,"href":"https:\/\/ypjrojava.net\/index.php?rest_route=%2Fwp%2Fv2%2Fcomments&post=18024"}],"version-history":[{"count":1,"href":"https:\/\/ypjrojava.net\/index.php?rest_route=\/wp\/v2\/posts\/18024\/revisions"}],"predecessor-version":[{"id":18028,"href":"https:\/\/ypjrojava.net\/index.php?rest_route=\/wp\/v2\/posts\/18024\/revisions\/18028"}],"wp:featuredmedia":[{"embeddable":true,"href":"https:\/\/ypjrojava.net\/index.php?rest_route=\/wp\/v2\/media\/18025"}],"wp:attachment":[{"href":"https:\/\/ypjrojava.net\/index.php?rest_route=%2Fwp%2Fv2%2Fmedia&parent=18024"}],"wp:term":[{"taxonomy":"category","embeddable":true,"href":"https:\/\/ypjrojava.net\/index.php?rest_route=%2Fwp%2Fv2%2Fcategories&post=18024"},{"taxonomy":"post_tag","embeddable":true,"href":"https:\/\/ypjrojava.net\/index.php?rest_route=%2Fwp%2Fv2%2Ftags&post=18024"}],"curies":[{"name":"wp","href":"https:\/\/api.w.org\/{rel}","templated":true}]}}