{"id":18042,"date":"2024-04-08T19:25:26","date_gmt":"2024-04-08T18:25:26","guid":{"rendered":"https:\/\/ypjrojava.net\/?p=18042"},"modified":"2024-04-08T19:25:26","modified_gmt":"2024-04-08T18:25:26","slug":"her-sal-di-reya-tekosine-de-serdemeke-nu-ye-ji-bo-pirozkirina-salvegera-cangoriyen-azadiye","status":"publish","type":"post","link":"https:\/\/ypjrojava.net\/?p=18042","title":{"rendered":"Her sal di r\u00eaya t\u00eako\u015f\u00een\u00ea de serdemeke n\u00fb ye ji bo p\u00eerozkirina salvegera cangoriy\u00ean azadiy\u00ea"},"content":{"rendered":"<p><strong>Her sal di r\u00eaya t\u00eako\u015f\u00een\u00ea de serdemeke n\u00fb ye ji bo p\u00eerozkirina salvegera cangoriy\u00ean azadiy\u00ea<\/strong><\/p>\n<p>Di 6\u2019\u00ea N\u00eesana 2015\u2019an de salvegera \u015fehadeta t\u00eako\u015fera azadiy\u00ea ya leheng Viyan Peyman \u00fb Amara Boutan a ku xwed\u00ee r\u00fbyek\u00ee ron\u00ee \u00fb tij\u00ee azad\u00ee, ke\u00e7a Dirb\u00easiy\u00ea a ku bi co\u015f \u00fb kelecana xwe di hate naskirin.<\/p>\n<p>Dema em t\u00eako\u015f\u00eena azadiy\u00ea \u00fb berxwedana gel\u00ea v\u00ee welat\u00ee li bajar\u00ea Koban\u00ea bi b\u00eer t\u00eenin, w\u00ea dem\u00ea em dizanin ku y\u00ean ku xw\u00een \u00fb xw\u00eedana xwe ya pak rijandine, ji bo ku ala serkeftin\u00ea li es\u00eeman\u00ea w\u00ee bilind bikin, mirov\u00ean bi armanc\u00ean mezin \u00fb dil\u00ean tij\u00ee bawer\u00ee \u00fb v\u00eeneke b\u00eanavber, wek \u015feh\u00eeda leheng Viyan Biman \u00fb xwediya rih\u00ea \u015fore\u015fger\u00ee \u00fb h\u00eaza \u015fore\u015fger\u00ee Amara Boutan ku bi co\u015f, \u00e7alak \u00fb hezkirina xwe ya ji jiyan\u00ea re rastiya xwe derxist hol\u00ea. Bi fedekariya ciwant\u00ee \u00a0ji bo xaka welat ti\u015ft\u00ea her\u00ee bi nirx ji bo gel\u00ea xwe kirin qurban. Wan nemiriya xwe di r\u00fbpel\u00ean d\u00eerok\u00ea de bi gotin \u00fb watey\u00ean her\u00ee bilind niv\u00eesandin.<\/p>\n<p>T\u00eako\u015fera p\u00ea\u015feng Vian Peyman mohra xwe li berxwedana serdem\u00ea ya Koban\u00ea da \u00fb sir\u00fbda jiyana azad got, da ku deng\u00ea w\u00ea li her der\u00ea be.<\/p>\n<p>Li ser v\u00ea b\u00eeran\u00eena p\u00eeroz, em soza xwe ji \u015feh\u00eedan, malbat\u00ean wan \u00fb gel\u00ea xwe y\u00ea berxwed\u00ear re n\u00fb dikin ku heta bigih\u00eajin armanc\u00ean ku ji bo wan t\u00eadiko\u015fin kirin \u00fb \u00a0can\u00ea xwe feda kirin, di r\u00eaya wan de gav\u00ean xurt biav\u00eajin \u00fb heta ku gel\u00ea me \u00fb tevah\u00ee mirovahiy\u00ea bigih\u00eajin a\u015ftiy\u00ea, t\u00eako\u015f\u00een\u00ea bime\u015f\u00eenin \u00fb bigh\u00eejin azadiy\u00ea.<\/p>\n<p><strong>\u00a0<\/strong><\/p>\n<p><strong>Navenda Ragihandin<\/strong><strong>a YPJ<\/strong><\/p>\n<p><img loading=\"lazy\" decoding=\"async\" class=\"alignnone size-medium wp-image-18043\" src=\"https:\/\/ypjrojava.net\/wp-content\/uploads\/2024\/04\/WENE-SEHID-VIYAN-PEYMAN-U-AMARA-BOTAN-HATE-PARVEKIRIN-8.4.2024-300x169.jpg\" alt=\"\" width=\"300\" height=\"169\" srcset=\"https:\/\/ypjrojava.net\/wp-content\/uploads\/2024\/04\/WENE-SEHID-VIYAN-PEYMAN-U-AMARA-BOTAN-HATE-PARVEKIRIN-8.4.2024-300x169.jpg 300w, https:\/\/ypjrojava.net\/wp-content\/uploads\/2024\/04\/WENE-SEHID-VIYAN-PEYMAN-U-AMARA-BOTAN-HATE-PARVEKIRIN-8.4.2024-1024x576.jpg 1024w, https:\/\/ypjrojava.net\/wp-content\/uploads\/2024\/04\/WENE-SEHID-VIYAN-PEYMAN-U-AMARA-BOTAN-HATE-PARVEKIRIN-8.4.2024-768x432.jpg 768w, https:\/\/ypjrojava.net\/wp-content\/uploads\/2024\/04\/WENE-SEHID-VIYAN-PEYMAN-U-AMARA-BOTAN-HATE-PARVEKIRIN-8.4.2024-1536x864.jpg 1536w, https:\/\/ypjrojava.net\/wp-content\/uploads\/2024\/04\/WENE-SEHID-VIYAN-PEYMAN-U-AMARA-BOTAN-HATE-PARVEKIRIN-8.4.2024-390x220.jpg 390w, https:\/\/ypjrojava.net\/wp-content\/uploads\/2024\/04\/WENE-SEHID-VIYAN-PEYMAN-U-AMARA-BOTAN-HATE-PARVEKIRIN-8.4.2024.jpg 1920w\" sizes=\"auto, (max-width: 300px) 100vw, 300px\" \/><\/p>\n","protected":false},"excerpt":{"rendered":"<p>Her sal di r\u00eaya t\u00eako\u015f\u00een\u00ea de serdemeke n\u00fb ye ji bo p\u00eerozkirina salvegera cangoriy\u00ean azadiy\u00ea Di 6\u2019\u00ea N\u00eesana 2015\u2019an de salvegera \u015fehadeta t\u00eako\u015fera azadiy\u00ea ya leheng Viyan Peyman \u00fb Amara Boutan a ku xwed\u00ee r\u00fbyek\u00ee ron\u00ee \u00fb tij\u00ee azad\u00ee, ke\u00e7a Dirb\u00easiy\u00ea a ku bi co\u015f \u00fb kelecana xwe di hate naskirin. Dema em t\u00eako\u015f\u00eena azadiy\u00ea [&hellip;]<\/p>\n","protected":false},"author":1,"featured_media":18043,"comment_status":"open","ping_status":"closed","sticky":false,"template":"","format":"standard","meta":{"footnotes":""},"categories":[38,40],"tags":[],"class_list":{"0":"post-18042","1":"post","2":"type-post","3":"status-publish","4":"format-standard","5":"has-post-thumbnail","7":"category-nuce","8":"category-wene"},"_links":{"self":[{"href":"https:\/\/ypjrojava.net\/index.php?rest_route=\/wp\/v2\/posts\/18042","targetHints":{"allow":["GET"]}}],"collection":[{"href":"https:\/\/ypjrojava.net\/index.php?rest_route=\/wp\/v2\/posts"}],"about":[{"href":"https:\/\/ypjrojava.net\/index.php?rest_route=\/wp\/v2\/types\/post"}],"author":[{"embeddable":true,"href":"https:\/\/ypjrojava.net\/index.php?rest_route=\/wp\/v2\/users\/1"}],"replies":[{"embeddable":true,"href":"https:\/\/ypjrojava.net\/index.php?rest_route=%2Fwp%2Fv2%2Fcomments&post=18042"}],"version-history":[{"count":1,"href":"https:\/\/ypjrojava.net\/index.php?rest_route=\/wp\/v2\/posts\/18042\/revisions"}],"predecessor-version":[{"id":18044,"href":"https:\/\/ypjrojava.net\/index.php?rest_route=\/wp\/v2\/posts\/18042\/revisions\/18044"}],"wp:featuredmedia":[{"embeddable":true,"href":"https:\/\/ypjrojava.net\/index.php?rest_route=\/wp\/v2\/media\/18043"}],"wp:attachment":[{"href":"https:\/\/ypjrojava.net\/index.php?rest_route=%2Fwp%2Fv2%2Fmedia&parent=18042"}],"wp:term":[{"taxonomy":"category","embeddable":true,"href":"https:\/\/ypjrojava.net\/index.php?rest_route=%2Fwp%2Fv2%2Fcategories&post=18042"},{"taxonomy":"post_tag","embeddable":true,"href":"https:\/\/ypjrojava.net\/index.php?rest_route=%2Fwp%2Fv2%2Ftags&post=18042"}],"curies":[{"name":"wp","href":"https:\/\/api.w.org\/{rel}","templated":true}]}}