{"id":18079,"date":"2024-04-24T05:52:34","date_gmt":"2024-04-24T04:52:34","guid":{"rendered":"https:\/\/ypjrojava.net\/?p=18079"},"modified":"2024-04-24T06:01:36","modified_gmt":"2024-04-24T05:01:36","slug":"ji-gele-me-u-raya-gisti-re-24","status":"publish","type":"post","link":"https:\/\/ypjrojava.net\/?p=18079","title":{"rendered":"Ji Gel\u00ea Me \u00fb Raya Gi\u015ft\u00ee Re"},"content":{"rendered":"<p><strong>Ji Gel\u00ea Me \u00fb Raya Gi\u015ft\u00ee Re<\/strong><\/p>\n<p>\u015eervana YPJ\u2019\u00ea Narv\u00een Hogir di d\u00eeroka 22\u2019\u00ea N\u00eesan\u00ea de di encama qezaya seyarey\u00ea de li ser r\u00eaya Sir\u00een\u00ea \u015feh\u00eed b\u00fb. Em ji malbata w\u00ea ya h\u00eaja \u00fb welatpar\u00eaz, ji hem\u00fb gel\u00ea me \u00fb r\u00eaheval\u00ean w\u00ea y\u00ean doz\u00ea re sersax\u00ee dixwazin.<\/p>\n<p>Hevr\u00eaya me Narv\u00een Hogir di sala 1995\u2019an li bajar\u00ea Qami\u015flo di malbateke welatpar\u00eaz de hate c\u00eehan\u00ea. Ji ber welatperweriya malbat\u00ea, ji temen\u00ea pi\u00e7\u00fbk bi rastiya gel\u00ea xwe \u00fb doza azadiy\u00ea hesiya \u00fb tim j\u00ee bala w\u00ea li ser t\u00eako\u015f\u00eena azadiy\u00ea b\u00fb. Hevr\u00ea Narv\u00een di p\u00eavajoya destp\u00eakirina \u015fore\u015f\u00ea, bi berpirsyar\u00ee \u00fb w\u00earekiyeke mezin tevl\u00ee nav ref\u00ean YPJ\u2019\u00ea b\u00fb. Herday\u00eem dikir ku di qad\u00ean her\u00ee dijwar \u00fb erk\u00ean her\u00ee zehmet li p\u00ea\u015f be. Di Hemleya Til Hem\u00ees ya sal\u00ean 2013 \u00fb 2015 akt\u00eef cih girt \u00fb tecr\u00fbbey\u00ean gir\u00eeng y\u00ean \u015fer bidest xist. Pi\u015fte ber\u00ea xwe da eniya Tirbespiy\u00ea, di hemleya rizgarkirina Ti\u015fr\u00een, Minbic \u00fb Reqay\u00ea de j\u00ee be\u015fdar b\u00fb. Di p\u00eavajoya ku dagirkeriya fa\u015f\u00eest ya Tirkiy\u00ea \u00ear\u00ee\u015f\u00ea Gir\u00ea Sp\u00ee kir b\u00fb xwed\u00ee t\u00eako\u015f\u00eeneke gir\u00eeng. Tim di eniy\u00ean p\u00ea\u015f \u00ean t\u00eako\u015f\u00een\u00ea de cih girt. Bi dilnizm\u00ee \u00fb co\u015fa xwe ya jiyan\u00ea hate nas\u00een \u00fb hate hezkirin.<\/p>\n<p>R\u00eahevala me Narv\u00een Hogir bi destan\u00ean qehreman\u00ee y\u00ean \u015fervan\u00ean azadiy\u00ea mezin bib\u00fb. W\u00ea j\u00ee dab\u00fb ser \u015fop\u00ean s\u00ea kurap\u00ean xwe ku di sal\u00ean 1990\u2019an de li \u00e7iyay\u00ean azad \u00ean welat \u015fer kirib\u00fbn \u00fb \u015feh\u00eed bib\u00fbn. Ji bo r\u00eahevala Narv\u00een daw\u00eekirina dagirkeriya li ser welat \u00fb avakirina pergala demokrat\u00eek \u00fb azad ya li ser bingeha pergala R\u00eaber Apo, armanca sereke b\u00fb. Lewre j\u00ee xwe hem di war\u00ea le\u015fker\u00ee, hem j\u00ee birdoz\u00ee perwerde dikir. Ne ten\u00ea di war\u00ea biran\u015f\u00ean le\u015fker\u00ee pispor b\u00fb, p\u00ea re j\u00ee di war\u00ea \u00eedeoloj\u00eek de j\u00ee gih\u00ee\u015ft danehev \u00fb k\u00fbrb\u00fbneke berbi\u00e7av.<\/p>\n<p>Em r\u00eahevala xwe Narv\u00een Hogir, bi r\u00eazdar\u00ee \u00fb bi minet bi b\u00eer t\u00eenin. Didin diyarkirin ku d\u00ea xwestek \u00fb xeyal\u00ean r\u00eahevala Narv\u00een ji bo me erk \u00fb wesiyeta bingeh\u00een be.<\/p>\n<p><strong>S\u00eec\u00eela \u015eeh\u00eed Narv\u00een Hogir wehaye<\/strong><strong>:<\/strong><\/p>\n<p><img loading=\"lazy\" decoding=\"async\" class=\"alignnone size-medium wp-image-18080\" src=\"https:\/\/ypjrojava.net\/wp-content\/uploads\/2024\/04\/SEHID-NARIVAN-288x300.png\" alt=\"\" width=\"288\" height=\"300\" srcset=\"https:\/\/ypjrojava.net\/wp-content\/uploads\/2024\/04\/SEHID-NARIVAN-288x300.png 288w, https:\/\/ypjrojava.net\/wp-content\/uploads\/2024\/04\/SEHID-NARIVAN-983x1024.png 983w, https:\/\/ypjrojava.net\/wp-content\/uploads\/2024\/04\/SEHID-NARIVAN-768x800.png 768w, https:\/\/ypjrojava.net\/wp-content\/uploads\/2024\/04\/SEHID-NARIVAN-1475x1536.png 1475w, https:\/\/ypjrojava.net\/wp-content\/uploads\/2024\/04\/SEHID-NARIVAN.png 1920w\" sizes=\"auto, (max-width: 288px) 100vw, 288px\" \/><\/p>\n<p><strong>Nasnav:<\/strong> Narv\u00een Hogir<\/p>\n<p><strong>Nav \u00fb Pa\u015fnav:<\/strong> D\u00eelan Derw\u00ea\u015f<\/p>\n<p><strong>Nav\u00ea Day\u00eek:<\/strong> Nesr\u00een<\/p>\n<p><strong>Nav\u00ea Bav:<\/strong> Mihemed S\u00eerac<\/p>\n<p><strong>Cih \u00fb D\u00eeroka \u015eehadet\u00ea:<\/strong> 22-04-2024<\/p>\n<p style=\"text-align: left;\"><strong>\u00a0 \u00a0Fermandariya Gi\u015ft\u00ee ya YPJ\u2019\u00ea<\/strong><\/p>\n<p><strong>2024-04-23<\/strong><\/p>\n<p style=\"text-align: left;\"><strong>\u00a0 \u00a0 \u00a0 \u00a0 \u00a0 \u00a0 \u00a0 \u00a0 \u00a0 \u00a0 \u00a0 \u00a0 \u00a0 \u00a0 \u00a0 \u00a0 \u00a0 \u00a0 \u00a0 \u00a0 \u00a0 \u00a0 \u00a0 \u00a0 \u00a0 \u00a0 \u00a0 \u00a0 \u00a0 \u00a0 \u00a0 \u00a0 \u00a0 \u00a0 \u00a0 \u00a0 \u00a0 \u00a0 \u00a0 \u00a0 \u00a0 \u00a0 \u00a0 \u00a0 \u00a0 \u00a0 \u00a0 <\/strong>\u00a0 \u00a0 \u00a0 \u00a0 \u00a0 \u00a0 \u00a0 \u00a0 \u00a0 \u00a0 \u00a0 \u00a0\u00a0<strong>\u00a0\u00a0\u00a0<\/strong>\u00a0\u00a0\u00a0\u00a0\u00a0\u00a0\u00a0\u00a0\u00a0\u00a0\u00a0\u00a0\u00a0\u00a0\u00a0\u00a0\u00a0\u00a0\u00a0\u00a0\u00a0\u00a0\u00a0\u00a0\u00a0\u00a0\u00a0\u00a0\u00a0\u00a0\u00a0\u00a0\u00a0\u00a0\u00a0\u00a0\u00a0\u00a0\u00a0\u00a0\u00a0\u00a0\u00a0\u00a0\u00a0\u00a0\u00a0\u00a0\u00a0\u00a0\u00a0\u00a0\u00a0\u00a0\u00a0\u00a0\u00a0\u00a0\u00a0\u00a0\u00a0\u00a0\u00a0\u00a0\u00a0\u00a0\u00a0\u00a0\u00a0\u00a0\u00a0\u00a0\u00a0\u00a0\u00a0\u00a0\u00a0\u00a0\u00a0\u00a0\u00a0\u00a0\u00a0\u00a0\u00a0\u00a0\u00a0\u00a0\u00a0\u00a0\u00a0\u00a0 \u00a0 \u00a0 \u00a0 \u00a0 \u00a0 \u00a0 \u00a0 \u00a0 \u00a0 \u00a0 \u00a0 \u00a0 \u00a0\u00a0<strong> \u00a0\u00a0\u00a0\u00a0\u00a0\u00a0\u00a0\u00a0\u00a0<\/strong><\/p>\n<p style=\"text-align: right;\">\n<p style=\"text-align: right;\"><strong>\u00a0 \u00a0 \u00a0 \u00a0 \u00a0 \u00a0 \u00a0 \u00a0 \u00a0 \u00a0 \u00a0 \u00a0 \u00a0 \u00a0 \u00a0 \u00a0 \u00a0 \u00a0 \u00a0 \u00a0 \u00a0 \u00a0 \u00a0 \u00a0 \u00a0 \u00a0 \u00a0 \u00a0 \u00a0 \u00a0 \u00a0 \u00a0 \u00a0 \u00a0 \u00a0 \u00a0 \u00a0 \u00a0 \u00a0 \u00a0 \u00a0 \u00a0 \u00a0 \u00a0 \u00a0 \u00a0 \u00a0 \u00a0 \u00a0 \u00a0 \u00a0 \u00a0 \u00a0 \u00a0 \u00a0 \u00a0 \u00a0 \u00a0 \u00a0 \u00a0 \u00a0 \u00a0 \u00a0 \u00a0 \u00a0 \u00a0 \u00a0 <\/strong><\/p>\n<p>&nbsp;<\/p>\n<p>&nbsp;<\/p>\n","protected":false},"excerpt":{"rendered":"<p>Ji Gel\u00ea Me \u00fb Raya Gi\u015ft\u00ee Re \u015eervana YPJ\u2019\u00ea Narv\u00een Hogir di d\u00eeroka 22\u2019\u00ea N\u00eesan\u00ea de di encama qezaya seyarey\u00ea de li ser r\u00eaya Sir\u00een\u00ea \u015feh\u00eed b\u00fb. Em ji malbata w\u00ea ya h\u00eaja \u00fb welatpar\u00eaz, ji hem\u00fb gel\u00ea me \u00fb r\u00eaheval\u00ean w\u00ea y\u00ean doz\u00ea re sersax\u00ee dixwazin. Hevr\u00eaya me Narv\u00een Hogir di sala 1995\u2019an li [&hellip;]<\/p>\n","protected":false},"author":1,"featured_media":18081,"comment_status":"open","ping_status":"closed","sticky":false,"template":"","format":"standard","meta":{"footnotes":""},"categories":[39,40],"tags":[],"class_list":{"0":"post-18079","1":"post","2":"type-post","3":"status-publish","4":"format-standard","5":"has-post-thumbnail","7":"category-daxuyani","8":"category-wene"},"_links":{"self":[{"href":"https:\/\/ypjrojava.net\/index.php?rest_route=\/wp\/v2\/posts\/18079","targetHints":{"allow":["GET"]}}],"collection":[{"href":"https:\/\/ypjrojava.net\/index.php?rest_route=\/wp\/v2\/posts"}],"about":[{"href":"https:\/\/ypjrojava.net\/index.php?rest_route=\/wp\/v2\/types\/post"}],"author":[{"embeddable":true,"href":"https:\/\/ypjrojava.net\/index.php?rest_route=\/wp\/v2\/users\/1"}],"replies":[{"embeddable":true,"href":"https:\/\/ypjrojava.net\/index.php?rest_route=%2Fwp%2Fv2%2Fcomments&post=18079"}],"version-history":[{"count":3,"href":"https:\/\/ypjrojava.net\/index.php?rest_route=\/wp\/v2\/posts\/18079\/revisions"}],"predecessor-version":[{"id":18084,"href":"https:\/\/ypjrojava.net\/index.php?rest_route=\/wp\/v2\/posts\/18079\/revisions\/18084"}],"wp:featuredmedia":[{"embeddable":true,"href":"https:\/\/ypjrojava.net\/index.php?rest_route=\/wp\/v2\/media\/18081"}],"wp:attachment":[{"href":"https:\/\/ypjrojava.net\/index.php?rest_route=%2Fwp%2Fv2%2Fmedia&parent=18079"}],"wp:term":[{"taxonomy":"category","embeddable":true,"href":"https:\/\/ypjrojava.net\/index.php?rest_route=%2Fwp%2Fv2%2Fcategories&post=18079"},{"taxonomy":"post_tag","embeddable":true,"href":"https:\/\/ypjrojava.net\/index.php?rest_route=%2Fwp%2Fv2%2Ftags&post=18079"}],"curies":[{"name":"wp","href":"https:\/\/api.w.org\/{rel}","templated":true}]}}