{"id":18089,"date":"2024-04-24T13:35:58","date_gmt":"2024-04-24T12:35:58","guid":{"rendered":"https:\/\/ypjrojava.net\/?p=18089"},"modified":"2024-04-24T13:35:58","modified_gmt":"2024-04-24T12:35:58","slug":"gele-qamislo-sehid-narvin-ber-bi-bedawitiye-oxirkirin","status":"publish","type":"post","link":"https:\/\/ypjrojava.net\/?p=18089","title":{"rendered":"Gel\u00ea Qam\u00ee\u015flo \u015eeh\u00eed Narv\u00een Ber bi B\u00eadaw\u00eetiy\u00ea Oxirkirin."},"content":{"rendered":"<p><strong>Gel\u00ea Qam\u00ee\u015flo \u015eeh\u00eed Narv\u00een Ber bi B\u00eadaw\u00eetiy\u00ea Oxirkirin<\/strong><\/p>\n<p><strong>\u00cero sihar\u00ea meras\u00eema \u015eeh\u00eed Narv\u00een Hogir bi be\u015fdariyeke bi heybet ya gel\u00ea Qami\u015flo li Pakrewangeha \u015eeh\u00eed Del\u00eel Saruxan hate p\u00eak an\u00een. <\/strong><\/p>\n<p><strong>\u015eeh\u00eed Narv\u00een Hogir ku du 22&#8217;\u00ea N\u00eesan\u00ea di encama qezaya seyarey\u00ea de \u015feh\u00eed b\u00fb, bi meras\u00eemeke berfireh ya ku endam\u00ean malbat\u00ea, gel\u00ea Qam\u00ee\u015flo \u00fb r\u00eaheval\u00ean w\u00ea y\u00ean doz\u00ea be\u015fdar b\u00fbn, spartin ax\u00ea. Di meras\u00eem\u00ea de ji bo \u015feh\u00eed\u00ean \u015fore\u015f\u00ea deq\u00eeqeyek\u00ea r\u00eaz hate girtin \u00fb pa\u015f\u00ea bi ser nav\u00ea Mecl\u00eesa Malbat\u00ean \u015eeh\u00eedan Necah Gulo axaftinek kir. Necah Gulo li ser gir\u00eeng\u00ee \u00fb wateya \u015fehadet\u00ea axiv\u00ee \u00fb da diyarkirin ku &#8220;\u015eeh\u00eed Narv\u00een Hogir tevl\u00ee \u015fore\u015fa azadiy\u00ea b\u00fb. Ji destp\u00eak\u00ea ve gir\u00eaday\u00ee fikir \u00fb felsefeya R\u00eaber Apo jiya \u00fb li ser \u015fopa \u015feh\u00eedan me\u015fa xwe ya ber bi ronahiya azadiy\u00ea ve gihand l\u00fbtkey\u00ea.&#8221;<\/strong><\/p>\n<p><strong>Di meras\u00eem\u00ea de bav\u00ea \u015e.Narv\u00een Hogir Mihemed Sirac j\u00ee axiv\u00ee \u00fb da zan\u00een ku ew bi \u015fehadeta Narv\u00een serbilind in \u00fb d\u00ea dest ji doza wan ya pak bernedin. Pi\u015ft\u00ee ku axaftin bi daw\u00ee b\u00fbn, bawernameya \u015fehadet\u00ea ji malbata \u015feh\u00eed re hate day\u00een. <\/strong><\/p>\n<p><strong>\u015eeh\u00eed Narv\u00een Hogir bi dir\u00fb\u015fmey\u00ean &#8220;\u015eeh\u00eed Namirin&#8221; ber bi r\u00eaw\u00eestiya xwe ya b\u00eadaw\u00ee ve hate oxirkirin. <\/strong><\/p>\n<p><strong>Navenda Ragihandin<\/strong><strong>a YPJ<\/strong><\/p>\n<p><img loading=\"lazy\" decoding=\"async\" class=\"alignnone size-medium wp-image-18090\" src=\"https:\/\/ypjrojava.net\/wp-content\/uploads\/2024\/04\/IMG_4333-300x200.jpg\" alt=\"\" width=\"300\" height=\"200\" srcset=\"https:\/\/ypjrojava.net\/wp-content\/uploads\/2024\/04\/IMG_4333-300x200.jpg 300w, https:\/\/ypjrojava.net\/wp-content\/uploads\/2024\/04\/IMG_4333.jpg 720w\" sizes=\"auto, (max-width: 300px) 100vw, 300px\" \/> <img loading=\"lazy\" decoding=\"async\" class=\"alignnone size-medium wp-image-18091\" src=\"https:\/\/ypjrojava.net\/wp-content\/uploads\/2024\/04\/IMG_4423-300x200.jpg\" alt=\"\" width=\"300\" height=\"200\" srcset=\"https:\/\/ypjrojava.net\/wp-content\/uploads\/2024\/04\/IMG_4423-300x200.jpg 300w, https:\/\/ypjrojava.net\/wp-content\/uploads\/2024\/04\/IMG_4423.jpg 720w\" sizes=\"auto, (max-width: 300px) 100vw, 300px\" \/> <img loading=\"lazy\" decoding=\"async\" class=\"alignnone size-medium wp-image-18092\" src=\"https:\/\/ypjrojava.net\/wp-content\/uploads\/2024\/04\/IMG_4509-300x200.jpg\" alt=\"\" width=\"300\" height=\"200\" srcset=\"https:\/\/ypjrojava.net\/wp-content\/uploads\/2024\/04\/IMG_4509-300x200.jpg 300w, https:\/\/ypjrojava.net\/wp-content\/uploads\/2024\/04\/IMG_4509-1024x683.jpg 1024w, https:\/\/ypjrojava.net\/wp-content\/uploads\/2024\/04\/IMG_4509-768x512.jpg 768w, https:\/\/ypjrojava.net\/wp-content\/uploads\/2024\/04\/IMG_4509-1536x1024.jpg 1536w, https:\/\/ypjrojava.net\/wp-content\/uploads\/2024\/04\/IMG_4509-2048x1365.jpg 2048w\" sizes=\"auto, (max-width: 300px) 100vw, 300px\" \/> <img loading=\"lazy\" decoding=\"async\" class=\"alignnone size-medium wp-image-18093\" src=\"https:\/\/ypjrojava.net\/wp-content\/uploads\/2024\/04\/IMG_4594-300x200.jpg\" alt=\"\" width=\"300\" height=\"200\" srcset=\"https:\/\/ypjrojava.net\/wp-content\/uploads\/2024\/04\/IMG_4594-300x200.jpg 300w, https:\/\/ypjrojava.net\/wp-content\/uploads\/2024\/04\/IMG_4594-1024x683.jpg 1024w, https:\/\/ypjrojava.net\/wp-content\/uploads\/2024\/04\/IMG_4594-768x512.jpg 768w, https:\/\/ypjrojava.net\/wp-content\/uploads\/2024\/04\/IMG_4594-1536x1024.jpg 1536w, https:\/\/ypjrojava.net\/wp-content\/uploads\/2024\/04\/IMG_4594-2048x1365.jpg 2048w\" sizes=\"auto, (max-width: 300px) 100vw, 300px\" \/><\/p>\n<p><iframe loading=\"lazy\" title=\"Li Bajar\u00ea Qami\u015flo Meras\u00eema Oxirkirina \u015eeh\u00eed Narv\u00een Hogir\" width=\"696\" height=\"392\" src=\"https:\/\/www.youtube.com\/embed\/JE3v0-iCSJc?feature=oembed\" frameborder=\"0\" allow=\"accelerometer; autoplay; clipboard-write; encrypted-media; gyroscope; picture-in-picture; web-share\" referrerpolicy=\"strict-origin-when-cross-origin\" allowfullscreen><\/iframe><\/p>\n","protected":false},"excerpt":{"rendered":"<p>Gel\u00ea Qam\u00ee\u015flo \u015eeh\u00eed Narv\u00een Ber bi B\u00eadaw\u00eetiy\u00ea Oxirkirin \u00cero sihar\u00ea meras\u00eema \u015eeh\u00eed Narv\u00een Hogir bi be\u015fdariyeke bi heybet ya gel\u00ea Qami\u015flo li Pakrewangeha \u015eeh\u00eed Del\u00eel Saruxan hate p\u00eak an\u00een. \u015eeh\u00eed Narv\u00een Hogir ku du 22&#8217;\u00ea N\u00eesan\u00ea di encama qezaya seyarey\u00ea de \u015feh\u00eed b\u00fb, bi meras\u00eemeke berfireh ya ku endam\u00ean malbat\u00ea, gel\u00ea Qam\u00ee\u015flo \u00fb r\u00eaheval\u00ean w\u00ea [&hellip;]<\/p>\n","protected":false},"author":1,"featured_media":18093,"comment_status":"open","ping_status":"closed","sticky":false,"template":"","format":"standard","meta":{"footnotes":""},"categories":[41,38,40],"tags":[],"class_list":{"0":"post-18089","1":"post","2":"type-post","3":"status-publish","4":"format-standard","5":"has-post-thumbnail","7":"category-dimen","8":"category-nuce","9":"category-wene"},"_links":{"self":[{"href":"https:\/\/ypjrojava.net\/index.php?rest_route=\/wp\/v2\/posts\/18089","targetHints":{"allow":["GET"]}}],"collection":[{"href":"https:\/\/ypjrojava.net\/index.php?rest_route=\/wp\/v2\/posts"}],"about":[{"href":"https:\/\/ypjrojava.net\/index.php?rest_route=\/wp\/v2\/types\/post"}],"author":[{"embeddable":true,"href":"https:\/\/ypjrojava.net\/index.php?rest_route=\/wp\/v2\/users\/1"}],"replies":[{"embeddable":true,"href":"https:\/\/ypjrojava.net\/index.php?rest_route=%2Fwp%2Fv2%2Fcomments&post=18089"}],"version-history":[{"count":1,"href":"https:\/\/ypjrojava.net\/index.php?rest_route=\/wp\/v2\/posts\/18089\/revisions"}],"predecessor-version":[{"id":18094,"href":"https:\/\/ypjrojava.net\/index.php?rest_route=\/wp\/v2\/posts\/18089\/revisions\/18094"}],"wp:featuredmedia":[{"embeddable":true,"href":"https:\/\/ypjrojava.net\/index.php?rest_route=\/wp\/v2\/media\/18093"}],"wp:attachment":[{"href":"https:\/\/ypjrojava.net\/index.php?rest_route=%2Fwp%2Fv2%2Fmedia&parent=18089"}],"wp:term":[{"taxonomy":"category","embeddable":true,"href":"https:\/\/ypjrojava.net\/index.php?rest_route=%2Fwp%2Fv2%2Fcategories&post=18089"},{"taxonomy":"post_tag","embeddable":true,"href":"https:\/\/ypjrojava.net\/index.php?rest_route=%2Fwp%2Fv2%2Ftags&post=18089"}],"curies":[{"name":"wp","href":"https:\/\/api.w.org\/{rel}","templated":true}]}}