{"id":18095,"date":"2024-04-25T11:14:38","date_gmt":"2024-04-25T10:14:38","guid":{"rendered":"https:\/\/ypjrojava.net\/?p=18095"},"modified":"2024-04-25T11:36:59","modified_gmt":"2024-04-25T10:36:59","slug":"sehid-roniya-tim-ges-ya-azadiye-ne","status":"publish","type":"post","link":"https:\/\/ypjrojava.net\/?p=18095","title":{"rendered":"\u015eeh\u00eed Roniya Tim Ge\u015f ya Azadiy\u00ea Ne"},"content":{"rendered":"<p><strong>\u015eeh\u00eed Roniya Tim Ge\u015f ya Azadiy\u00ea Ne<\/strong><\/p>\n<p>Di Roja Cejna \u015eeh\u00eedan de, di salvegera 7&#8217;an ya \u015feh\u00eed\u00ean Qere\u00e7ox\u00ea de hem\u00fb \u015feh\u00eed\u00ean \u015fore\u015fa azadiy\u00ea bi r\u00eazdar\u00ee \u00fb minet bi b\u00eer t\u00eenin. Wek ku R\u00eaber Apo diyar dike &#8220;\u015eeh\u00eed xwediy\u00ea rasteq\u00een y\u00ean v\u00ea t\u00eako\u015f\u00een\u00ea ne&#8221;. Y\u00ean ku r\u00eaya me ron\u00ee dikin, y\u00ean siberoja v\u00ee welat\u00ee bi xw\u00eena xwe ya p\u00eeroz av didin, nirx\u00ean her\u00ee p\u00eeroz \u015feh\u00eed\u00ean me ne.<\/p>\n<p>Di d\u00eeroka 25&#8217;\u00ea N\u00eesana sala 2017&#8217;an dewleta Tirk a dagirker \u00fb fa\u015f\u00eest bi \u00ear\u00ee\u015feke heway\u00ee l\u00fbkteya Qere\u00e7ox\u00ea ya gir\u00eaday\u00ee bajar\u00ea D\u00earik\u00ea hedef kir. Di encama v\u00ea \u00ear\u00ee\u015f\u00ea de 20 r\u00eaheval\u00ean me y\u00ean qehreman ku be\u015feke ji wan endam\u00ean ragihandin\u00ea b\u00fbn, gih\u00ee\u015ftin \u015fehadet\u00ea. Em di kesayeta r\u00eaheval \u015e\u00eelan Botan, Heq\u00ee Bagok \u00fb R\u00eavan G\u00eanco de hem\u00fb cangoriy\u00ean v\u00ea \u00ear\u00ee\u015f\u00ea bi b\u00eer t\u00eenin. Bejna xwe li ber wan ditew\u00eenin.<\/p>\n<p>Ev \u00ear\u00ee\u015f j\u00ee yek ji wan \u00ear\u00ee\u015fan b\u00fb ku \u00eemhakirina gelan \u00fb tunekirina \u015fore\u015fa azadiy\u00ea armanc dikir. Her wiha dijminahiya li hember hizir \u00fb hi\u015fmendiya demokras\u00ee \u00fb azadiy\u00ea ye. L\u00ea di encama ked \u00fb berxwedana \u015feh\u00eedan de, herwiha bi t\u00eako\u015f\u00eena b\u00eam\u00eenak ya \u015fervan \u00fb gel\u00ea me re bersiveke pir xurt ji \u00ear\u00ee\u015f\u00ean qirkeriya Tirkiy\u00ea re t\u00ea day\u00een. Ruxm\u00ee hem\u00fb \u00ear\u00ee\u015f \u00fb hov\u00eetiya dijmin j\u00ee, gel \u00fb \u015fervan\u00ean azadiy\u00ea ji her demek\u00ea b\u00eatir bi yekgirt\u00ee \u00fb mil bi mil\u00ea hev t\u00eako\u015f\u00een\u00ea mezin dikin.<\/p>\n<p>Di Roja Cejna \u015eeh\u00eedan de, em diyar dikin ku tolhildana her \u015feh\u00eedek\u00ea erka me ya sereke ye, em\u00ea li ser xeta wan ya azadiy\u00ea bi dildar\u00ee \u00fb v\u00eenek\u00ee xurt bibin \u015fopdar\u00ean xeyal\u00ean wan.<\/p>\n<p><strong>Navenda Ragihandina YPJ<\/strong><\/p>\n<p><img loading=\"lazy\" decoding=\"async\" class=\"alignnone size-medium wp-image-18096\" src=\"https:\/\/ypjrojava.net\/wp-content\/uploads\/2024\/04\/photo1714027048-300x169.jpeg\" alt=\"\" width=\"300\" height=\"169\" srcset=\"https:\/\/ypjrojava.net\/wp-content\/uploads\/2024\/04\/photo1714027048-300x169.jpeg 300w, https:\/\/ypjrojava.net\/wp-content\/uploads\/2024\/04\/photo1714027048-1024x576.jpeg 1024w, https:\/\/ypjrojava.net\/wp-content\/uploads\/2024\/04\/photo1714027048-768x432.jpeg 768w, https:\/\/ypjrojava.net\/wp-content\/uploads\/2024\/04\/photo1714027048-390x220.jpeg 390w, https:\/\/ypjrojava.net\/wp-content\/uploads\/2024\/04\/photo1714027048.jpeg 1280w\" sizes=\"auto, (max-width: 300px) 100vw, 300px\" \/><\/p>\n","protected":false},"excerpt":{"rendered":"<p>\u015eeh\u00eed Roniya Tim Ge\u015f ya Azadiy\u00ea Ne Di Roja Cejna \u015eeh\u00eedan de, di salvegera 7&#8217;an ya \u015feh\u00eed\u00ean Qere\u00e7ox\u00ea de hem\u00fb \u015feh\u00eed\u00ean \u015fore\u015fa azadiy\u00ea bi r\u00eazdar\u00ee \u00fb minet bi b\u00eer t\u00eenin. Wek ku R\u00eaber Apo diyar dike &#8220;\u015eeh\u00eed xwediy\u00ea rasteq\u00een y\u00ean v\u00ea t\u00eako\u015f\u00een\u00ea ne&#8221;. Y\u00ean ku r\u00eaya me ron\u00ee dikin, y\u00ean siberoja v\u00ee welat\u00ee bi xw\u00eena [&hellip;]<\/p>\n","protected":false},"author":1,"featured_media":18096,"comment_status":"open","ping_status":"closed","sticky":false,"template":"","format":"standard","meta":{"footnotes":""},"categories":[39,38,40],"tags":[],"class_list":{"0":"post-18095","1":"post","2":"type-post","3":"status-publish","4":"format-standard","5":"has-post-thumbnail","7":"category-daxuyani","8":"category-nuce","9":"category-wene"},"_links":{"self":[{"href":"https:\/\/ypjrojava.net\/index.php?rest_route=\/wp\/v2\/posts\/18095","targetHints":{"allow":["GET"]}}],"collection":[{"href":"https:\/\/ypjrojava.net\/index.php?rest_route=\/wp\/v2\/posts"}],"about":[{"href":"https:\/\/ypjrojava.net\/index.php?rest_route=\/wp\/v2\/types\/post"}],"author":[{"embeddable":true,"href":"https:\/\/ypjrojava.net\/index.php?rest_route=\/wp\/v2\/users\/1"}],"replies":[{"embeddable":true,"href":"https:\/\/ypjrojava.net\/index.php?rest_route=%2Fwp%2Fv2%2Fcomments&post=18095"}],"version-history":[{"count":4,"href":"https:\/\/ypjrojava.net\/index.php?rest_route=\/wp\/v2\/posts\/18095\/revisions"}],"predecessor-version":[{"id":18100,"href":"https:\/\/ypjrojava.net\/index.php?rest_route=\/wp\/v2\/posts\/18095\/revisions\/18100"}],"wp:featuredmedia":[{"embeddable":true,"href":"https:\/\/ypjrojava.net\/index.php?rest_route=\/wp\/v2\/media\/18096"}],"wp:attachment":[{"href":"https:\/\/ypjrojava.net\/index.php?rest_route=%2Fwp%2Fv2%2Fmedia&parent=18095"}],"wp:term":[{"taxonomy":"category","embeddable":true,"href":"https:\/\/ypjrojava.net\/index.php?rest_route=%2Fwp%2Fv2%2Fcategories&post=18095"},{"taxonomy":"post_tag","embeddable":true,"href":"https:\/\/ypjrojava.net\/index.php?rest_route=%2Fwp%2Fv2%2Ftags&post=18095"}],"curies":[{"name":"wp","href":"https:\/\/api.w.org\/{rel}","templated":true}]}}