{"id":18101,"date":"2024-04-25T13:38:49","date_gmt":"2024-04-25T12:38:49","guid":{"rendered":"https:\/\/ypjrojava.net\/?p=18101"},"modified":"2024-04-25T14:06:39","modified_gmt":"2024-04-25T13:06:39","slug":"sehiden-qerecoxe-bi-merasimeke-hatin-biranin","status":"publish","type":"post","link":"https:\/\/ypjrojava.net\/?p=18101","title":{"rendered":"\u015eeh\u00eed\u00ean Qere\u00e7ox\u00ea bi meras\u00eemek\u00ea hatin b\u00eeran\u00een"},"content":{"rendered":"<p><strong>\u015eeh\u00eed\u00ean Qere\u00e7ox\u00ea bi meras\u00eemek\u00ea hatin b\u00eeran\u00een<\/strong><\/p>\n<p>Ji bo \u015feh\u00eed\u00ean Qere\u00e7ox\u00ea ku di \u00ear\u00ee\u015fa heway\u00ee ya dewleta fa\u015f\u00eest \u00fb qirker ya Tirk di 25\u2019\u00ea N\u00eesana 2017 de \u015feh\u00eed b\u00fbn, \u00eero sihar\u00ea li \u00e7iyay\u00ea Qere\u00e7ox\u00ea meras\u00eemeke b\u00eeran\u00een\u00ea hate \u00e7\u00eakirin. Di meras\u00eem\u00ea de malbat\u00ean \u015feh\u00eedan \u00fb gel\u00ea Her\u00eama Ciz\u00eer\u00ea, \u015fervan\u00ean YPJ-YPG \u00fb QSD\u2019\u00ea, herwiha n\u00fbner\u00ean saz\u00ee \u00fb r\u00eaxistinan j\u00ee be\u015fdar\u00ee kirin.<\/p>\n<p>Di meras\u00eem\u00ea de ji bo \u015feh\u00eed\u00ean Qere\u00e7ox\u00ea r\u00eaz hate girtin \u00fb axaftin hatin kirin. Berdevka Yek\u00eeney\u00ean Parastina Jin\u00ea (YPJ) Rusken Mihemed \u00fb Endama Mecl\u00eesa Malbata \u015eeh\u00eedan H\u00eav\u00ee Seydo axiv\u00een \u00fb da zan\u00een ku r\u00eaheval\u00ean \u015feh\u00eed nirx\u00ean her\u00ee p\u00eeroz in.<\/p>\n<p>Ruksen Mihemed diyar kir ku \u201cDi 7\u2019em\u00een salvegera \u00ear\u00ee\u015fa Qere\u00e7ox\u00ea de, em hem\u00fb \u015feh\u00eed\u00ean xwe bi b\u00eer t\u00eenin. \u015eeh\u00eed\u00ean Qere\u00e7ox \u00fb hem\u00fb heval\u00ean ku di v\u00ea t\u00eako\u015f\u00een\u00ea de gih\u00ee\u015ftin asta \u015fahadet\u00ea, ji bo me nirx\u00ean p\u00eeroz in \u00fb d\u00eerok in. Ji bo me \u00e7anda berxwedan\u00ea \u00fb \u00e7anda teko\u015f\u00een\u00ea mezin kirin. Ji bo gel\u00ea xwe her k\u00eal\u00ee di nav teko\u015f\u00een\u00ea da b\u00fbn, her gav ji bo parastina gel\u00ea xwe, ji bo parastina netewa demokrat\u00eek \u00fb biratiya gelan, ji bo serxistina \u015fore\u015fa jin di nav teko\u015f\u00een \u00fb berxwedan\u00ea de b\u00fbn. Di kesayeta van heval\u00ean \u015feh\u00eed da em hem\u00fb \u015feh\u00eed\u00ean \u015fore\u015fa azad\u00eey\u00ea bi b\u00eer t\u00eenin&#8221;<\/p>\n<p>H\u00eav\u00ee Seydo j\u00ee diyar kir ku d\u00ea li ser \u015fopa \u015feh\u00eedan t\u00eako\u015f\u00eena xwe bilintir bikin.<\/p>\n<p>Meras\u00eem bi dir\u00fb\u015fmeya \u201c\u015eeh\u00eed Namirin\u201d \u00fb xwendina sir\u00fbda \u2018\u00c7erxa \u015eore\u015f\u00ea\u2019 bi daw\u00ee b\u00fb.<\/p>\n<p><strong>Navenda Ragihandina YPJ<\/strong><\/p>\n<p><img loading=\"lazy\" decoding=\"async\" class=\"alignnone size-medium wp-image-18103\" src=\"https:\/\/ypjrojava.net\/wp-content\/uploads\/2024\/04\/BIRANINA-SEHIDEN-QERECOX-25.4.2024-WENE2-300x225.jpg\" alt=\"\" width=\"300\" height=\"225\" srcset=\"https:\/\/ypjrojava.net\/wp-content\/uploads\/2024\/04\/BIRANINA-SEHIDEN-QERECOX-25.4.2024-WENE2-300x225.jpg 300w, https:\/\/ypjrojava.net\/wp-content\/uploads\/2024\/04\/BIRANINA-SEHIDEN-QERECOX-25.4.2024-WENE2-1024x768.jpg 1024w, https:\/\/ypjrojava.net\/wp-content\/uploads\/2024\/04\/BIRANINA-SEHIDEN-QERECOX-25.4.2024-WENE2-768x576.jpg 768w, https:\/\/ypjrojava.net\/wp-content\/uploads\/2024\/04\/BIRANINA-SEHIDEN-QERECOX-25.4.2024-WENE2-1536x1152.jpg 1536w, https:\/\/ypjrojava.net\/wp-content\/uploads\/2024\/04\/BIRANINA-SEHIDEN-QERECOX-25.4.2024-WENE2-2048x1536.jpg 2048w\" sizes=\"auto, (max-width: 300px) 100vw, 300px\" \/> <img loading=\"lazy\" decoding=\"async\" class=\"alignnone size-medium wp-image-18104\" src=\"https:\/\/ypjrojava.net\/wp-content\/uploads\/2024\/04\/BIRANINA-SEHIDEN-QERECOX-25.4.2024-WENE3-300x225.jpg\" alt=\"\" width=\"300\" height=\"225\" srcset=\"https:\/\/ypjrojava.net\/wp-content\/uploads\/2024\/04\/BIRANINA-SEHIDEN-QERECOX-25.4.2024-WENE3-300x225.jpg 300w, https:\/\/ypjrojava.net\/wp-content\/uploads\/2024\/04\/BIRANINA-SEHIDEN-QERECOX-25.4.2024-WENE3-1024x768.jpg 1024w, https:\/\/ypjrojava.net\/wp-content\/uploads\/2024\/04\/BIRANINA-SEHIDEN-QERECOX-25.4.2024-WENE3-768x576.jpg 768w, https:\/\/ypjrojava.net\/wp-content\/uploads\/2024\/04\/BIRANINA-SEHIDEN-QERECOX-25.4.2024-WENE3-1536x1152.jpg 1536w, https:\/\/ypjrojava.net\/wp-content\/uploads\/2024\/04\/BIRANINA-SEHIDEN-QERECOX-25.4.2024-WENE3-2048x1536.jpg 2048w\" sizes=\"auto, (max-width: 300px) 100vw, 300px\" \/> <img loading=\"lazy\" decoding=\"async\" class=\"alignnone size-medium wp-image-18105\" src=\"https:\/\/ypjrojava.net\/wp-content\/uploads\/2024\/04\/BIRANINA-SEHIDEN-QERECOX-25.4.2024-WENE4-300x225.jpg\" alt=\"\" width=\"300\" height=\"225\" srcset=\"https:\/\/ypjrojava.net\/wp-content\/uploads\/2024\/04\/BIRANINA-SEHIDEN-QERECOX-25.4.2024-WENE4-300x225.jpg 300w, https:\/\/ypjrojava.net\/wp-content\/uploads\/2024\/04\/BIRANINA-SEHIDEN-QERECOX-25.4.2024-WENE4-1024x768.jpg 1024w, https:\/\/ypjrojava.net\/wp-content\/uploads\/2024\/04\/BIRANINA-SEHIDEN-QERECOX-25.4.2024-WENE4-768x576.jpg 768w, https:\/\/ypjrojava.net\/wp-content\/uploads\/2024\/04\/BIRANINA-SEHIDEN-QERECOX-25.4.2024-WENE4-1536x1152.jpg 1536w, https:\/\/ypjrojava.net\/wp-content\/uploads\/2024\/04\/BIRANINA-SEHIDEN-QERECOX-25.4.2024-WENE4-2048x1536.jpg 2048w\" sizes=\"auto, (max-width: 300px) 100vw, 300px\" \/> <img loading=\"lazy\" decoding=\"async\" class=\"alignnone size-medium wp-image-18106\" src=\"https:\/\/ypjrojava.net\/wp-content\/uploads\/2024\/04\/BIRANINA-SEHIDEN-QERECOX-25.4.2024-WENE5-300x224.jpg\" alt=\"\" width=\"300\" height=\"224\" srcset=\"https:\/\/ypjrojava.net\/wp-content\/uploads\/2024\/04\/BIRANINA-SEHIDEN-QERECOX-25.4.2024-WENE5-300x224.jpg 300w, https:\/\/ypjrojava.net\/wp-content\/uploads\/2024\/04\/BIRANINA-SEHIDEN-QERECOX-25.4.2024-WENE5-1024x766.jpg 1024w, https:\/\/ypjrojava.net\/wp-content\/uploads\/2024\/04\/BIRANINA-SEHIDEN-QERECOX-25.4.2024-WENE5-768x574.jpg 768w, https:\/\/ypjrojava.net\/wp-content\/uploads\/2024\/04\/BIRANINA-SEHIDEN-QERECOX-25.4.2024-WENE5-1536x1149.jpg 1536w, https:\/\/ypjrojava.net\/wp-content\/uploads\/2024\/04\/BIRANINA-SEHIDEN-QERECOX-25.4.2024-WENE5-2048x1532.jpg 2048w\" sizes=\"auto, (max-width: 300px) 100vw, 300px\" \/> <img loading=\"lazy\" decoding=\"async\" class=\"alignnone size-medium wp-image-18107\" src=\"https:\/\/ypjrojava.net\/wp-content\/uploads\/2024\/04\/BIRANINA-SEHIDEN-QERECOX-25.4.2024-WENE6-300x224.jpg\" alt=\"\" width=\"300\" height=\"224\" srcset=\"https:\/\/ypjrojava.net\/wp-content\/uploads\/2024\/04\/BIRANINA-SEHIDEN-QERECOX-25.4.2024-WENE6-300x224.jpg 300w, https:\/\/ypjrojava.net\/wp-content\/uploads\/2024\/04\/BIRANINA-SEHIDEN-QERECOX-25.4.2024-WENE6-1024x766.jpg 1024w, https:\/\/ypjrojava.net\/wp-content\/uploads\/2024\/04\/BIRANINA-SEHIDEN-QERECOX-25.4.2024-WENE6-768x574.jpg 768w, https:\/\/ypjrojava.net\/wp-content\/uploads\/2024\/04\/BIRANINA-SEHIDEN-QERECOX-25.4.2024-WENE6-1536x1149.jpg 1536w, https:\/\/ypjrojava.net\/wp-content\/uploads\/2024\/04\/BIRANINA-SEHIDEN-QERECOX-25.4.2024-WENE6-2048x1532.jpg 2048w\" sizes=\"auto, (max-width: 300px) 100vw, 300px\" \/> <img loading=\"lazy\" decoding=\"async\" class=\"alignnone size-medium wp-image-18108\" src=\"https:\/\/ypjrojava.net\/wp-content\/uploads\/2024\/04\/BIRANINA-SEHIDEN-QERECOX-25.4.2024-WENE7-300x224.jpg\" alt=\"\" width=\"300\" height=\"224\" srcset=\"https:\/\/ypjrojava.net\/wp-content\/uploads\/2024\/04\/BIRANINA-SEHIDEN-QERECOX-25.4.2024-WENE7-300x224.jpg 300w, https:\/\/ypjrojava.net\/wp-content\/uploads\/2024\/04\/BIRANINA-SEHIDEN-QERECOX-25.4.2024-WENE7-1024x766.jpg 1024w, https:\/\/ypjrojava.net\/wp-content\/uploads\/2024\/04\/BIRANINA-SEHIDEN-QERECOX-25.4.2024-WENE7-768x574.jpg 768w, https:\/\/ypjrojava.net\/wp-content\/uploads\/2024\/04\/BIRANINA-SEHIDEN-QERECOX-25.4.2024-WENE7-1536x1149.jpg 1536w, https:\/\/ypjrojava.net\/wp-content\/uploads\/2024\/04\/BIRANINA-SEHIDEN-QERECOX-25.4.2024-WENE7-2048x1532.jpg 2048w\" sizes=\"auto, (max-width: 300px) 100vw, 300px\" \/><\/p>\n<p><iframe loading=\"lazy\" title=\"\u015eeh\u00eed\u00ean Qere\u00e7ox\u00ea Bi Meras\u00eemek\u00ea Hatin B\u00eeran\u00een\" width=\"696\" height=\"392\" src=\"https:\/\/www.youtube.com\/embed\/BOaSTZvVe9A?feature=oembed\" frameborder=\"0\" allow=\"accelerometer; autoplay; clipboard-write; encrypted-media; gyroscope; picture-in-picture; web-share\" referrerpolicy=\"strict-origin-when-cross-origin\" allowfullscreen><\/iframe><\/p>\n","protected":false},"excerpt":{"rendered":"<p>\u015eeh\u00eed\u00ean Qere\u00e7ox\u00ea bi meras\u00eemek\u00ea hatin b\u00eeran\u00een Ji bo \u015feh\u00eed\u00ean Qere\u00e7ox\u00ea ku di \u00ear\u00ee\u015fa heway\u00ee ya dewleta fa\u015f\u00eest \u00fb qirker ya Tirk di 25\u2019\u00ea N\u00eesana 2017 de \u015feh\u00eed b\u00fbn, \u00eero sihar\u00ea li \u00e7iyay\u00ea Qere\u00e7ox\u00ea meras\u00eemeke b\u00eeran\u00een\u00ea hate \u00e7\u00eakirin. Di meras\u00eem\u00ea de malbat\u00ean \u015feh\u00eedan \u00fb gel\u00ea Her\u00eama Ciz\u00eer\u00ea, \u015fervan\u00ean YPJ-YPG \u00fb QSD\u2019\u00ea, herwiha n\u00fbner\u00ean saz\u00ee \u00fb r\u00eaxistinan [&hellip;]<\/p>\n","protected":false},"author":1,"featured_media":18108,"comment_status":"open","ping_status":"closed","sticky":false,"template":"","format":"standard","meta":{"footnotes":""},"categories":[41,38,40],"tags":[],"class_list":{"0":"post-18101","1":"post","2":"type-post","3":"status-publish","4":"format-standard","5":"has-post-thumbnail","7":"category-dimen","8":"category-nuce","9":"category-wene"},"_links":{"self":[{"href":"https:\/\/ypjrojava.net\/index.php?rest_route=\/wp\/v2\/posts\/18101","targetHints":{"allow":["GET"]}}],"collection":[{"href":"https:\/\/ypjrojava.net\/index.php?rest_route=\/wp\/v2\/posts"}],"about":[{"href":"https:\/\/ypjrojava.net\/index.php?rest_route=\/wp\/v2\/types\/post"}],"author":[{"embeddable":true,"href":"https:\/\/ypjrojava.net\/index.php?rest_route=\/wp\/v2\/users\/1"}],"replies":[{"embeddable":true,"href":"https:\/\/ypjrojava.net\/index.php?rest_route=%2Fwp%2Fv2%2Fcomments&post=18101"}],"version-history":[{"count":2,"href":"https:\/\/ypjrojava.net\/index.php?rest_route=\/wp\/v2\/posts\/18101\/revisions"}],"predecessor-version":[{"id":18110,"href":"https:\/\/ypjrojava.net\/index.php?rest_route=\/wp\/v2\/posts\/18101\/revisions\/18110"}],"wp:featuredmedia":[{"embeddable":true,"href":"https:\/\/ypjrojava.net\/index.php?rest_route=\/wp\/v2\/media\/18108"}],"wp:attachment":[{"href":"https:\/\/ypjrojava.net\/index.php?rest_route=%2Fwp%2Fv2%2Fmedia&parent=18101"}],"wp:term":[{"taxonomy":"category","embeddable":true,"href":"https:\/\/ypjrojava.net\/index.php?rest_route=%2Fwp%2Fv2%2Fcategories&post=18101"},{"taxonomy":"post_tag","embeddable":true,"href":"https:\/\/ypjrojava.net\/index.php?rest_route=%2Fwp%2Fv2%2Ftags&post=18101"}],"curies":[{"name":"wp","href":"https:\/\/api.w.org\/{rel}","templated":true}]}}