{"id":18111,"date":"2024-04-27T05:51:43","date_gmt":"2024-04-27T04:51:43","guid":{"rendered":"https:\/\/ypjrojava.net\/?p=18111"},"modified":"2024-04-27T07:33:49","modified_gmt":"2024-04-27T06:33:49","slug":"ji-gele-me-u-raya-gisti-re-25","status":"publish","type":"post","link":"https:\/\/ypjrojava.net\/?p=18111","title":{"rendered":"Ji Gel\u00ea Me \u00fb Raya Gi\u015ft\u00ee Re"},"content":{"rendered":"<p><strong>Ji Gel\u00ea Me \u00fb Raya Gi\u015ft\u00ee Re<\/strong><\/p>\n<p>Em di kesayeta Fermandara YPJ&#8217;\u00ea Zozan Hesek\u00ea de ku dema li ser erka xwe b\u00fb gih\u00ee\u015ft \u015fehadet\u00ea, hem\u00fb r\u00eaheval\u00ean xwe y\u00ean di \u015fore\u015fa azadiya Kurdistan\u00ea de can\u00ea xwe feda kirine bi minetdar\u00ee bib\u00eer t\u00eenin. Ji bo malbata r\u00eaheval Zozan ya h\u00eaja \u00fb welatpar\u00eaz, gel\u00ea me \u00fb r\u00eaheval\u00ean W\u00ea y\u00ean t\u00eako\u015f\u00een\u00ea sersax\u00ee dixwazin.<\/p>\n<p>R\u00eahevala me Zozan bi \u00e7anda axa bi bereket ya H\u00eelala z\u00ear\u00een xwe t\u00ear kir, hest \u00fb raman\u00ean jina as\u00ee, t\u00earker \u00fb zana bingeh girt. Rastiya xwe ji koka xwe ya civak\u00ee, ji nirx\u00ean d\u00eerok\u00ee girt. Ji ber v\u00ea sedem\u00ea kesayeta r\u00eaheval Zozan kesayeta jina berxwed\u00ear \u00fb \u015fore\u015fger ya v\u00ea axa p\u00eeroz e.<\/p>\n<p>R\u00eaheval Zozan di sala 1990 \u00ee de ji bajar\u00ea Hesek\u00ea tevl\u00ee ref\u00ean \u015fore\u015fa azadiya Kurdistan\u00ea b\u00fb. Bi temenek\u00ee ciwan tevl\u00ee b\u00fb, bi hest\u00ean ciwantiy\u00ea heya roja \u015fehadeta xwe teko\u015f\u00eena xwe berdewam kir. Ji ber ku hevala Zozan ji damar\u00ea \u00e7anda dayiksalar\u00ee dihat bi taybetmendiy\u00ean sade, dirust,\u00a0 xwezay\u00ee \u00fb mutewaz\u00ee dihat naskirin. Di teko\u015f\u00eena xwe ya jiyan\u00ea de bih\u00eaz, di zaneb\u00fbna xwe de bi xwe bawer, di \u00e7areseriya pirsgir\u00eak\u00ean civak\u00ee de heya dawiy\u00ea xwed\u00ee \u00eerade \u00fb di zaneb\u00fbna xwe de k\u00fbr b\u00fb. R\u00eahevala Zozan hevala rasteq\u00een ya heval\u00ean xwe b\u00fb. Bi serkeftina xeta azadiy\u00ea heya daw\u00ee bi bawer b\u00fb. Ji ber v\u00ea\u00a0 sedem\u00ea, li kevne\u015fopiya berxwedan\u00ea ya d\u00eerok\u00ee ku j\u00ea dihat j\u00ee xwed\u00ee derket. Xwe ava kir. B\u00fb ya xwe. Her wiha li \u00e7anda xwe ya dayiksalar\u00ee \u00fb civak\u00ee j\u00ee xwed\u00ee derket b\u00fb \u015fore\u015fgera gele xwe.<\/p>\n<p>R\u00eaheval Zozan xwe li Akadem\u00eeya R\u00eaber Apo bi fikir \u00fb raman\u00ean R\u00eaber Apo re kire yek. Bi perwerdeya ku li qada R\u00eaber Apo d\u00eet ronahiya r\u00eaya teko\u015f\u00eena xwe diyar kir \u00fb di hem\u00fb jiyana xwe de kir bingeh. Li qad\u00ean ger\u00eela, li qad\u00ean civak\u00ee, di xebat\u00ean perwerdeh\u00ee \u00fb p\u00ea\u015fengiya \u015fer de wek jineke \u015fore\u015fger ciy\u00ea xwe girt \u00fb rista xwe l\u00eest. Li her eniya teko\u015f\u00een\u00ea de r\u00eaheval Zozan bi biryarb\u00fbna zelal, bi hevaltiya rast \u00fb bi baweriya serkeftina \u015fore\u015f\u00ea tevl\u00eeb\u00fbnek rast, ba\u015f \u00fb xwe\u015fik \u00e7\u00eakir. Bi v\u00ea tevl\u00eeb\u00fbna xwe b\u00fb p\u00ea\u015fengek \u015fore\u015fa jin\u00ea.<\/p>\n<p>Di hem\u00fb qad\u00ean teko\u015f\u00een\u00ea de r\u00eaheval Zozan ciy\u00ea xwe bi keda xwe avakir. Di teko\u015f\u00eena 34 salan de xwe bi civak \u00fb nirx\u00ean \u015fore\u015f\u00ea re kire yek. Ji ber v\u00ea sedem\u00ea d\u00eeroka teko\u015f\u00eena r\u00eaheval Zozan d\u00eeroka teko\u015f\u00eena jina Kurd, civaka Kurdistan\u00ee ye. Ev 34 sal b\u00fb bingeh\u00ea teko\u015f\u00eena Rojavay\u00ea Kurdistan\u00ea ku jin \u00fb hem\u00fb be\u015f\u00ean civak\u00ea li dora r\u00eaheval Zozan hevd\u00fb bib\u00eene \u00fb nirx\u00ean hevpar dewlemend bike. Ji ber v\u00ea sedem\u00ea di nav \u015fore\u015fa jin ya Rojava de ciy\u00ea r\u00eaheval Zozan xwed\u00ee bingehek d\u00eerok\u00ee, civak\u00ee ye.<\/p>\n<p>Di guhertin \u00fb veguhertina civaka demokratik, welatpar\u00eaz \u00fb azad\u00eexwaz de li ser h\u00eem\u00ean bingeh\u00een xwe kir \u00e7avkan\u00ee. Her wiha di destp\u00eaka \u015fore\u015fa Rojava de bi taybet li hember \u00ear\u00ee\u015f\u00ean DA\u00ce\u015e\u2019\u00ea, ber\u00ea xwe da \u015fore\u015fa Rojava. Wek p\u00ea\u015feng \u00fb fermandara \u015fore\u015fa jin\u00ea cih\u00ea xwe girt. Li Koban\u00ea, Ser\u00eakaniy\u00ea \u00fb D\u00earazor\u00ea erk\u00ean xwe y\u00ean p\u00ea\u015fengiya \u015fore\u015f\u00ea p\u00eak an\u00ee.<\/p>\n<p>Di van sal\u00ean d\u00fbr \u00fb dir\u00eaj de r\u00eaheval Zozan wek Fermandareke YPJ&#8217;\u00ea p\u00ea\u015fengtiya \u015fore\u015fa jin\u00ea kir. Heya nefesa xwe ya daw\u00ee di p\u00ea\u015fxistina \u015fore\u015f\u00ea de bi ked \u00fb zaneb\u00fbna xwe emr\u00ea xwe feda kir \u00fb li ser erka xwe \u015feh\u00eed b\u00fb. Bi ked \u00fb kesayeta xwe ya sade, ji dil, w\u00earek \u00fb fedakar b\u00fb \u00e7avkaniya berdewamkirina soza serkeftin \u00fb berxwedan\u00ea. Gel\u00ea Kurd, jin \u00fb ciwan\u00ean Kurd, jin\u00ean ji bo azad\u00ee \u00fb wekhev\u00ee teko\u015f\u00een\u00ea dime\u015fin, d\u00ea li pey \u015fopa R\u00eaheval Zozan bin.<\/p>\n<p>Cardin em ji malbata me ya h\u00eaja MALA FATIM\u00ca, tevah\u00ee jin\u00ean Kurdistan\u00ea, heval\u00ean w\u00ea y\u00ean teko\u015fer em sersax\u00ee dixwazin.<\/p>\n<p><strong>Nasnameya Hevr\u00eaya Me Zozan Hesek\u00ea Wiha ye:<\/strong><\/p>\n<p><img loading=\"lazy\" decoding=\"async\" class=\"alignnone size-medium wp-image-18112\" src=\"https:\/\/ypjrojava.net\/wp-content\/uploads\/2024\/04\/Untitled-1-225x300.png\" alt=\"\" width=\"225\" height=\"300\" srcset=\"https:\/\/ypjrojava.net\/wp-content\/uploads\/2024\/04\/Untitled-1-225x300.png 225w, https:\/\/ypjrojava.net\/wp-content\/uploads\/2024\/04\/Untitled-1-768x1024.png 768w, https:\/\/ypjrojava.net\/wp-content\/uploads\/2024\/04\/Untitled-1-1152x1536.png 1152w, https:\/\/ypjrojava.net\/wp-content\/uploads\/2024\/04\/Untitled-1.png 1417w\" sizes=\"auto, (max-width: 225px) 100vw, 225px\" \/><\/p>\n<p><strong>Nasnav:<\/strong> Zozan Hesek\u00ea<\/p>\n<p><strong>Nav \u00fb Pa\u015fnav:<\/strong> Munever Fatim\u00ea<\/p>\n<p><strong>Cih\u00ea \u00fb Ji day\u00eekb\u00fbn\u00ea:<\/strong> 1970, Hesek\u00ea<\/p>\n<p><strong>Nav\u00ea Day\u00eek:<\/strong> \u015eemsa<\/p>\n<p><strong>Nav\u00ea Bav:<\/strong> Enter<\/p>\n<p><strong>D\u00eeroka \u015eehadet\u00ea:<\/strong> 02-04-2024<\/p>\n<p>&nbsp;<\/p>\n<p><strong>Fermandariya Gi\u015ft\u00ee ya YPJ\u2019\u00ea<\/strong><\/p>\n<p><strong>2024-04-26<\/strong><\/p>\n","protected":false},"excerpt":{"rendered":"<p>Ji Gel\u00ea Me \u00fb Raya Gi\u015ft\u00ee Re Em di kesayeta Fermandara YPJ&#8217;\u00ea Zozan Hesek\u00ea de ku dema li ser erka xwe b\u00fb gih\u00ee\u015ft \u015fehadet\u00ea, hem\u00fb r\u00eaheval\u00ean xwe y\u00ean di \u015fore\u015fa azadiya Kurdistan\u00ea de can\u00ea xwe feda kirine bi minetdar\u00ee bib\u00eer t\u00eenin. Ji bo malbata r\u00eaheval Zozan ya h\u00eaja \u00fb welatpar\u00eaz, gel\u00ea me \u00fb r\u00eaheval\u00ean W\u00ea [&hellip;]<\/p>\n","protected":false},"author":1,"featured_media":18113,"comment_status":"open","ping_status":"closed","sticky":false,"template":"","format":"standard","meta":{"footnotes":""},"categories":[39,40],"tags":[],"class_list":{"0":"post-18111","1":"post","2":"type-post","3":"status-publish","4":"format-standard","5":"has-post-thumbnail","7":"category-daxuyani","8":"category-wene"},"_links":{"self":[{"href":"https:\/\/ypjrojava.net\/index.php?rest_route=\/wp\/v2\/posts\/18111","targetHints":{"allow":["GET"]}}],"collection":[{"href":"https:\/\/ypjrojava.net\/index.php?rest_route=\/wp\/v2\/posts"}],"about":[{"href":"https:\/\/ypjrojava.net\/index.php?rest_route=\/wp\/v2\/types\/post"}],"author":[{"embeddable":true,"href":"https:\/\/ypjrojava.net\/index.php?rest_route=\/wp\/v2\/users\/1"}],"replies":[{"embeddable":true,"href":"https:\/\/ypjrojava.net\/index.php?rest_route=%2Fwp%2Fv2%2Fcomments&post=18111"}],"version-history":[{"count":3,"href":"https:\/\/ypjrojava.net\/index.php?rest_route=\/wp\/v2\/posts\/18111\/revisions"}],"predecessor-version":[{"id":18116,"href":"https:\/\/ypjrojava.net\/index.php?rest_route=\/wp\/v2\/posts\/18111\/revisions\/18116"}],"wp:featuredmedia":[{"embeddable":true,"href":"https:\/\/ypjrojava.net\/index.php?rest_route=\/wp\/v2\/media\/18113"}],"wp:attachment":[{"href":"https:\/\/ypjrojava.net\/index.php?rest_route=%2Fwp%2Fv2%2Fmedia&parent=18111"}],"wp:term":[{"taxonomy":"category","embeddable":true,"href":"https:\/\/ypjrojava.net\/index.php?rest_route=%2Fwp%2Fv2%2Fcategories&post=18111"},{"taxonomy":"post_tag","embeddable":true,"href":"https:\/\/ypjrojava.net\/index.php?rest_route=%2Fwp%2Fv2%2Ftags&post=18111"}],"curies":[{"name":"wp","href":"https:\/\/api.w.org\/{rel}","templated":true}]}}