{"id":18202,"date":"2024-05-06T07:01:42","date_gmt":"2024-05-06T06:01:42","guid":{"rendered":"https:\/\/ypjrojava.net\/?p=18202"},"modified":"2024-05-06T08:40:46","modified_gmt":"2024-05-06T07:40:46","slug":"ruksen-mihemed-yen-ku-deniz-gezmis-qetil-kirin-reber-apo-ji-hedef-girtin","status":"publish","type":"post","link":"https:\/\/ypjrojava.net\/?p=18202","title":{"rendered":"Ruksen Mihemed: \u2018Y\u00ean Ku Den\u00eez Gezm\u00ee\u015f Qetil Kirin R\u00eaber Apo J\u00ee Hedef Girtin\u2019"},"content":{"rendered":"<p>&nbsp;<\/p>\n<p><strong>Ruksen Mihemed: \u2018Y\u00ean Ku Den\u00eez Gezm\u00ee\u015f Qetil Kirin R\u00eaber Apo J\u00ee Hedef Girtin\u2019<\/strong><\/p>\n<p>Di 6\u2019\u00ea gulana sala 1996\u2019an de hedefgirtina R\u00eaber Apo, ne ten\u00ea bi dest\u00ea dewleta Tirk p\u00eak hat, di nav v\u00ea plan\u00ea de NATO \u00fb gelek h\u00eaz\u00ean her\u00eam\u00ee cih\u00ea xwe girtin. B\u00ea guman yek ji p\u00eangav\u00ean esas\u00ee y\u00ea \u015fer\u00ea li dij\u00ee Rojhilata Nav\u00een \u015fer\u00ea Kendav\u00ea b\u00fb. Ji bo ku serweriya xwe li ser Rojhilata Nav\u00een bidin avakirin, wek ling\u00ea v\u00ee \u015fer\u00ee y\u00ea duyem\u00een j\u00ee \u00ear\u00ee\u015fa 6\u2019\u00ea gulan\u00ea li dij\u00ee R\u00eaber Apo p\u00eak hat. Di esas de hedef dikirin ku d\u00eeroka resen, \u00e7and \u00fb heq\u00eeqta Rojhilata Nav\u00een bi hem\u00fb dewlemendiya w\u00ea ve dagir bikin. Herwiha bi v\u00ea yek\u00ea xwestin yek\u00eetiya di navbera netew \u00fb gel\u00ean cuda cuda y\u00ean Rojhilata Nav\u00een wek Kurd, Ereb, Ermen \u00fb Suryan asteng bikin. Ji ber ku raman\u00ean demokrat\u00eek yek\u00eetiya di navbera gelan de p\u00ea\u015f dix\u00eene, lewre h\u00eaz\u00ean hegemon v\u00ea yek\u00ea ji bo xwe xeteriyeke her\u00ee mezin dib\u00eenin. R\u00eaber Apo j\u00ee bi fikir \u00fb raman\u00ean xwe y\u00ean demokrat\u00eek ji ber ku li dij\u00ee s\u00eestema kap\u00eetal\u00eest s\u00eestema alternat\u00eef p\u00ea\u015f dixist, h\u00eaz\u00ean hegemon bi hem\u00fb h\u00eaza xwe ve xwestin p\u00ea\u015fiya W\u00ee bigirin.<\/p>\n<p>Plan\u00ean bi v\u00ee reng\u00ee ji d\u00eerok\u00ea qut nay\u00eane destgirtin. Di 6\u2019\u00ea gulana sala 1916\u2019an de 21 rew\u015fenb\u00eer\u00ean Ereb li \u015eam \u00fb Beyr\u00fbd\u00ea hatin darvekirin, di 6\u2019\u00ea gulana sala 1972\u2019an j\u00ee Den\u00eez Gezm\u00ee\u015f, Huseyin \u00cenan \u00fb Yusuf Aslan birin ber s\u00eadarey\u00ea. \u00car\u00ee\u015fa li dij\u00ee R\u00eaber Apo j\u00ee di heman d\u00eerok\u00ea de p\u00eak an\u00een. Ev j\u00ee dide diyarkirin ku d\u00eeroka \u00ear\u00ee\u015fa li dij\u00ee R\u00eabert\u00ee bi taybet hatiye hilbijratin \u00fb p\u00ea re peyam t\u00eane day\u00een. Y\u00ean ku Den\u00eez Gezm\u00ee\u015f \u00fb hevr\u00eay\u00ean w\u00ee qetil kirin, heman s\u00eestm e ku R\u00eaber Apo j\u00ee hedef girtin.<\/p>\n<p>Den\u00eez Gezm\u00ee\u015f \u00fb hevr\u00eay\u00ean w\u00ee beriya bi\u00e7in ber s\u00eadarey\u00ea biratiya gel\u00ea Kurd \u00fb Tirk an\u00een ziman. Jixwe R\u00eabert\u00ee j\u00ee t\u00eako\u015f\u00eena xwe wek m\u00eerateya v\u00ea berxwedaniy\u00ea destn\u00ee\u015fan dike. R\u00eaber Apo bi israra xwe ya di sosyal\u00eezm\u00ea de \u00fb bi t\u00eako\u015f\u00eena xwe ya salan m\u00eerateya ku Den\u00eezan li pey xwe hi\u015ft her \u00fb her domand \u00fb bi berxwedaniya xwe ya li dij\u00ee v\u00ea s\u00eestem\u00ea ev ruh gurtir \u00fb mezintir kir.<\/p>\n<p>&nbsp;<\/p>\n<p><iframe loading=\"lazy\" title=\"Ruksen Mihemed: \u2018Y\u00ean Ku Den\u00eez Gezm\u00ee\u015f Qetil Kirin R\u00eaber Apo J\u00ee Hedef Girtin\u2019\" width=\"696\" height=\"392\" src=\"https:\/\/www.youtube.com\/embed\/RZT2WskQDXE?feature=oembed\" frameborder=\"0\" allow=\"accelerometer; autoplay; clipboard-write; encrypted-media; gyroscope; picture-in-picture; web-share\" referrerpolicy=\"strict-origin-when-cross-origin\" allowfullscreen><\/iframe><\/p>\n","protected":false},"excerpt":{"rendered":"<p>&nbsp; Ruksen Mihemed: \u2018Y\u00ean Ku Den\u00eez Gezm\u00ee\u015f Qetil Kirin R\u00eaber Apo J\u00ee Hedef Girtin\u2019 Di 6\u2019\u00ea gulana sala 1996\u2019an de hedefgirtina R\u00eaber Apo, ne ten\u00ea bi dest\u00ea dewleta Tirk p\u00eak hat, di nav v\u00ea plan\u00ea de NATO \u00fb gelek h\u00eaz\u00ean her\u00eam\u00ee cih\u00ea xwe girtin. B\u00ea guman yek ji p\u00eangav\u00ean esas\u00ee y\u00ea \u015fer\u00ea li dij\u00ee Rojhilata [&hellip;]<\/p>\n","protected":false},"author":1,"featured_media":18203,"comment_status":"open","ping_status":"closed","sticky":false,"template":"","format":"standard","meta":{"footnotes":""},"categories":[41,40],"tags":[],"class_list":{"0":"post-18202","1":"post","2":"type-post","3":"status-publish","4":"format-standard","5":"has-post-thumbnail","7":"category-dimen","8":"category-wene"},"_links":{"self":[{"href":"https:\/\/ypjrojava.net\/index.php?rest_route=\/wp\/v2\/posts\/18202","targetHints":{"allow":["GET"]}}],"collection":[{"href":"https:\/\/ypjrojava.net\/index.php?rest_route=\/wp\/v2\/posts"}],"about":[{"href":"https:\/\/ypjrojava.net\/index.php?rest_route=\/wp\/v2\/types\/post"}],"author":[{"embeddable":true,"href":"https:\/\/ypjrojava.net\/index.php?rest_route=\/wp\/v2\/users\/1"}],"replies":[{"embeddable":true,"href":"https:\/\/ypjrojava.net\/index.php?rest_route=%2Fwp%2Fv2%2Fcomments&post=18202"}],"version-history":[{"count":2,"href":"https:\/\/ypjrojava.net\/index.php?rest_route=\/wp\/v2\/posts\/18202\/revisions"}],"predecessor-version":[{"id":18205,"href":"https:\/\/ypjrojava.net\/index.php?rest_route=\/wp\/v2\/posts\/18202\/revisions\/18205"}],"wp:featuredmedia":[{"embeddable":true,"href":"https:\/\/ypjrojava.net\/index.php?rest_route=\/wp\/v2\/media\/18203"}],"wp:attachment":[{"href":"https:\/\/ypjrojava.net\/index.php?rest_route=%2Fwp%2Fv2%2Fmedia&parent=18202"}],"wp:term":[{"taxonomy":"category","embeddable":true,"href":"https:\/\/ypjrojava.net\/index.php?rest_route=%2Fwp%2Fv2%2Fcategories&post=18202"},{"taxonomy":"post_tag","embeddable":true,"href":"https:\/\/ypjrojava.net\/index.php?rest_route=%2Fwp%2Fv2%2Ftags&post=18202"}],"curies":[{"name":"wp","href":"https:\/\/api.w.org\/{rel}","templated":true}]}}