{"id":18218,"date":"2024-05-21T18:14:09","date_gmt":"2024-05-21T17:14:09","guid":{"rendered":"https:\/\/ypjrojava.net\/?p=18218"},"modified":"2024-05-21T18:14:09","modified_gmt":"2024-05-21T17:14:09","slug":"heza-parastina-civake-hertim-amadeye-ji-bo-parastina-nirxe-welate-xwe","status":"publish","type":"post","link":"https:\/\/ypjrojava.net\/?p=18218","title":{"rendered":"&#8220;H\u00caZA PARAST\u0130NA C\u0130VAK\u00ca HERT\u0130M AMADEYE J\u0130 BO PARAST\u0130NA N\u0130RX\u00ca WELAT\u00ca XWE&#8221;"},"content":{"rendered":"<p><strong>&#8220;H\u00caZA PARAST\u0130NA C\u0130VAK\u00ca HERT\u0130M AMADEYE J\u0130 BO PARAST\u0130NA N\u0130RX\u00ca WELAT\u00ca XWE&#8221;<\/strong><\/p>\n<p><img loading=\"lazy\" decoding=\"async\" class=\"alignnone size-medium wp-image-18219\" src=\"https:\/\/ypjrojava.net\/wp-content\/uploads\/2024\/05\/gg-300x200.jpg\" alt=\"\" width=\"300\" height=\"200\" srcset=\"https:\/\/ypjrojava.net\/wp-content\/uploads\/2024\/05\/gg-300x200.jpg 300w, https:\/\/ypjrojava.net\/wp-content\/uploads\/2024\/05\/gg-1024x683.jpg 1024w, https:\/\/ypjrojava.net\/wp-content\/uploads\/2024\/05\/gg-768x512.jpg 768w, https:\/\/ypjrojava.net\/wp-content\/uploads\/2024\/05\/gg.jpg 1268w\" sizes=\"auto, (max-width: 300px) 100vw, 300px\" \/><\/p>\n<p><strong>EM\u00ceNA EHMED: <\/strong>Em wek\u00ee h\u00eaz\u00ean jin \u00ea parastina civak\u00ea pi\u015ftgirya gel\u00ea xwe dikin, em niha parastina van zeviyan dikin, me ev soz daye ku heya dilopeke xw\u00een\u00ea di can\u00ea me de hebe em dev ji v\u00ea erka xwe bernadin, ber\u00ea me bikeve kuder\u00ea em\u00ea herin jiber ku em xwed\u00ee sozin, ev ax \u015ferefa me ye ji bo w\u00ea j\u00ee p\u00eaw\u00eeste her kes xwed\u00ee l\u00ea derkeve<\/p>\n<p><strong>&#8220;J\u0130 ZAROK\u00caN 7 SAL\u00ce HETA KAL\u00ca 70&#8217;\u00ca SAL\u00ce B\u0130LA XWED\u00ce LI AXA XWE DERKEV\u0130N&#8221;<\/strong><\/p>\n<p><img loading=\"lazy\" decoding=\"async\" class=\"alignnone size-medium wp-image-18221\" src=\"https:\/\/ypjrojava.net\/wp-content\/uploads\/2024\/05\/esma-300x200.jpg\" alt=\"\" width=\"300\" height=\"200\" srcset=\"https:\/\/ypjrojava.net\/wp-content\/uploads\/2024\/05\/esma-300x200.jpg 300w, https:\/\/ypjrojava.net\/wp-content\/uploads\/2024\/05\/esma-1024x683.jpg 1024w, https:\/\/ypjrojava.net\/wp-content\/uploads\/2024\/05\/esma-768x512.jpg 768w, https:\/\/ypjrojava.net\/wp-content\/uploads\/2024\/05\/esma-1536x1024.jpg 1536w, https:\/\/ypjrojava.net\/wp-content\/uploads\/2024\/05\/esma-2048x1365.jpg 2048w\" sizes=\"auto, (max-width: 300px) 100vw, 300px\" \/><\/p>\n<p>&nbsp;<\/p>\n<p><strong>Esma Edol Oso j\u00ee helwest\u00ea xwe weha an\u00ee ser ziman:<\/strong> Y\u00ean ku dixwazin xirabiya ser van riya bikin pirin, bi \u00e7ixareyek\u00ea av\u00eatin dikarin van zeviyan gi\u015ft\u00ee bi\u015fewt\u00eenin evj\u00ee w\u00ea bih\u00eale s\u00eestema me lewaz bibe, l\u00ea em \u00eero wek jin \u00e7ima r\u00fbnin, em\u00ea ser piyan bin, dijmin her ku me bib\u00eene, zan\u0131be ku her tim em amade ne. Bila neb\u00eaje ku kes parastina va zeviyan nake \u00fb agir berde keda v\u00ee gel\u00ee,em her tim wek\u00ee kelemek\u00ee li p\u00ea\u015fiya wan be, ev \u00e7eka ku \u00eero ser mil\u00ea me ji bo parastina v\u00ea xak\u00ea ye, Em bir\u00e7\u00ee \u00fb t\u00eahin j\u00ee bim\u00eenin li nava van zeviyan em dev j\u00ea bernadin \u00fb xwed\u00ee li \u00a0erka xwe derkevin. Bila dijmin ne fikire ku dema \u00ear\u00ee\u015f li ser v\u00ea ax\u00ea dike \u00fb bi dest\u00ea ajan\u00ea xwe van zeviyan di\u015fewt\u00eene\u00a0 w\u00ea \u00eerada me lewaz bike, berovaj\u00ee w\u00ea h\u00eaz \u00fb \u00eerada me z\u00eadetir dibe.<\/p>\n<p>Me sozek daye ku parastina v\u00ee welat\u00ee bikin, \u00e7iqas zehmet\u00ee j\u00ee werin p\u00ea\u015fya me em dev ji v\u00ea doza xwe bernadin, ger ku\u00a0 hem\u00fb gel \u00fb her malek nerabe w\u00ea ev dagirker\u00ee v\u00ea ax\u00ea talan bike, gereke em ser piyan bin \u00e7eka me ser mil\u00ea me be, ji zarok\u00ean 7 sal\u00ee heta kal\u00ea 70&#8217;\u00ea sal\u00ee p\u00eaw\u00eeste xwed\u00ee li v\u00ee nirx\u00ee derkrvin, niha tu di k\u00eejan bajar\u00ee re derbas bib\u00ee ji koban\u00ea heta d\u00earik\u00ea ev gel ser piya ye \u00fb parastina v\u00ea ax\u00ea dike \u00fb soza mej\u00ee eve, qet em ji dijmin natirsin, w\u00ea ev \u00e7eka me ser mil\u00ea me be \u00fb em dev ji welat\u00ea xwe bernadin.<\/p>\n<p><strong>&#8220;<\/strong><strong>D\u0130JM\u0130N \u00c7\u0130QAS \u00caR\u00ce\u015e B\u0130KE W\u00ca NEKARIBE V\u00ceNA V\u00ce GEL\u00ce B\u0130\u015eK\u00ceNE<\/strong><strong>&#8220;<\/strong><\/p>\n<p><img loading=\"lazy\" decoding=\"async\" class=\"alignnone size-medium wp-image-18220\" src=\"https:\/\/ypjrojava.net\/wp-content\/uploads\/2024\/05\/XEZAL-300x200.jpg\" alt=\"\" width=\"300\" height=\"200\" srcset=\"https:\/\/ypjrojava.net\/wp-content\/uploads\/2024\/05\/XEZAL-300x200.jpg 300w, https:\/\/ypjrojava.net\/wp-content\/uploads\/2024\/05\/XEZAL-1024x683.jpg 1024w, https:\/\/ypjrojava.net\/wp-content\/uploads\/2024\/05\/XEZAL-768x512.jpg 768w, https:\/\/ypjrojava.net\/wp-content\/uploads\/2024\/05\/XEZAL-1536x1024.jpg 1536w, https:\/\/ypjrojava.net\/wp-content\/uploads\/2024\/05\/XEZAL-2048x1365.jpg 2048w\" sizes=\"auto, (max-width: 300px) 100vw, 300px\" \/><\/p>\n<p>&nbsp;<\/p>\n<p><strong>Xezal Sil\u00eaman Dawud helwesa xwe weha n\u00ee\u015fan da \u00fb got:<\/strong> Jiber ku axa me axek\u00ee bi berheme, dijmin j\u00ee bi her away\u00ee dixwaze v\u00ee berhem\u00ee talan bike, li ser v\u00ee esas\u00ee emj\u00ee wek\u00ee h\u00eaz\u00ean parastina v\u00ea civak\u00ea parastina van zeviyan dikin. Her tim dijmin dixwaze berxwedan \u00fb v\u00eena v\u00ee gel\u00ee bi\u015fk\u00eene, l\u00ea bel\u00ea li dij\u00ee v\u00ee dijmin\u00ee em berxwedaniya xwe z\u00eadetir dikin, bi h\u00eav\u00ee \u00fb \u00eeradeyeke mezin niha em li vir parastin dikin, ji bo ku p\u00ea\u015fiya van \u00ear\u00ee\u015f\u00ean dagirkeriy\u00ea bisekinin.<\/p>\n<p>Dijmin bi her away\u00ee \u00ear\u00ee\u015f\u00ee me dike, bi balefir\u00ean \u015fer, \u00e7ek\u00ea giran \u00fb kes\u00ean ku li ser erd\u00ea al\u00eekariya wan dike hene, emj\u00ee bi h\u00eaza xwe ya cewher\u00ee bi v\u00ea erk\u00ea radibin, rojane em nubeta van zeviyan digrin.<\/p>\n<p>Em wek h\u00eaz\u00ean J\u0130N \u00ea parastina cewher\u00ee bi rola xwe radibin, ev meheke em li virin, dijmin hindek zev\u00ee \u015fewtandin, l\u00ea d\u00eesa j\u00ee berhem pir ba\u015fe evj\u00ee bi keda ku niha t\u00ea day\u00een \u00fb em ticar\u00ee ji dijmin re qebul nakin ku \u00ear\u00ee\u015f\u00ee me bike \u00e7i di mil\u00ea abor\u00ee, p\u00eesqoloj\u00ee\u00a0 \u00eedoloj\u00ee\u00a0 \u00fb esker\u00ee de be. Jiber ku em wek\u00ee \u00eerada gel, h\u00eaz\u00ean parastina civak\u00ea li ser fikir \u00fb raman\u00ea r\u00eaber APO mezin bune \u00fb em\u00ea li ser xeta \u015feh\u00eedan bime\u015fin.<\/p>\n<p>&nbsp;<\/p>\n<p><iframe loading=\"lazy\" title=\"H\u00eaza Cewher\u00ee Xwed\u00ee Li Nirx\u00ea Welat\u00ea Xwe Derdikeve\" width=\"696\" height=\"392\" src=\"https:\/\/www.youtube.com\/embed\/EUwC3dexN6k?feature=oembed\" frameborder=\"0\" allow=\"accelerometer; autoplay; clipboard-write; encrypted-media; gyroscope; picture-in-picture; web-share\" referrerpolicy=\"strict-origin-when-cross-origin\" allowfullscreen><\/iframe><\/p>\n<p>&nbsp;<\/p>\n","protected":false},"excerpt":{"rendered":"<p>&#8220;H\u00caZA PARAST\u0130NA C\u0130VAK\u00ca HERT\u0130M AMADEYE J\u0130 BO PARAST\u0130NA N\u0130RX\u00ca WELAT\u00ca XWE&#8221; EM\u00ceNA EHMED: Em wek\u00ee h\u00eaz\u00ean jin \u00ea parastina civak\u00ea pi\u015ftgirya gel\u00ea xwe dikin, em niha parastina van zeviyan dikin, me ev soz daye ku heya dilopeke xw\u00een\u00ea di can\u00ea me de hebe em dev ji v\u00ea erka xwe bernadin, ber\u00ea me bikeve kuder\u00ea em\u00ea [&hellip;]<\/p>\n","protected":false},"author":1,"featured_media":18219,"comment_status":"open","ping_status":"closed","sticky":false,"template":"","format":"standard","meta":{"footnotes":""},"categories":[41,38,40],"tags":[],"class_list":{"0":"post-18218","1":"post","2":"type-post","3":"status-publish","4":"format-standard","5":"has-post-thumbnail","7":"category-dimen","8":"category-nuce","9":"category-wene"},"_links":{"self":[{"href":"https:\/\/ypjrojava.net\/index.php?rest_route=\/wp\/v2\/posts\/18218","targetHints":{"allow":["GET"]}}],"collection":[{"href":"https:\/\/ypjrojava.net\/index.php?rest_route=\/wp\/v2\/posts"}],"about":[{"href":"https:\/\/ypjrojava.net\/index.php?rest_route=\/wp\/v2\/types\/post"}],"author":[{"embeddable":true,"href":"https:\/\/ypjrojava.net\/index.php?rest_route=\/wp\/v2\/users\/1"}],"replies":[{"embeddable":true,"href":"https:\/\/ypjrojava.net\/index.php?rest_route=%2Fwp%2Fv2%2Fcomments&post=18218"}],"version-history":[{"count":1,"href":"https:\/\/ypjrojava.net\/index.php?rest_route=\/wp\/v2\/posts\/18218\/revisions"}],"predecessor-version":[{"id":18222,"href":"https:\/\/ypjrojava.net\/index.php?rest_route=\/wp\/v2\/posts\/18218\/revisions\/18222"}],"wp:featuredmedia":[{"embeddable":true,"href":"https:\/\/ypjrojava.net\/index.php?rest_route=\/wp\/v2\/media\/18219"}],"wp:attachment":[{"href":"https:\/\/ypjrojava.net\/index.php?rest_route=%2Fwp%2Fv2%2Fmedia&parent=18218"}],"wp:term":[{"taxonomy":"category","embeddable":true,"href":"https:\/\/ypjrojava.net\/index.php?rest_route=%2Fwp%2Fv2%2Fcategories&post=18218"},{"taxonomy":"post_tag","embeddable":true,"href":"https:\/\/ypjrojava.net\/index.php?rest_route=%2Fwp%2Fv2%2Ftags&post=18218"}],"curies":[{"name":"wp","href":"https:\/\/api.w.org\/{rel}","templated":true}]}}