{"id":18224,"date":"2024-05-26T17:35:40","date_gmt":"2024-05-26T16:35:40","guid":{"rendered":"https:\/\/ypjrojava.net\/?p=18224"},"modified":"2024-05-26T17:35:40","modified_gmt":"2024-05-26T16:35:40","slug":"kes-nikare-pesiya-fikir-u-ramanen-reber-apo-bigre","status":"publish","type":"post","link":"https:\/\/ypjrojava.net\/?p=18224","title":{"rendered":"&#8220;Kes Nikare P\u00ea\u015fiya\u00a0 Fikir \u00fb Raman\u00ean R\u00eaber Apo Bigre&#8221;"},"content":{"rendered":"<p><strong>&#8220;Kes Nikare P\u00ea\u015fya\u00a0 Fikir \u00fb Raman\u00ean R\u00eaber Apo Bigre&#8221;<\/strong><\/p>\n<p><img loading=\"lazy\" decoding=\"async\" class=\"alignnone size-medium wp-image-18225\" src=\"https:\/\/ypjrojava.net\/wp-content\/uploads\/2024\/05\/ferasin-300x169.png\" alt=\"\" width=\"300\" height=\"169\" srcset=\"https:\/\/ypjrojava.net\/wp-content\/uploads\/2024\/05\/ferasin-300x169.png 300w, https:\/\/ypjrojava.net\/wp-content\/uploads\/2024\/05\/ferasin-1024x576.png 1024w, https:\/\/ypjrojava.net\/wp-content\/uploads\/2024\/05\/ferasin-768x432.png 768w, https:\/\/ypjrojava.net\/wp-content\/uploads\/2024\/05\/ferasin-1536x864.png 1536w, https:\/\/ypjrojava.net\/wp-content\/uploads\/2024\/05\/ferasin-390x220.png 390w, https:\/\/ypjrojava.net\/wp-content\/uploads\/2024\/05\/ferasin.png 1920w\" sizes=\"auto, (max-width: 300px) 100vw, 300px\" \/><\/p>\n<p>Fera\u015f\u00een Qami\u015flo Tecr\u00eeda li ser r\u00eaber Apo nirxand \u00fb helwest\u00ea xwe weha an\u00ee ser ziman &#8220;Ev qomploya navnetew\u00ee ya ku di \u015fexs\u00ea r\u00eaber APO de hat\u00ee p\u00eakan\u00een, bi fikrek\u00ee wan y\u00ea\u00a0 qir\u00eaj \u00fb deshilatdar ev qomplo p\u00ea\u015f ket \u00fb heta roja me ya \u00eero berdewam dike. Her \u00e7iqas r\u00eaber APO f\u00eez\u00eek\u00ee ne di nava mede ye, l\u00ea bi fikr \u00fb raman\u00ea xwe 42 seetan di nava jiyana mede ye \u00fb em\u00ea her li ser v\u00ea felsef\u00ea bime\u015fin.<\/p>\n<p>Dijmin bi v\u00ea qomploy\u00ea xwest bi me bide fam kirin ku em d\u00fbr\u00ee v\u00ee fikr \u00fb felsef\u00ea ne, l\u00ea bel\u00ea hat \u00eespat\u00a0 kirin ku r\u00eaber APO Hebunek\u00ee gerdun\u00ee ye, ne ten\u00ea ji bo me wek tevger, ji bo hemu gel\u00ean c\u00eehan\u00ea \u00fb bi hemu netew\u00ean xwe ve, ger ku \u00eero r\u00eaber\u00ea me Di bin tecr\u00eedek\u00ee giran de derbas dibe, l\u00ea fikr\u00ea w\u00ee ticar\u00ee nay\u00ea d\u00eel girtin<\/p>\n<p>Ger ku di roja me ya \u00eero de teko\u015f\u00eenek b\u00ea hempa t\u00ea me\u015fandin di mil\u00ea me de wek tevgera azadiy\u00ea, p\u00eaw\u00eeste gel\u00ea me j\u00ee teko\u015f\u00eena xwe h\u00een z\u00eadetir bike li hember\u00ee v\u00ea dagirkeriy\u00ea. \u00cero dema em meyze dikin hemu gel\u00ea me y\u00ea welat par\u00eaz, gel\u00ea azad\u00ee xwaz \u00ean li hemu c\u00eehan\u00ea radibin ser piyan ji bo azadiya f\u00eez\u00eek\u00ee a R\u00eaber APO li qada ne, \u00e7alakiy\u00ean pir bi heybetin, l\u00ea p\u00eaw\u00eeste h\u00een z\u00eadetir xwe bi r\u00eaxistin bikin \u00fb fikr\u00ea r\u00eaber APO li hemu c\u00eehan\u00ea bidin nas\u00een \u00fb p\u00eangav\u00ean h\u00een xurtir bav\u00eajin.<\/p>\n<p>Em wek h\u00eaza YPJ&#8217;\u00ea, r\u00eaber APO kedek\u00ee b\u00ea hempa ji bo me daye me\u015fandin, p\u00eaw\u00eeste xwed\u00ee li, fikr \u00fb felsefeya\u00a0 r\u00eabert\u00ee derketin esas be \u00fb k\u00fbrtir be. P\u00eevan \u00fb erk\u00ean ku r\u00eaber APO daye ser mil\u00ea me wek jin, p\u00eaw\u00eeste em xwed\u00ee l\u00ea derkevin, ev berpirsyart\u00ee dikeve ser mil\u00ea\u00a0 jin\u00ean c\u00eehan\u00ea j\u00ee. ger ku \u00eero jin bi fikir\u00ea xwe y\u00ea azad, bi misy\u00fbnek mezin nekaribe di nava civak\u00ea de bide diyar kirin, w\u00ea dem\u00ea ti rolek jin di civak\u00ea de nam\u00eene, r\u00eaber APO her tim ji bo me wek jin em \u00e7awa bi nasnameyek azad tevbigerin daye diyar kirin \u00fb heta roja \u00eero j\u00ee teko\u015f\u00eena w\u00ea dide.<\/p>\n<p>\u00cero dijmin \u00ear\u00ee\u015f\u00ee li ser gel\u00ea me dike, y\u00ea ku p\u00ea\u015fengtiyek\u00ee rast bi fikr\u00ea r\u00eaber APO dixwaze bide me\u015fandin \u00ear\u00ee\u015f\u00ea wan t\u00ea kirin, jiber ku dijmin ji v\u00ee fikir \u00fb felsefeya r\u00eabe APO pir ditirse, ji bo w\u00ea j\u00ee p\u00ea\u015feng\u00ean v\u00ea civak\u00ea hedef digre \u00fb naxwaze ku h\u00een z\u00eadetir felsefeya r\u00eaber APO h\u00een z\u00eadetir belav bibe. Li hember\u00ee w\u00ea j\u00ee p\u00eaw\u00eeste gel\u00ea me hi\u015fyar be, bila newe leystok\u00ea dijmin, lewaz nekeve, gav pa\u015fde neav\u00eaje, berovaj\u00ee w\u00ea r\u00fbxm\u00ee van hemu \u00ear\u00ee\u015fan p\u00eaw\u00eeste h\u00een z\u00eadetir\u00a0 teko\u015f\u00een \u00fb banga azadiy\u00ea bilintir bibe.<\/p>\n<p>Em j\u00ee wek\u00ee jin rola sereke ya v\u00ea teko\u015f\u00een\u00ea bilindtir kirin dikeve ser mil\u00ea me, jinek li kuder\u00ea be bila bibe, p\u00eaw\u00eeste nasnama xwe ya azad nas bike, xwed\u00ee felsefeya r\u00eaber APO derketin erka me wek jin esase, jiber ku\u00a0 me hebuna xwe, rastiya xwe, nasname , fikr \u00fb \u00eeradeya xwe ya azad bi saya raman\u00ea r\u00eaber APO nas kiriye, ji bo\u00a0 w\u00ea j\u00ee teko\u015f\u00een x\u00fbrt kirin , r\u00eaber APO f\u00eez\u00eek\u00ee azad kirin erka her\u00ee mezin ji\u00a0 jin\u00ea t\u00ea xwestin.&#8221;<\/p>\n<p><iframe loading=\"lazy\" title=\"Fera\u015f\u00een Qami\u015flo &quot;Kes Nikare P\u00ea\u015fya\u00a0 Fikir \u00fb Raman\u00ean R\u00eaber Apo Bigre&quot;\" width=\"696\" height=\"392\" src=\"https:\/\/www.youtube.com\/embed\/j1IoipANAOM?feature=oembed\" frameborder=\"0\" allow=\"accelerometer; autoplay; clipboard-write; encrypted-media; gyroscope; picture-in-picture; web-share\" referrerpolicy=\"strict-origin-when-cross-origin\" allowfullscreen><\/iframe><\/p>\n","protected":false},"excerpt":{"rendered":"<p>&#8220;Kes Nikare P\u00ea\u015fya\u00a0 Fikir \u00fb Raman\u00ean R\u00eaber Apo Bigre&#8221; Fera\u015f\u00een Qami\u015flo Tecr\u00eeda li ser r\u00eaber Apo nirxand \u00fb helwest\u00ea xwe weha an\u00ee ser ziman &#8220;Ev qomploya navnetew\u00ee ya ku di \u015fexs\u00ea r\u00eaber APO de hat\u00ee p\u00eakan\u00een, bi fikrek\u00ee wan y\u00ea\u00a0 qir\u00eaj \u00fb deshilatdar ev qomplo p\u00ea\u015f ket \u00fb heta roja me ya \u00eero berdewam dike. [&hellip;]<\/p>\n","protected":false},"author":1,"featured_media":18225,"comment_status":"open","ping_status":"closed","sticky":false,"template":"","format":"standard","meta":{"footnotes":""},"categories":[41,38,40],"tags":[],"class_list":{"0":"post-18224","1":"post","2":"type-post","3":"status-publish","4":"format-standard","5":"has-post-thumbnail","7":"category-dimen","8":"category-nuce","9":"category-wene"},"_links":{"self":[{"href":"https:\/\/ypjrojava.net\/index.php?rest_route=\/wp\/v2\/posts\/18224","targetHints":{"allow":["GET"]}}],"collection":[{"href":"https:\/\/ypjrojava.net\/index.php?rest_route=\/wp\/v2\/posts"}],"about":[{"href":"https:\/\/ypjrojava.net\/index.php?rest_route=\/wp\/v2\/types\/post"}],"author":[{"embeddable":true,"href":"https:\/\/ypjrojava.net\/index.php?rest_route=\/wp\/v2\/users\/1"}],"replies":[{"embeddable":true,"href":"https:\/\/ypjrojava.net\/index.php?rest_route=%2Fwp%2Fv2%2Fcomments&post=18224"}],"version-history":[{"count":1,"href":"https:\/\/ypjrojava.net\/index.php?rest_route=\/wp\/v2\/posts\/18224\/revisions"}],"predecessor-version":[{"id":18226,"href":"https:\/\/ypjrojava.net\/index.php?rest_route=\/wp\/v2\/posts\/18224\/revisions\/18226"}],"wp:featuredmedia":[{"embeddable":true,"href":"https:\/\/ypjrojava.net\/index.php?rest_route=\/wp\/v2\/media\/18225"}],"wp:attachment":[{"href":"https:\/\/ypjrojava.net\/index.php?rest_route=%2Fwp%2Fv2%2Fmedia&parent=18224"}],"wp:term":[{"taxonomy":"category","embeddable":true,"href":"https:\/\/ypjrojava.net\/index.php?rest_route=%2Fwp%2Fv2%2Fcategories&post=18224"},{"taxonomy":"post_tag","embeddable":true,"href":"https:\/\/ypjrojava.net\/index.php?rest_route=%2Fwp%2Fv2%2Ftags&post=18224"}],"curies":[{"name":"wp","href":"https:\/\/api.w.org\/{rel}","templated":true}]}}