{"id":18242,"date":"2024-06-22T14:28:17","date_gmt":"2024-06-22T13:28:17","guid":{"rendered":"https:\/\/ypjrojava.net\/?p=18242"},"modified":"2024-06-22T14:40:28","modified_gmt":"2024-06-22T13:40:28","slug":"ji-raya-gisti-u-capemeniye-re","status":"publish","type":"post","link":"https:\/\/ypjrojava.net\/?p=18242","title":{"rendered":"Ji Raya Gi\u015ft\u00ee \u00fb \u00c7apemeniy\u00ea re"},"content":{"rendered":"<p><strong>R\u00eahevala Me Del\u00eela C\u00fbd\u00ee Di Encama Qezayek\u00ea De \u015eeh\u00eed B\u00fb<\/strong><\/p>\n<p><strong>Ji Raya Gi\u015ft\u00ee \u00fb \u00c7apemeniy\u00ea re<\/strong><\/p>\n<p>\u015eervana YPJ\u2019\u00ea Del\u00eela C\u00fbd\u00ee di 13\u2019\u00ea Hez\u00eeran\u00ea di encama qezayek\u00ea de gih\u00ee\u015ft \u015fehadet\u00ea. Em di ser\u00ee de ji malbata w\u00ea ya welatpar\u00eaz \u00fb tevahiya gel\u00ea Silop\u00ee, bi gi\u015ft\u00ee gel\u00ea xwe \u00fb r\u00eaheval\u00ean w\u00ea re sersax\u00ee dixwazin.<\/p>\n<p>\u015eervana me Zozan Kartal bi nasnav Del\u00eela C\u00fbd\u00ee di d\u00eeroka 2002\u2019an li bajar\u00ea berxwedan\u00ea Silopiy\u00ea hate c\u00eehan\u00ea \u00fb di malbateke welatpar\u00eaz, bi \u00e7and \u00fb kevne\u015fopiya welatperwer\u00ee \u00fb Kurdewar\u00ee mezin b\u00fb. R\u00eahevala me Del\u00eela C\u00fbd\u00ee xwendekara dibistana nav\u00een b\u00fb ku p\u00eala \u00ear\u00ee\u015f\u00ean tunekirin\u00ea li dij\u00ee gel\u00ea Kurd \u00fb \u015fore\u015fa Rojava dijwartir b\u00fb. W\u00ea j\u00ee wek bi hezaran ciwan\u00ean t\u00eako\u015fer li beramber\u00ee pol\u00eet\u00eekay\u00ean qirker \u00fb \u00ear\u00ee\u015fkar b\u00fb xwed\u00ee helwest.<\/p>\n<p>R\u00eahevala me Del\u00eela C\u00fbd\u00ee di sala 2014\u2019an dema ku bajar\u00ea berxwedan\u00ea Koban\u00ea bi tevah\u00ee ji h\u00eala \u00e7etey\u00ean DA\u00ce\u015e\u2019\u00ea dorp\u00ea\u00e7 bib\u00fb \u00fb gef\u00ean tuneb\u00fbn\u00ea li Kurdan dihate xwarin, ber\u00ea xwe da \u015fore\u015f\u00ea. W\u00ea ji k\u00ealiya ku b\u00fb \u015fervana \u015fore\u015f\u00ea heya k\u00ealiya daw\u00ee ya j\u00eena xwe ji bo parastina \u015fore\u015f\u00ea t\u00eako\u015f\u00een me\u015fand. Di hemleya azadkirina Reqa de bi w\u00earekiyeke mezin tevl\u00ee b\u00fb. W\u00ea j\u00ee di tunekirina \u00e7etey\u00ean DA\u00ce\u015e\u2019\u00ea de \u015fopa xwe ji d\u00eerok\u00ea re hi\u015ft.<\/p>\n<p>\u015eeh\u00eed Del\u00eela C\u00fbd\u00ee bi ciwan\u00ee tevl\u00ee b\u00fb \u00fb ruh\u00ea xwe y\u00ea ciwan j\u00ee tim parast. Lewma di jiyan\u00ea de bi co\u015f, heyecan \u00fb enerjiya xwe ya bilind bandor kir. Xwe di qada le\u015fker\u00ee de p\u00ea\u015fxist \u00fb wek jinek\u00ea j\u00ee tim dixwest kesayeta xwe xurt \u00fb v\u00eendar bike. Xeyala w\u00ea ya her\u00ee mezin ew b\u00fb ku zarok\u00ean welat\u00ea w\u00ea di nav aram\u00ee de bij\u00een. Ji bo bigih\u00eeje v\u00ea xeyal\u00ea j\u00ee diviya \u015fer bike \u00fb t\u00eako\u015f\u00eena xwe bilind bike. R\u00eahevala me Del\u00eela C\u00fbd\u00ee temen\u00ea xwe bi xwe\u015fik\u00ee, dilpak\u00ee \u00fb r\u00eahevalt\u00ee dagirt.<\/p>\n<p>Em wek Fermandariya Gi\u015ft\u00ee ya YPJ\u2019\u00ea \u00fb r\u00eaheval\u00ean w\u00ea, em \u00ea tim gir\u00eaday\u00ee armanc \u00fb xeyal\u00ean \u015feh\u00eedan bin \u00fb d\u00ea tim b\u00eeran\u00eena \u015feh\u00eedan r\u00eaya me ya t\u00eako\u015f\u00een\u00ea ron\u00ee bike. Em bejna xwe li p\u00ea\u015fber\u00ee b\u00eeran\u00eena \u015feh\u00eed ditew\u00eenin \u00fb soz didin ji bo pergala demokrat\u00eek \u00fb azad p\u00eak b\u00ea, tim di nav xebat \u00fb t\u00eako\u015f\u00een de bin.<\/p>\n<p><strong>Nasanameya \u015eeh\u00eed Del\u00eela C\u00fbd\u00ee wehaye:<\/strong><\/p>\n<p><img loading=\"lazy\" decoding=\"async\" class=\"alignnone size-medium wp-image-18243\" src=\"https:\/\/ypjrojava.net\/wp-content\/uploads\/2024\/06\/ala-sici-224x300.png\" alt=\"\" width=\"224\" height=\"300\" srcset=\"https:\/\/ypjrojava.net\/wp-content\/uploads\/2024\/06\/ala-sici-224x300.png 224w, https:\/\/ypjrojava.net\/wp-content\/uploads\/2024\/06\/ala-sici-766x1024.png 766w, https:\/\/ypjrojava.net\/wp-content\/uploads\/2024\/06\/ala-sici-768x1027.png 768w, https:\/\/ypjrojava.net\/wp-content\/uploads\/2024\/06\/ala-sici.png 849w\" sizes=\"auto, (max-width: 224px) 100vw, 224px\" \/><\/p>\n<p><strong>Nav \u00fb Pa\u015fnav:<\/strong> Zozan Kartal<\/p>\n<p><strong>Nasnav:<\/strong> Del\u00eela C\u00fbd\u00ee<\/p>\n<p><strong>Nav\u00ea Day\u00eek:<\/strong> Fatma<\/p>\n<p><strong>Nav\u00ea Bav:<\/strong> Abdullah<\/p>\n<p><strong>D\u00eeroka \u015eehadet\u00ea: <\/strong>13\u2019\u00ea Hez\u00eerana 2024<\/p>\n<p>&nbsp;<\/p>\n<p>&nbsp;<\/p>\n<p>&nbsp;<\/p>\n<p style=\"text-align: right;\"><strong>\u00a0Fermandariya Gi\u015ft\u00ee ya YPJ\u2019\u00ea <\/strong><\/p>\n<p style=\"text-align: right;\"><strong>2024-06-22<\/strong><\/p>\n<p>&nbsp;<\/p>\n<p><img loading=\"lazy\" decoding=\"async\" class=\"alignnone size-medium wp-image-18244\" src=\"https:\/\/ypjrojava.net\/wp-content\/uploads\/2024\/06\/4-300x214.png\" alt=\"\" width=\"300\" height=\"214\" srcset=\"https:\/\/ypjrojava.net\/wp-content\/uploads\/2024\/06\/4-300x214.png 300w, https:\/\/ypjrojava.net\/wp-content\/uploads\/2024\/06\/4-1024x731.png 1024w, https:\/\/ypjrojava.net\/wp-content\/uploads\/2024\/06\/4-768x549.png 768w, https:\/\/ypjrojava.net\/wp-content\/uploads\/2024\/06\/4-1536x1097.png 1536w, https:\/\/ypjrojava.net\/wp-content\/uploads\/2024\/06\/4-2048x1463.png 2048w\" sizes=\"auto, (max-width: 300px) 100vw, 300px\" \/><\/p>\n","protected":false},"excerpt":{"rendered":"<p>R\u00eahevala Me Del\u00eela C\u00fbd\u00ee Di Encama Qezayek\u00ea De \u015eeh\u00eed B\u00fb Ji Raya Gi\u015ft\u00ee \u00fb \u00c7apemeniy\u00ea re \u015eervana YPJ\u2019\u00ea Del\u00eela C\u00fbd\u00ee di 13\u2019\u00ea Hez\u00eeran\u00ea di encama qezayek\u00ea de gih\u00ee\u015ft \u015fehadet\u00ea. Em di ser\u00ee de ji malbata w\u00ea ya welatpar\u00eaz \u00fb tevahiya gel\u00ea Silop\u00ee, bi gi\u015ft\u00ee gel\u00ea xwe \u00fb r\u00eaheval\u00ean w\u00ea re sersax\u00ee dixwazin. \u015eervana me Zozan [&hellip;]<\/p>\n","protected":false},"author":1,"featured_media":18244,"comment_status":"open","ping_status":"closed","sticky":false,"template":"","format":"standard","meta":{"footnotes":""},"categories":[39,40],"tags":[],"class_list":{"0":"post-18242","1":"post","2":"type-post","3":"status-publish","4":"format-standard","5":"has-post-thumbnail","7":"category-daxuyani","8":"category-wene"},"_links":{"self":[{"href":"https:\/\/ypjrojava.net\/index.php?rest_route=\/wp\/v2\/posts\/18242","targetHints":{"allow":["GET"]}}],"collection":[{"href":"https:\/\/ypjrojava.net\/index.php?rest_route=\/wp\/v2\/posts"}],"about":[{"href":"https:\/\/ypjrojava.net\/index.php?rest_route=\/wp\/v2\/types\/post"}],"author":[{"embeddable":true,"href":"https:\/\/ypjrojava.net\/index.php?rest_route=\/wp\/v2\/users\/1"}],"replies":[{"embeddable":true,"href":"https:\/\/ypjrojava.net\/index.php?rest_route=%2Fwp%2Fv2%2Fcomments&post=18242"}],"version-history":[{"count":4,"href":"https:\/\/ypjrojava.net\/index.php?rest_route=\/wp\/v2\/posts\/18242\/revisions"}],"predecessor-version":[{"id":18248,"href":"https:\/\/ypjrojava.net\/index.php?rest_route=\/wp\/v2\/posts\/18242\/revisions\/18248"}],"wp:featuredmedia":[{"embeddable":true,"href":"https:\/\/ypjrojava.net\/index.php?rest_route=\/wp\/v2\/media\/18244"}],"wp:attachment":[{"href":"https:\/\/ypjrojava.net\/index.php?rest_route=%2Fwp%2Fv2%2Fmedia&parent=18242"}],"wp:term":[{"taxonomy":"category","embeddable":true,"href":"https:\/\/ypjrojava.net\/index.php?rest_route=%2Fwp%2Fv2%2Fcategories&post=18242"},{"taxonomy":"post_tag","embeddable":true,"href":"https:\/\/ypjrojava.net\/index.php?rest_route=%2Fwp%2Fv2%2Ftags&post=18242"}],"curies":[{"name":"wp","href":"https:\/\/api.w.org\/{rel}","templated":true}]}}