{"id":18275,"date":"2024-06-24T14:45:47","date_gmt":"2024-06-24T13:45:47","guid":{"rendered":"https:\/\/ypjrojava.net\/?p=18275"},"modified":"2024-06-24T14:55:14","modified_gmt":"2024-06-24T13:55:14","slug":"kes-nikare-roja-me-tari-bikekes-nikare-reber-apo-ji-meji-u-rihe-me-derxine","status":"publish","type":"post","link":"https:\/\/ypjrojava.net\/?p=18275","title":{"rendered":"&#8220;KES N\u0130KARE ROJA ME TAR\u00ce B\u0130KE,KES N\u0130KARE R\u00caBER APO J\u0130 M\u00caJ\u00ce \u00db R\u0130H\u00ca ME DERX\u00ceNE&#8221;"},"content":{"rendered":"<p><strong>&#8220;KES N\u0130KARE ROJA ME TAR\u00ce B\u0130KE,KES N\u0130KARE R\u00caBER APO J\u0130 M\u00caJ\u00ce \u00db R\u0130H\u00ca ME DERX\u00ceNE<\/strong><strong>&#8220;<\/strong><\/p>\n<p><strong>\u015eervana YPJ&#8217;\u00ea N\u00fbjyan Bahoz li ser tecr\u00eeda ku li ser R\u00eaber APO t\u00ea me\u015fandin nirxand \u00fb wiha got<\/strong><strong>:<\/strong><\/p>\n<p>Di ser\u00ee de em komploya ku li ser R\u00eabert\u00ee t\u00ea me\u015fandin , lanet dikin \u00fb bi k\u00eenek\u00ee mezin \u015fermezar dikin. Ev komplo di \u015fexs\u00ea r\u00eaber APO de li ser gel\u00ea azad\u00eexwaz de j\u00ee t\u00ea me\u015fandin, ji ber ku y\u00ea v\u00ee gel\u00ee bi r\u00eave dibe r\u00eaber APO ye \u00fb bi felsefa r\u00eabert\u00ee ev gel xwe perwerde dike, gel xwe bi v\u00ea felsef\u00ea xwe mezin kir \u00fb nas kirye. Ji bo w\u00ea j\u00ee \u00a0tehemula dewleta dagirker ji v\u00ea re n\u00eene her ku di\u00e7e j\u00ee tecr\u00eeda r\u00eabert\u00ee girantir dike, r\u00eaber APO j\u00ee berxwedaniyek b\u00ea hempa li hember\u00ee w\u00ea dide me\u015fandin, ev berxwedan\u00ee \u00a0li ser hem\u00fb heval\u00ean li z\u00eendana bandor kirye \u00fb hem\u00fb\u00a0 di gireva bir\u00e7\u00eebun\u00ea de ne, v\u00ea peyam\u00ea didin dewleta dagirker &#8221;ger ku tu R\u00eabert\u00ee di v\u00ea tecr\u00eed\u00ea de bih\u00eale, em hem\u00fb wek\u00ee xelekek\u00ee\u00a0 li derdora R\u00eaber\u00ea xwe ne \u00fb bi raman\u00ean w\u00ee mezin dibin. Her wiha wek\u00ee ku \u015feh\u00eed\u00ean \u015fore\u015f\u00ea dib\u00eajin &#8220;Kes nikare roja me tar\u00ee bike&#8221; ,\u00eero hem\u00fb \u015fagirt\u00ean R\u00eabert\u00ee \u00fb gel\u00ean ku baweriya xwe bi R\u00eabert\u00ee t\u00eenin v\u00ea\u00a0 hevok\u00ea di kesayeta xwe de d\u00fbbare didin jiyan kirin. R\u00eaber APO j\u00ee v\u00ea peyam\u00ea dide &#8220;H\u00fbn \u00e7iqas v\u00ea tecr\u00eed\u00ea giran bikin j\u00ee ,\u00a0 gelek\u00ee\u00a0 azad\u00eexwaz \u00fb bi v\u00ea felsef\u00ea mezin b\u00fbye heye, ev gel li \u00a0derdora min her tim wek\u00ee xelekek\u00ea ye \u00fb bi hem\u00fb derfet\u00ean xwe v\u00ee hizr\u00ea azad\u00eexwaz dipar\u00eaze.<\/p>\n<p>Em j\u00ee wek\u00ee \u015fervan\u00ean R\u00eaber APO ku bi v\u00ee raman\u00ee xwe perwerde dikin, em v\u00ea ji dagirkeriya tirk re dib\u00eajin: Kes nikare roja me tar\u00ee bike, di dunyay\u00ea de gelek serok derketin, l\u00ea ti serok wek\u00ee R\u00eaber APO ne xwed\u00ee w\u00ea h\u00eaza azad\u00ee an\u00een\u00ea de b\u00fb.<\/p>\n<p>R\u00eaber APO azadiya jin esas girt, bi gotina &#8220;Heya jin azad nebe w\u00ea civak j\u00ee azad nebe.&#8221;, R\u00eabert\u00ee desp\u00ea kir, em j\u00ee wek\u00ee jin\u00ean kurd, ciwan\u00ean kurd, li pey\u00ee heq\u00eeqeta R\u00eabert\u00ee ne, soza me eve, em j\u00ee weke jin, em\u00ea azadiya f\u00eez\u00eek\u00ee a R\u00eabert\u00ee p\u00eakb\u00eenin, em ji v\u00ea bawerin.<\/p>\n<p>Bangewaziya min j\u00ee wek\u00ee \u015fervanek YPJ&#8221; Ji hem\u00fb gel\u00ean azad\u00eexwaz re, gereke helwesta li hember v\u00ea tecr\u00eed\u00ea ten\u00ea di me\u015fan de s\u00eenordar \u00a0nebe, li her dere, li dibistanan , kolanan de , bi xwendina pirt\u00fbk\u00ean R\u00eaber APO, bi danas\u00eena R\u00eabert\u00ee \u00fb bi me\u015f\u00ean her\u00ee dir\u00eaj, w\u00ea dag\u0131rkeri bers\u0131va xwe b\u0131gre, \u00e7iqas gel\u00ea me y\u00ea azad\u00eexwaz pi\u015fta xwe bidin hev \u00fb bibin yek deng, w\u00ea ewqas ji \u00eemraliy\u00ea re bibin bersiv. Ev dijmin j\u00ee w\u00ea ne\u00e7ar bim\u00eene ku ber\u00ea xwe bide R\u00eabert\u00ee. Ji bo w\u00ea j\u00ee p\u00eaw\u00eeste gel\u00ea me b\u00ea westan li ser piyan be \u00fb ji \u00eemraliy\u00ea re bibin deng, ji ber ku yekb\u00fbna gel\u00ea azad\u00ee xwaz dijmin ditrs\u00eene, p\u00eaw\u00eeste ev dijmin bizanibe ku R\u00eabert\u00ee ramana me ye, heb\u00fbna me ye \u00fb bi yek deng\u00ee bang bikin, \u00a0&#8221; B\u00ea Serok Jiyan Nab\u00ea.&#8221;<\/p>\n<p>Bi taybet ji bo ciwan\u00ean kurd, jin\u00ean kurd, ger ku azadiy\u00ea dixwazin, ger dixwazin ji \u00eemraliy\u00ea re bibin deng\u00ea azadiy\u00ea \u00fb ji R\u00eaber Apo re bibin bersiv, ger ku \u00a0armanc\u00ea wan\u00a0 fam kirina raman\u00ean r\u00eabert\u00ee ye, bila ber\u00ea xwe bidin nava ref\u00ean YPJ \u00fb bibin p\u00ea\u015feng ji v\u00ee gel\u00ee re.<\/p>\n<p>Her wiha d\u00eesa dib\u00eajim em j\u00ee wek\u00ee \u015feraveke YPJ&#8217;\u00ea, em bi raman\u00ea R\u00eaber Apo hene, kes nikare roja me tar\u00ee bike, kes nikare R\u00eabert\u00ee ji mejiy\u00ea me, rih\u00ea me, dil\u00ea me derx\u00eene, jiber ku ji dema em tevl\u00ee b\u00fbne heya niha, em bi R\u00eabert\u00ee hene, bi raman\u00ea w\u00ee xwe perwerde dikin, em\u00ea li ser v\u00ea felsef\u00ea bin \u00fb li pey\u00ee azadiya xwe \u00fb gel\u00ea xwe bibin. D\u00eesa dib\u00eajim em ji v\u00ea bawerin, w\u00ea R\u00eaber Apo f\u00eez\u00eek\u00ee azad bibe, w\u00ea gel\u00ea me j\u00ee azad bibe, w\u00ea azadiya jin j\u00ee p\u00eak were. Ji bo w\u00ea banga me d\u00eesa eve ji gel\u00ea me y\u00ea azad\u00eexwaz re, bi yek rih\u00ee \u00fb yek deng\u00ee, bi \u015fervan\u00ean xwe re \u00a0deriy\u00ea \u00eemraliy\u00ea bi\u015fk\u00eenin \u00fb R\u00eaber Apo f\u00eez\u00eek\u00ee azad bikin.<\/p>\n<p><img loading=\"lazy\" decoding=\"async\" class=\"alignnone size-medium wp-image-18276\" src=\"https:\/\/ypjrojava.net\/wp-content\/uploads\/2024\/06\/\u064a-300x200.jpg\" alt=\"\" width=\"300\" height=\"200\" srcset=\"https:\/\/ypjrojava.net\/wp-content\/uploads\/2024\/06\/\u064a-300x200.jpg 300w, https:\/\/ypjrojava.net\/wp-content\/uploads\/2024\/06\/\u064a-1024x683.jpg 1024w, https:\/\/ypjrojava.net\/wp-content\/uploads\/2024\/06\/\u064a-768x512.jpg 768w, https:\/\/ypjrojava.net\/wp-content\/uploads\/2024\/06\/\u064a-1536x1024.jpg 1536w, https:\/\/ypjrojava.net\/wp-content\/uploads\/2024\/06\/\u064a-2048x1365.jpg 2048w\" sizes=\"auto, (max-width: 300px) 100vw, 300px\" \/><\/p>\n<p><iframe loading=\"lazy\" title=\"\u015eervana YPJ&#039;\u00ea N\u00fbjyan Bahoz: Kes Nikare R\u00eabert\u00ee Ji M\u00eaj\u00ee \u00fb Rih\u00ea Me Derx\u00eene&quot;\" width=\"696\" height=\"392\" src=\"https:\/\/www.youtube.com\/embed\/m0levV8qXJA?feature=oembed\" frameborder=\"0\" allow=\"accelerometer; autoplay; clipboard-write; encrypted-media; gyroscope; picture-in-picture; web-share\" referrerpolicy=\"strict-origin-when-cross-origin\" allowfullscreen><\/iframe><\/p>\n","protected":false},"excerpt":{"rendered":"<p>&#8220;KES N\u0130KARE ROJA ME TAR\u00ce B\u0130KE,KES N\u0130KARE R\u00caBER APO J\u0130 M\u00caJ\u00ce \u00db R\u0130H\u00ca ME DERX\u00ceNE&#8220; \u015eervana YPJ&#8217;\u00ea N\u00fbjyan Bahoz li ser tecr\u00eeda ku li ser R\u00eaber APO t\u00ea me\u015fandin nirxand \u00fb wiha got: Di ser\u00ee de em komploya ku li ser R\u00eabert\u00ee t\u00ea me\u015fandin , lanet dikin \u00fb bi k\u00eenek\u00ee mezin \u015fermezar dikin. Ev komplo [&hellip;]<\/p>\n","protected":false},"author":1,"featured_media":18276,"comment_status":"open","ping_status":"closed","sticky":false,"template":"","format":"standard","meta":{"footnotes":""},"categories":[41,40],"tags":[],"class_list":{"0":"post-18275","1":"post","2":"type-post","3":"status-publish","4":"format-standard","5":"has-post-thumbnail","7":"category-dimen","8":"category-wene"},"_links":{"self":[{"href":"https:\/\/ypjrojava.net\/index.php?rest_route=\/wp\/v2\/posts\/18275","targetHints":{"allow":["GET"]}}],"collection":[{"href":"https:\/\/ypjrojava.net\/index.php?rest_route=\/wp\/v2\/posts"}],"about":[{"href":"https:\/\/ypjrojava.net\/index.php?rest_route=\/wp\/v2\/types\/post"}],"author":[{"embeddable":true,"href":"https:\/\/ypjrojava.net\/index.php?rest_route=\/wp\/v2\/users\/1"}],"replies":[{"embeddable":true,"href":"https:\/\/ypjrojava.net\/index.php?rest_route=%2Fwp%2Fv2%2Fcomments&post=18275"}],"version-history":[{"count":2,"href":"https:\/\/ypjrojava.net\/index.php?rest_route=\/wp\/v2\/posts\/18275\/revisions"}],"predecessor-version":[{"id":18278,"href":"https:\/\/ypjrojava.net\/index.php?rest_route=\/wp\/v2\/posts\/18275\/revisions\/18278"}],"wp:featuredmedia":[{"embeddable":true,"href":"https:\/\/ypjrojava.net\/index.php?rest_route=\/wp\/v2\/media\/18276"}],"wp:attachment":[{"href":"https:\/\/ypjrojava.net\/index.php?rest_route=%2Fwp%2Fv2%2Fmedia&parent=18275"}],"wp:term":[{"taxonomy":"category","embeddable":true,"href":"https:\/\/ypjrojava.net\/index.php?rest_route=%2Fwp%2Fv2%2Fcategories&post=18275"},{"taxonomy":"post_tag","embeddable":true,"href":"https:\/\/ypjrojava.net\/index.php?rest_route=%2Fwp%2Fv2%2Ftags&post=18275"}],"curies":[{"name":"wp","href":"https:\/\/api.w.org\/{rel}","templated":true}]}}