{"id":18279,"date":"2024-06-27T12:26:57","date_gmt":"2024-06-27T11:26:57","guid":{"rendered":"https:\/\/ypjrojava.net\/?p=18279"},"modified":"2024-06-27T12:26:57","modified_gmt":"2024-06-27T11:26:57","slug":"ger-ku-iro-em-henaseyeke-azad-distin-ev-i-bi-saya-hizir-u-felsefeya-reber-apo-ye","status":"publish","type":"post","link":"https:\/\/ypjrojava.net\/?p=18279","title":{"rendered":"&#8220;GER KU \u00ceRO EM HENASEYEKE AZAD D\u0130ST\u00ceN, EV \u00ce B\u0130 SAYA HIZIR \u00db FELSEFEYA R\u00caBER APO YE&#8221;"},"content":{"rendered":"<p><strong>&#8220;<\/strong><strong>GER KU \u00ceRO EM HENASEYEKE AZAD D\u0130ST\u00ceN, EV \u00ce B\u0130 SAYA HIZIR \u00db FELSEFEYA R\u00caBER APO YE<\/strong><strong>&#8220;<\/strong><\/p>\n<p>\u015eervana YPJ&#8217;\u00ea Lav\u00een Peyman: P\u00eavajoya ku em t\u00eare derbas dibin, \u00eero teko\u015f\u00eenek\u00ee pir mezin dixwaze. Gereke em v\u00ea ba\u015f bizanibin; ger \u00eero derfet\u00ean azadiy\u00ea di dest\u00ea mede hene, ev \u00a0bi saya hizr\u00ea R\u00eaber APO ye. Ji roja ku komplo li ser r\u00eaber\u00ea me hatiye me\u015fandin, R\u00eabert\u00ee di nava \u00e7ar d\u00eewaran de, di hucra yek kes\u00ee de ye. Y\u00ea ku ev civak kiriye heb\u00fbnek R\u00eaber Apo ye, azadiya v\u00ea civak\u00ea bi w\u00ea daye nas\u00een ,ew j\u00ee niha di girt\u00eegeh\u00ea de ye, ji bo w\u00ea j\u00ee teko\u015f\u00eenek pir xurt p\u00eaw\u00eeste. Dijmin v\u00ea ba\u015f dizane, ger R\u00eaber Apo v\u00ee fikr\u00ea azad di nava gel de bide r\u00fbni\u015fkandin, w\u00ea ev gel bibe xwed\u00ee v\u00een, w\u00ea h\u00eaza xwe bi xwe \u00e7\u00eabike, w\u00ea p\u00eaw\u00eestiya xwe bi dewletb\u00fbn\u00ea tine be, li ser van esasan \u00ear\u00ee\u015f\u00ean xwe ser R\u00eabert\u00ee da desp\u00eakirin,di \u015fexs\u00ea r\u00eabert\u00ee de \u00eeradeyek\u00ea \u00fb v\u00eenek\u00ea d\u00eel digre.<\/p>\n<p>Di bin berpisyartiya dewlet\u00ean navnetew\u00ee de ev \u00ear\u00ee\u015f hat p\u00eakan\u00een \u00fb heya \u00eero j\u00ee berjewendiy\u00ean xwe dipar\u00eaze \u00fb li gor w\u00ea tevdigere, ev j\u00ee t\u00ea wateya maf\u00ea gel ne qeb\u00fbl kirin\u00ea, ew b\u00ea \u00eerade hi\u015ftin, her dixwaze v\u00ee gel\u00ee bin desthilatiya xwede bih\u00eale, jiyaneka ne li gor azadiy\u00ea, jiyana gelek\u00ee ku \u00eerada w\u00ee j\u00ea hatiye standin \u00fb hertim di bin s\u00eestema w\u00ee de jiyan bike, ferz d\u0131ke.<\/p>\n<p>L\u00ea li hember\u00ee van \u00ear\u00ee\u015fan j\u00ee heta roja \u00eero R\u00eaber\u00ea me teko\u015f\u00eenk b\u00ea hempa dide me\u015fandin. Ev berxwedan\u00ee diteyise gel j\u00ee. Di encama v\u00ea teko\u015f\u00een\u00ea de \u015fore\u015fek li v\u00ea der\u00ea hate ava kirin, hem\u00fb netew di bin s\u00eewana netewa demoqrat\u00eek de cih digrin, ne ten\u00ea li rojavay\u00ea kurdistan\u00ea, ev fikir li her der\u00ea belav b\u00fbye, gelek\u00ee dilxwaz\u00ea azadiy\u00ea ye bi fikr\u00ea r\u00eaber APO bang dike. Li ser van bingehan gereke em v\u00ea rast fam bikin \u00fb teko\u015f\u00eena xwe bilind bikin, ger em \u00eero henaseyek azad dist\u00eenin, ev bi saya hizir \u00fb raman\u00ean R\u00eaber APO ye. Bi bedel\u00ean pir giran ev \u015fore\u015f hatiye ava kirin, gereke em hem\u00fb bi yek dest\u00ee v\u00ea \u015fore\u015f\u00ea bipar\u00eazin \u00fb mezin bikin.. Em j\u00ee wek\u00ee \u015fervan\u00ean YPJ&#8217;\u00ea em\u00ea bi sekin\u00a0 \u00fb tevl\u00eeb\u00fbneke xurt teko\u015f\u00eena xwe bilind bikin \u00fb em\u00ea li hember\u00ee hem\u00fb \u00ear\u00ee\u015f\u00ean dijmin bisekinin, ev \u00ear\u00ee\u015f\u00ean ku t\u00ean me\u015fandin em li hember\u00ee wan b\u00ea deng nemane \u00fb em\u00ea nem\u00eenin, em\u00ea bi w\u00ee fikr\u00ea R\u00eaber APO tevbigerin,soza mej\u00ee eve; teko\u015f\u00eena xwe mezin kirin \u00fb bi fikr\u00ea r\u00eaber APO azad\u00ee misoger kirin.<\/p>\n<p><img loading=\"lazy\" decoding=\"async\" class=\"alignnone size-medium wp-image-18280\" src=\"https:\/\/ypjrojava.net\/wp-content\/uploads\/2024\/06\/\u0644\u0627\u0641\u064a\u0646-\u0628\u064a\u0645\u0627\u0646-300x169.png\" alt=\"\" width=\"300\" height=\"169\" srcset=\"https:\/\/ypjrojava.net\/wp-content\/uploads\/2024\/06\/\u0644\u0627\u0641\u064a\u0646-\u0628\u064a\u0645\u0627\u0646-300x169.png 300w, https:\/\/ypjrojava.net\/wp-content\/uploads\/2024\/06\/\u0644\u0627\u0641\u064a\u0646-\u0628\u064a\u0645\u0627\u0646-1024x578.png 1024w, https:\/\/ypjrojava.net\/wp-content\/uploads\/2024\/06\/\u0644\u0627\u0641\u064a\u0646-\u0628\u064a\u0645\u0627\u0646-768x433.png 768w, https:\/\/ypjrojava.net\/wp-content\/uploads\/2024\/06\/\u0644\u0627\u0641\u064a\u0646-\u0628\u064a\u0645\u0627\u0646-390x220.png 390w, https:\/\/ypjrojava.net\/wp-content\/uploads\/2024\/06\/\u0644\u0627\u0641\u064a\u0646-\u0628\u064a\u0645\u0627\u0646.png 1320w\" sizes=\"auto, (max-width: 300px) 100vw, 300px\" \/><\/p>\n","protected":false},"excerpt":{"rendered":"<p>&#8220;GER KU \u00ceRO EM HENASEYEKE AZAD D\u0130ST\u00ceN, EV \u00ce B\u0130 SAYA HIZIR \u00db FELSEFEYA R\u00caBER APO YE&#8220; \u015eervana YPJ&#8217;\u00ea Lav\u00een Peyman: P\u00eavajoya ku em t\u00eare derbas dibin, \u00eero teko\u015f\u00eenek\u00ee pir mezin dixwaze. Gereke em v\u00ea ba\u015f bizanibin; ger \u00eero derfet\u00ean azadiy\u00ea di dest\u00ea mede hene, ev \u00a0bi saya hizr\u00ea R\u00eaber APO ye. Ji roja ku [&hellip;]<\/p>\n","protected":false},"author":1,"featured_media":18280,"comment_status":"open","ping_status":"closed","sticky":false,"template":"","format":"standard","meta":{"footnotes":""},"categories":[41,40],"tags":[],"class_list":{"0":"post-18279","1":"post","2":"type-post","3":"status-publish","4":"format-standard","5":"has-post-thumbnail","7":"category-dimen","8":"category-wene"},"_links":{"self":[{"href":"https:\/\/ypjrojava.net\/index.php?rest_route=\/wp\/v2\/posts\/18279","targetHints":{"allow":["GET"]}}],"collection":[{"href":"https:\/\/ypjrojava.net\/index.php?rest_route=\/wp\/v2\/posts"}],"about":[{"href":"https:\/\/ypjrojava.net\/index.php?rest_route=\/wp\/v2\/types\/post"}],"author":[{"embeddable":true,"href":"https:\/\/ypjrojava.net\/index.php?rest_route=\/wp\/v2\/users\/1"}],"replies":[{"embeddable":true,"href":"https:\/\/ypjrojava.net\/index.php?rest_route=%2Fwp%2Fv2%2Fcomments&post=18279"}],"version-history":[{"count":1,"href":"https:\/\/ypjrojava.net\/index.php?rest_route=\/wp\/v2\/posts\/18279\/revisions"}],"predecessor-version":[{"id":18281,"href":"https:\/\/ypjrojava.net\/index.php?rest_route=\/wp\/v2\/posts\/18279\/revisions\/18281"}],"wp:featuredmedia":[{"embeddable":true,"href":"https:\/\/ypjrojava.net\/index.php?rest_route=\/wp\/v2\/media\/18280"}],"wp:attachment":[{"href":"https:\/\/ypjrojava.net\/index.php?rest_route=%2Fwp%2Fv2%2Fmedia&parent=18279"}],"wp:term":[{"taxonomy":"category","embeddable":true,"href":"https:\/\/ypjrojava.net\/index.php?rest_route=%2Fwp%2Fv2%2Fcategories&post=18279"},{"taxonomy":"post_tag","embeddable":true,"href":"https:\/\/ypjrojava.net\/index.php?rest_route=%2Fwp%2Fv2%2Ftags&post=18279"}],"curies":[{"name":"wp","href":"https:\/\/api.w.org\/{rel}","templated":true}]}}