{"id":18283,"date":"2024-06-30T08:44:22","date_gmt":"2024-06-30T07:44:22","guid":{"rendered":"https:\/\/ypjrojava.net\/?p=18283"},"modified":"2024-06-30T08:58:24","modified_gmt":"2024-06-30T07:58:24","slug":"serceteye-navdar-ye-daise-ebu-xamid-hate-girtin","status":"publish","type":"post","link":"https:\/\/ypjrojava.net\/?p=18283","title":{"rendered":"Ser\u00e7etey\u00ea Navdar Y\u00ea DA\u00ce\u015e\u2019\u00ea Eb\u00fb Xamid hate girtin"},"content":{"rendered":"<p><strong>Ser\u00e7etey\u00ea Navdar Y\u00ea DA\u00ce\u015e\u2019\u00ea Eb\u00fb Xamid hate girtin<\/strong><\/p>\n<p>Bi operasyoneke taybet ya YPJ\u2019\u00ea \u00fb QSD\u2019\u00ea ser\u00e7etey\u00ea DA\u00ce\u015e\u2019\u00ea y\u00ea bi nav\u00ea Mihemed El Bex\u00eet bi nasnav Eb\u00fb Xamid hate girtin.<\/p>\n<p>Ser\u00e7ete Mihemed El Bex\u00eet bi nasnav\u00ea Eb\u00fb Xamid ku bi demdir\u00eaj\u00ee faliyet\u00ean teror\u00eest\u00ee dime\u015fand, di encama operasyoneke taybet ya h\u00eaz\u00ean YPJ\u2019\u00ea \u00fb QSD\u2019\u00ea\u00a0 li her\u00eama D\u00earezor\u00ea hate girtin.<\/p>\n<p>Eb\u00fb Xamid bi esl\u00ea xwe ji her\u00eama El \u015euh\u00eal ya D\u00earezor\u00ea ye. Di sal\u00ean 2011\u2019an bi destp\u00eakirina guhertin\u00ean li Rojhilata Nav\u00een re di asta fermandariya L\u00eewa de di C\u00ea\u015f\u00fbl Hur de cih digire. Li Heleb, Ezaz \u00fb Idlib bi \u015f\u00eaweyeke akt\u00eef kar me\u015fandiye. Herwiha li her\u00eama El Yerbiye li dij\u00ee \u015fervan\u00ean azadiy\u00ea y\u00ean YPG-YPJ \u015fer kiriye. Yekser di \u00ear\u00ee\u015f\u00ean li dij\u00ee \u015fervanan de cih girtiye. Ser\u00e7etey\u00ea DA\u00ce\u015e\u2019\u00ea Ebu Xamid bi salan li her\u00eam\u00ea \u00fb Tirkiy\u00ea j\u00ee di b\u00fbyer\u00ean teror\u00eest\u00ee de rol girtiye.<\/p>\n<p>Pi\u015ft\u00ee ku her\u00eama D\u00earezor\u00ea ji \u00e7etey\u00ean DA\u00ce\u015e\u2019\u00ea hate rizgarkirin, Eb\u00fb Xamid vedigere her\u00eama El Suh\u00eal. Bi ser\u00e7eteyeke din y\u00ea bi nav\u00ea \u00cebrah\u00eem El Hafil re komeke \u00e7ete ava kir. Ev koma \u00e7ete ya DA\u00ce\u015e\u2019\u00ea ji bo ku aloz\u00ee \u00fb pirsgir\u00eak di navbera gel\u00ea Her\u00eam\u00ea \u00fb h\u00eaz\u00ean QSD derkevin, faliyet\u00ean tehr\u00eekirin\u00ea me\u015fand. Herwiha di \u015feh\u00eedkirina \u015fervanan, texr\u00eebkirina alav\u00ean le\u015fker\u00ee \u00fb hwd. de taybet tev geriyan.<\/p>\n<p>Di 26\u2019\u00ea Hez\u00eeran\u00ea dema ku Eb\u00fb Xamid ji her\u00eama li j\u00ear kontrola rej\u00eema Suriy\u00ea bi ve\u015fart\u00ee derbas\u00ee her\u00eama Suh\u00eal ya D\u00earezor\u00ea dib\u00fb, bi operasyoneke taybet ji h\u00eala \u015fervan\u00ean YPJ\u2019\u00ea ve hate girtin.\u00a0 Eb\u00fb Xamid armanc dikir ku gel\u00ea li her\u00eam\u00ea, bi taybet j\u00ee e\u015f\u00eeretan li dij\u00ee QSD\u2019\u00ea tehr\u00eek bike \u00fb aloziyan \u00e7\u00eabike, wiha j\u00ee di her\u00eam\u00ea de aramiy\u00ea t\u00eak bide.<\/p>\n<p><strong>Navenda Ragihandina YPJ<\/strong><\/p>\n<p><img loading=\"lazy\" decoding=\"async\" class=\"alignnone size-medium wp-image-18284\" src=\"https:\/\/ypjrojava.net\/wp-content\/uploads\/2024\/06\/nuce-girtin-mih-ebu-xamid-1-233x300.jpg\" alt=\"\" width=\"233\" height=\"300\" srcset=\"https:\/\/ypjrojava.net\/wp-content\/uploads\/2024\/06\/nuce-girtin-mih-ebu-xamid-1-233x300.jpg 233w, https:\/\/ypjrojava.net\/wp-content\/uploads\/2024\/06\/nuce-girtin-mih-ebu-xamid-1.jpg 720w\" sizes=\"auto, (max-width: 233px) 100vw, 233px\" \/> <img loading=\"lazy\" decoding=\"async\" class=\"alignnone size-medium wp-image-18285\" src=\"https:\/\/ypjrojava.net\/wp-content\/uploads\/2024\/06\/nuce-girtin-mih-ebu-xamid-2-232x300.jpg\" alt=\"\" width=\"232\" height=\"300\" srcset=\"https:\/\/ypjrojava.net\/wp-content\/uploads\/2024\/06\/nuce-girtin-mih-ebu-xamid-2-232x300.jpg 232w, https:\/\/ypjrojava.net\/wp-content\/uploads\/2024\/06\/nuce-girtin-mih-ebu-xamid-2.jpg 720w\" sizes=\"auto, (max-width: 232px) 100vw, 232px\" \/> <img loading=\"lazy\" decoding=\"async\" class=\"alignnone size-medium wp-image-18286\" src=\"https:\/\/ypjrojava.net\/wp-content\/uploads\/2024\/06\/nuce-girtin-mih-ebu-xamid-5-145x300.jpg\" alt=\"\" width=\"145\" height=\"300\" srcset=\"https:\/\/ypjrojava.net\/wp-content\/uploads\/2024\/06\/nuce-girtin-mih-ebu-xamid-5-145x300.jpg 145w, https:\/\/ypjrojava.net\/wp-content\/uploads\/2024\/06\/nuce-girtin-mih-ebu-xamid-5-495x1024.jpg 495w, https:\/\/ypjrojava.net\/wp-content\/uploads\/2024\/06\/nuce-girtin-mih-ebu-xamid-5.jpg 522w\" sizes=\"auto, (max-width: 145px) 100vw, 145px\" \/> <img loading=\"lazy\" decoding=\"async\" class=\"alignnone size-medium wp-image-18287\" src=\"https:\/\/ypjrojava.net\/wp-content\/uploads\/2024\/06\/nuce-girtin-mih-ebu-xamid-135x300.jpg\" alt=\"\" width=\"135\" height=\"300\" srcset=\"https:\/\/ypjrojava.net\/wp-content\/uploads\/2024\/06\/nuce-girtin-mih-ebu-xamid-135x300.jpg 135w, https:\/\/ypjrojava.net\/wp-content\/uploads\/2024\/06\/nuce-girtin-mih-ebu-xamid.jpg 432w\" sizes=\"auto, (max-width: 135px) 100vw, 135px\" \/><\/p>\n<p><iframe loading=\"lazy\" title=\"Ser\u00e7etey\u00ea Navdar Y\u00ea DA\u00ce\u015e\u2019\u00ea Eb\u00fb Xamid hate girtin\" width=\"696\" height=\"392\" src=\"https:\/\/www.youtube.com\/embed\/D52bnFGUUbc?feature=oembed\" frameborder=\"0\" allow=\"accelerometer; autoplay; clipboard-write; encrypted-media; gyroscope; picture-in-picture; web-share\" referrerpolicy=\"strict-origin-when-cross-origin\" allowfullscreen><\/iframe><\/p>\n","protected":false},"excerpt":{"rendered":"<p>Ser\u00e7etey\u00ea Navdar Y\u00ea DA\u00ce\u015e\u2019\u00ea Eb\u00fb Xamid hate girtin Bi operasyoneke taybet ya YPJ\u2019\u00ea \u00fb QSD\u2019\u00ea ser\u00e7etey\u00ea DA\u00ce\u015e\u2019\u00ea y\u00ea bi nav\u00ea Mihemed El Bex\u00eet bi nasnav Eb\u00fb Xamid hate girtin. Ser\u00e7ete Mihemed El Bex\u00eet bi nasnav\u00ea Eb\u00fb Xamid ku bi demdir\u00eaj\u00ee faliyet\u00ean teror\u00eest\u00ee dime\u015fand, di encama operasyoneke taybet ya h\u00eaz\u00ean YPJ\u2019\u00ea \u00fb QSD\u2019\u00ea\u00a0 li her\u00eama D\u00earezor\u00ea [&hellip;]<\/p>\n","protected":false},"author":1,"featured_media":18289,"comment_status":"open","ping_status":"closed","sticky":false,"template":"","format":"standard","meta":{"footnotes":""},"categories":[41,38,40],"tags":[],"class_list":{"0":"post-18283","1":"post","2":"type-post","3":"status-publish","4":"format-standard","5":"has-post-thumbnail","7":"category-dimen","8":"category-nuce","9":"category-wene"},"_links":{"self":[{"href":"https:\/\/ypjrojava.net\/index.php?rest_route=\/wp\/v2\/posts\/18283","targetHints":{"allow":["GET"]}}],"collection":[{"href":"https:\/\/ypjrojava.net\/index.php?rest_route=\/wp\/v2\/posts"}],"about":[{"href":"https:\/\/ypjrojava.net\/index.php?rest_route=\/wp\/v2\/types\/post"}],"author":[{"embeddable":true,"href":"https:\/\/ypjrojava.net\/index.php?rest_route=\/wp\/v2\/users\/1"}],"replies":[{"embeddable":true,"href":"https:\/\/ypjrojava.net\/index.php?rest_route=%2Fwp%2Fv2%2Fcomments&post=18283"}],"version-history":[{"count":1,"href":"https:\/\/ypjrojava.net\/index.php?rest_route=\/wp\/v2\/posts\/18283\/revisions"}],"predecessor-version":[{"id":18288,"href":"https:\/\/ypjrojava.net\/index.php?rest_route=\/wp\/v2\/posts\/18283\/revisions\/18288"}],"wp:featuredmedia":[{"embeddable":true,"href":"https:\/\/ypjrojava.net\/index.php?rest_route=\/wp\/v2\/media\/18289"}],"wp:attachment":[{"href":"https:\/\/ypjrojava.net\/index.php?rest_route=%2Fwp%2Fv2%2Fmedia&parent=18283"}],"wp:term":[{"taxonomy":"category","embeddable":true,"href":"https:\/\/ypjrojava.net\/index.php?rest_route=%2Fwp%2Fv2%2Fcategories&post=18283"},{"taxonomy":"post_tag","embeddable":true,"href":"https:\/\/ypjrojava.net\/index.php?rest_route=%2Fwp%2Fv2%2Ftags&post=18283"}],"curies":[{"name":"wp","href":"https:\/\/api.w.org\/{rel}","templated":true}]}}