{"id":18290,"date":"2024-07-03T18:40:14","date_gmt":"2024-07-03T17:40:14","guid":{"rendered":"https:\/\/ypjrojava.net\/?p=18290"},"modified":"2024-07-03T18:40:14","modified_gmt":"2024-07-03T17:40:14","slug":"akademiya-sehid-viyan-dewran-dewreya-sehid-cicek-kobane-ya-ceke-navin-bi-dawi-kir","status":"publish","type":"post","link":"https:\/\/ypjrojava.net\/?p=18290","title":{"rendered":"Akademiya \u015eeh\u00eed Viyan Dewran Dewreya \u015eeh\u00eed \u00c7\u00ee\u00e7ek Koban\u00ea Ya \u00c7ek\u00ea Nav\u00een Bi Daw\u00ee Kir"},"content":{"rendered":"<p><strong>Akademiya \u015eeh\u00eed Viyan Dewran Dewreya \u015eeh\u00eed \u00c7\u00ee\u00e7ek Koban\u00ea Ya \u00c7ek\u00ea Nav\u00een Bi Daw\u00ee Kir<\/strong><\/p>\n<p>Akademiya \u015eeh\u00eed Viyan\u00a0 ku ji p\u00eakhatiy\u00ean Ereb \u00fb Kurd p\u00eak dihat, bi meras\u00eemeke le\u015fker\u00ee \u00fb bi soz day\u00eena \u015fervanan re hat bi daw\u00ee kirin.<\/p>\n<p>Fermandara YPJ&#8217;\u00ea\u00a0 Ruken Ercan be\u015fdar\u00ee meras\u00eem\u00ea b\u00fb \u00fb wiha an\u00ee ziman&#8221; Em bi daw\u00eekirina\u00a0 dewreya \u015eeh\u00eed \u00c7\u00ee\u00e7ek a \u00e7ek\u00ean nav\u00een li R\u00eaberApo \u00fb tevah\u00ee hevalan p\u00eeroz dikin. Perwerdeya ku li ser bingeh\u00ea\u00a0 \u00eedoloj\u00eek \u00fb le\u015fker\u00ee xwe k\u00fbr kirib\u00fbn, bi taybet di meha tirmeh\u00ea de,salvegera avakirina \u015fore\u015fa rojava ye. Em j\u00ee wek\u00ee h\u00eazeke le\u015fker\u00ee ya jin di hem\u00fb milan de xwe k\u00fbr kirin erka me ye bingeh\u00een e. Li hember\u00ee hem\u00fb \u00ear\u00ee\u015f\u00ean dijmin derketin, wek jin xwed\u00ee erka xwe ya \u015fore\u015fger\u00ee derketin e.<\/p>\n<p>Her wiha Ruken Ercan bal ki\u015fand ser rola \u015fervan\u00ean YPJ&#8217;\u00ea di v\u00ea p\u00eavajoy\u00ea de&#8221; Xwed\u00ee Li perwerdeya xwe derketin \u00fb xwe t\u00eade k\u00fbr kirin erkeke bingeh\u00eene , ji bo civak\u00ea re j\u00ee bibin p\u00ea\u015feng ev yek her tim xwe bi perwerde kirin\u00ea re p\u00eakan dibe.<\/p>\n<p>Pi\u015ft\u00ee fermandara YPJ&#8217;\u00ea Ruken Ercan axaftina xwe bi daw\u00ee kir, \u015fervanan bi dir\u00fb\u015fmey\u00ean &#8220;B\u00ea Serok Jiyan Nabe, Jin Jiyan Azad\u00ee&#8221; meras\u00eem bi daw\u00ee kirin.<\/p>\n<p>\u015eervan\u00ean ku cih\u00ea xwe di perwerd\u00ea de girtine hest\u00ean xwe wiha an\u00een ziman &#8220;Me h\u00eazek\u00ee pir xurt ji v\u00ea akademiy\u00ea girt. Hem di mil\u00ea b\u00eerdoz\u00ee hem j\u00ee di mil\u00ea le\u015fker\u00ee de,bawer\u00eeya me bi me h\u00een xurtir b\u00fb.<\/p>\n<p>Her wiha \u015fervan\u00ean YPJ&#8217;\u00ea an\u00een ser ziman &#8220;Armanca me ewe ku \u00e7i \u00ear\u00ee\u015f\u00ean li ser welat\u00ea me \u00fb bajar\u00ean me t\u00ean kirin, li ser v\u00ea bingeh\u00ea em\u00ea xwe di her mil\u00ee de p\u00ea\u015f bixin.<\/p>\n<p>&#8221;Ji bo v\u00ea j\u00ee banga me ji bo hem\u00fb ciwan\u00ean Ereb \u00fb Kurd, bila werin tevl\u00ee nava ref\u00ean YPJ &#8216;\u00ea da ku \u00a0xwe nas bike, nirx\u00ea xwe nas bike. Ev yek j\u00ee bi fikr\u00ea R\u00eaber Apo xwe perwerde kirin\u00ea re p\u00eakan dibe.<\/p>\n<p>&#8220;Em wek\u00ee \u015fervan\u00ea YPJ&#8217;\u00ea p\u00eaw\u00eestiy\u00ea me her tim bi perwerd\u00ea heye,da ku em xwe ji her mil\u00ee de bipar\u00eazin, axa xwe \u00fb ji civaka xwe re j\u00ee di her mil\u00ee de bibin p\u00ea\u015feng.<\/p>\n<p>Wek \u015fervaneke YPJ&#8217;\u00ea banga min ji hem\u00fb jinan re; werin tevl\u00ee nava ref\u00ean YPJ&#8217;\u00ea bibin, ji bo ku h\u00fbn j\u00ee xwe nas bikin \u00fb di her mil\u00ee de xwe ava bikin.&#8221;<\/p>\n<p>Girtina dewreya perwerd\u00ea bi gerandina govenda \u015fervan\u00ean YPJ&#8217;\u00ea re bi baw\u00ee b\u00fb.<\/p>\n<p><strong>Navenda Ragihandina YPJ&#8217;\u00ea<\/strong><\/p>\n<p><img loading=\"lazy\" decoding=\"async\" class=\"alignnone size-medium wp-image-18291\" src=\"https:\/\/ypjrojava.net\/wp-content\/uploads\/2024\/07\/9G2A0068-300x200.jpg\" alt=\"\" width=\"300\" height=\"200\" srcset=\"https:\/\/ypjrojava.net\/wp-content\/uploads\/2024\/07\/9G2A0068-300x200.jpg 300w, https:\/\/ypjrojava.net\/wp-content\/uploads\/2024\/07\/9G2A0068-1024x683.jpg 1024w, https:\/\/ypjrojava.net\/wp-content\/uploads\/2024\/07\/9G2A0068-768x512.jpg 768w, https:\/\/ypjrojava.net\/wp-content\/uploads\/2024\/07\/9G2A0068-1536x1024.jpg 1536w, https:\/\/ypjrojava.net\/wp-content\/uploads\/2024\/07\/9G2A0068-2048x1365.jpg 2048w\" sizes=\"auto, (max-width: 300px) 100vw, 300px\" \/> <img loading=\"lazy\" decoding=\"async\" class=\"alignnone size-medium wp-image-18292\" src=\"https:\/\/ypjrojava.net\/wp-content\/uploads\/2024\/07\/9G2A0074-300x200.jpg\" alt=\"\" width=\"300\" height=\"200\" srcset=\"https:\/\/ypjrojava.net\/wp-content\/uploads\/2024\/07\/9G2A0074-300x200.jpg 300w, https:\/\/ypjrojava.net\/wp-content\/uploads\/2024\/07\/9G2A0074-1024x683.jpg 1024w, https:\/\/ypjrojava.net\/wp-content\/uploads\/2024\/07\/9G2A0074-768x512.jpg 768w, https:\/\/ypjrojava.net\/wp-content\/uploads\/2024\/07\/9G2A0074-1536x1024.jpg 1536w, https:\/\/ypjrojava.net\/wp-content\/uploads\/2024\/07\/9G2A0074-2048x1365.jpg 2048w\" sizes=\"auto, (max-width: 300px) 100vw, 300px\" \/> <img loading=\"lazy\" decoding=\"async\" class=\"alignnone size-medium wp-image-18293\" src=\"https:\/\/ypjrojava.net\/wp-content\/uploads\/2024\/07\/9G2A0076-300x200.jpg\" alt=\"\" width=\"300\" height=\"200\" srcset=\"https:\/\/ypjrojava.net\/wp-content\/uploads\/2024\/07\/9G2A0076-300x200.jpg 300w, https:\/\/ypjrojava.net\/wp-content\/uploads\/2024\/07\/9G2A0076-1024x683.jpg 1024w, https:\/\/ypjrojava.net\/wp-content\/uploads\/2024\/07\/9G2A0076-768x512.jpg 768w, https:\/\/ypjrojava.net\/wp-content\/uploads\/2024\/07\/9G2A0076-1536x1024.jpg 1536w, https:\/\/ypjrojava.net\/wp-content\/uploads\/2024\/07\/9G2A0076-2048x1365.jpg 2048w\" sizes=\"auto, (max-width: 300px) 100vw, 300px\" \/> <img loading=\"lazy\" decoding=\"async\" class=\"alignnone size-medium wp-image-18294\" src=\"https:\/\/ypjrojava.net\/wp-content\/uploads\/2024\/07\/9G2A0109-300x200.jpg\" alt=\"\" width=\"300\" height=\"200\" srcset=\"https:\/\/ypjrojava.net\/wp-content\/uploads\/2024\/07\/9G2A0109-300x200.jpg 300w, https:\/\/ypjrojava.net\/wp-content\/uploads\/2024\/07\/9G2A0109-1024x683.jpg 1024w, https:\/\/ypjrojava.net\/wp-content\/uploads\/2024\/07\/9G2A0109-768x512.jpg 768w, https:\/\/ypjrojava.net\/wp-content\/uploads\/2024\/07\/9G2A0109-1536x1024.jpg 1536w, https:\/\/ypjrojava.net\/wp-content\/uploads\/2024\/07\/9G2A0109-2048x1365.jpg 2048w\" sizes=\"auto, (max-width: 300px) 100vw, 300px\" \/><\/p>\n<p>&nbsp;<\/p>\n<p><iframe loading=\"lazy\" title=\"\u015eervan\u00ean YPJ&#039;\u00ea Perwerde Ya Akademiya \u015eeh\u00eed Viyan Dewran a \u00c7ek\u00ean Nav\u00een Bi Daw\u00ee Kirin\" width=\"696\" height=\"392\" src=\"https:\/\/www.youtube.com\/embed\/7d0koLt5ZRg?feature=oembed\" frameborder=\"0\" allow=\"accelerometer; autoplay; clipboard-write; encrypted-media; gyroscope; picture-in-picture; web-share\" referrerpolicy=\"strict-origin-when-cross-origin\" allowfullscreen><\/iframe><\/p>\n","protected":false},"excerpt":{"rendered":"<p>Akademiya \u015eeh\u00eed Viyan Dewran Dewreya \u015eeh\u00eed \u00c7\u00ee\u00e7ek Koban\u00ea Ya \u00c7ek\u00ea Nav\u00een Bi Daw\u00ee Kir Akademiya \u015eeh\u00eed Viyan\u00a0 ku ji p\u00eakhatiy\u00ean Ereb \u00fb Kurd p\u00eak dihat, bi meras\u00eemeke le\u015fker\u00ee \u00fb bi soz day\u00eena \u015fervanan re hat bi daw\u00ee kirin. Fermandara YPJ&#8217;\u00ea\u00a0 Ruken Ercan be\u015fdar\u00ee meras\u00eem\u00ea b\u00fb \u00fb wiha an\u00ee ziman&#8221; Em bi daw\u00eekirina\u00a0 dewreya \u015eeh\u00eed \u00c7\u00ee\u00e7ek [&hellip;]<\/p>\n","protected":false},"author":1,"featured_media":18295,"comment_status":"open","ping_status":"closed","sticky":false,"template":"","format":"standard","meta":{"footnotes":""},"categories":[41,38,40],"tags":[],"class_list":{"0":"post-18290","1":"post","2":"type-post","3":"status-publish","4":"format-standard","5":"has-post-thumbnail","7":"category-dimen","8":"category-nuce","9":"category-wene"},"_links":{"self":[{"href":"https:\/\/ypjrojava.net\/index.php?rest_route=\/wp\/v2\/posts\/18290","targetHints":{"allow":["GET"]}}],"collection":[{"href":"https:\/\/ypjrojava.net\/index.php?rest_route=\/wp\/v2\/posts"}],"about":[{"href":"https:\/\/ypjrojava.net\/index.php?rest_route=\/wp\/v2\/types\/post"}],"author":[{"embeddable":true,"href":"https:\/\/ypjrojava.net\/index.php?rest_route=\/wp\/v2\/users\/1"}],"replies":[{"embeddable":true,"href":"https:\/\/ypjrojava.net\/index.php?rest_route=%2Fwp%2Fv2%2Fcomments&post=18290"}],"version-history":[{"count":1,"href":"https:\/\/ypjrojava.net\/index.php?rest_route=\/wp\/v2\/posts\/18290\/revisions"}],"predecessor-version":[{"id":18296,"href":"https:\/\/ypjrojava.net\/index.php?rest_route=\/wp\/v2\/posts\/18290\/revisions\/18296"}],"wp:featuredmedia":[{"embeddable":true,"href":"https:\/\/ypjrojava.net\/index.php?rest_route=\/wp\/v2\/media\/18295"}],"wp:attachment":[{"href":"https:\/\/ypjrojava.net\/index.php?rest_route=%2Fwp%2Fv2%2Fmedia&parent=18290"}],"wp:term":[{"taxonomy":"category","embeddable":true,"href":"https:\/\/ypjrojava.net\/index.php?rest_route=%2Fwp%2Fv2%2Fcategories&post=18290"},{"taxonomy":"post_tag","embeddable":true,"href":"https:\/\/ypjrojava.net\/index.php?rest_route=%2Fwp%2Fv2%2Ftags&post=18290"}],"curies":[{"name":"wp","href":"https:\/\/api.w.org\/{rel}","templated":true}]}}