{"id":18298,"date":"2024-07-11T07:34:10","date_gmt":"2024-07-11T06:34:10","guid":{"rendered":"https:\/\/ypjrojava.net\/?p=18298"},"modified":"2024-07-11T08:47:55","modified_gmt":"2024-07-11T07:47:55","slug":"ji-capemeni-u-raya-gisti-re-10","status":"publish","type":"post","link":"https:\/\/ypjrojava.net\/?p=18298","title":{"rendered":"JI \u00c7APEMEN\u00ce \u00db RAYA GI\u015eT\u00ce RE;"},"content":{"rendered":"<p><strong>JI \u00c7APEMEN\u00ce \u00db RAYA GI\u015eT\u00ce RE;<\/strong><\/p>\n<p>Me 4. Konferansa xwe ya YPJ di navbera 30 Hez\u00eeran\u00ea \u00fb 2\u2019\u00ea T\u00eermeh\u00ea bi be\u015fdariya n\u00fbner\u00ean tevah\u00ee qad\u00ean me y\u00ean xebat\u00ea \u00fb n\u00fbner\u00ean tevgera azadiya jin\u00ea li darxist. Bi komb\u00fbna 115 delegey\u00ean ji p\u00eakhateya Kurd, Ereb, As\u00fbr, Tirkmen, Enternasyonal\u00eest \u00fb bi dir\u00fb\u015fmeya; <strong>\u201cBi h\u00eaza jina azad em\u00ea \u015fore\u015fa jin \u00fb welat bipar\u00eazin, azadiya R\u00eaber APO misoger bikin\u201d<\/strong> Konferansa me asteke bilind a co\u015f, moral \u00fb biryardariy\u00ea derxiste hol\u00ea. Perspekt\u00eef\u00ean R\u00eabert\u00ee, peyam\u00ean Tevger\u00ean jin, rew\u015fa siyas\u00ee-le\u015fker\u00ee, rew\u015fa r\u00eaxistin\u00ee-b\u00eerdoz\u00ee, ji n\u00fbve avakirin, \u015fer\u00ea gel\u00ea \u015fore\u015fger\u00ee \u00fb plansaziya dema n\u00fb bi awayek\u00ee berfireh hate nirxandin. Bi dah\u00fbrandin \u00fb n\u00eeqa\u015f\u00ean dewlemend \u00fb bi biryardariya ku teqez em\u00ea p\u00eavajoy\u00ea di leh\u00ea azadiy\u00ea de qezenc bikin, konferansa me bi awayek\u00ee serkeft\u00ee bi encam b\u00fb.<\/p>\n<p>Di salvegera \u015fehadeta hevr\u00eaya feday\u00ee Z\u00eelan \u201cZeynep Kinaci\u201d de p\u00eakan\u00eena konferansa me, n\u00ee\u015faneya israra me ya di p\u00eakan\u00eena r\u00eagez\u00ean azadiya jin\u00ea \u00fb me\u015fa di xeta berxwedan\u00ee \u00fb feda\u00eetiya ku di \u015fexs\u00ea hevr\u00ea Z\u00eelan de \u015f\u00eanber b\u00fbye. Bi v\u00ea boney\u00ea em careke din diyar dikin ku w\u00ea m\u00eerateya hevr\u00ea Z\u00eelan bibe r\u00ean\u00ee\u015fana me\u015fa me ya azad\u00ee \u00fb serkeftin\u00ea.<\/p>\n<p>Konferansa me, siyaseta \u00ea\u015fkence \u00fb tecr\u00eeda mutlaq a ku li \u00cemral\u00ee li dij\u00ee R\u00eaber APO t\u00ea me\u015fandin bi awayek\u00ee berfireh nirxand. Ji bo t\u00eakbirina v\u00ea pol\u00eet\u00eekay\u00ea \u00fb p\u00eakan\u00eena azadiya f\u00eez\u00eek\u00ee ya R\u00eaber APO Konferansa me diyar kir ku w\u00ea YPJ hem\u00fb enerj\u00ee \u00fb h\u00eaza xwe ji bo azadiya f\u00eez\u00eek\u00ee ya R\u00eaber APO seferber bike \u00fb w\u00ea p\u00ea\u015fengiy\u00ea ji p\u00eangava; <strong>\u201cJi R\u00eaber APO re azadiya f\u00eez\u00eek\u00ee, ji pirsgir\u00eaka Kurd re \u00e7areser\u00ee\u201d<\/strong> bike. Li ser v\u00ea bingeh\u00ea em 4. Konferansa xwe ya YPJ diyar\u00ee R\u00eaber APO dikin, em berxwedaniya bi r\u00fbmet a ger\u00eelay\u00ean azadiya jin silav dikin \u00fb konferansa xwe li tevah\u00ee jin\u00ean azad\u00eexwaz p\u00eeroz dikin.<\/p>\n<p>Di konferans\u00ea de rew\u015fa siyas\u00ee \u00fb le\u015fker\u00ee bi hem\u00fb aliy\u00ean w\u00ea ve hate nirxandin. H\u00eaz\u00ean hegemon\u00eek hewl didin qir\u00eez\u00ea bi qir\u00eez\u00ea bidin \u00e7areser kirin \u00fb li \u015f\u00fbna siyaseta diyalog \u00fb \u00e7areseriy\u00ea, r\u00ea \u00fb r\u00eabaz\u00ean le\u015fker\u00ee esas digrin. Ji bo p\u00eakan\u00eena berjewendiy\u00ean xwe y\u00ean qir\u00eaj hem\u00fb nirx\u00ean mirov\u00ee \u00fb exlaq\u00ee binp\u00ea dikin. Ji bo w\u00ea konferansa me da diyarkirin ku k\u00fbrb\u00fbn \u00fb berfirehiya pirsgir\u00eakan encax bi p\u00ea\u015feng\u00ee \u00fb aql\u00ea jin\u00ea ve were nirxandin \u00fb \u00e7areser bibe. P\u00ea\u015fengiya v\u00ea ya parastin\u00ea j\u00ee yek\u00eeney\u00ean parastina jin YPJ digre ser mil\u00ea xwe. Konferansa me diyar kir ku her away\u00ee n\u00eazb\u00fbn, an j\u00ee tifaq\u00ean h\u00eaz\u00ean her\u00eam\u00ee \u00fb navnetew\u00ee heger xizmeta berjewendiy\u00ean gel\u00ean her\u00eam\u00ea \u00fb destkeftiy\u00ean jin\u00ea neke, w\u00ea bi ti away\u00ee ney\u00ea pejirandin \u00fb bedel\u00ea w\u00ea \u00e7i dibe bila bibe, w\u00ea YPJ destkeftiy\u00ean jin \u00fb gel\u00ean her\u00eam\u00ea bipar\u00eaze.<\/p>\n<p>\u00cero bi taybet li Kurdistan\u00ea, di tevahiya erdn\u00eegariya Rojhilata Nav\u00een \u00fb c\u00eehan\u00ea de tund\u00ee, destdir\u00eaj\u00ee, \u00eent\u00eehar, ku\u015ftin \u00fb tepisandin bi awayek\u00ee dijwar li dij\u00ee jin\u00ea t\u00ea me\u015fandin. Hi\u015fmendiya zilam\u00ea desthiladar jin\u00ea di mal\u00ea de difetis\u00eene, h\u00eaz\u00ean dagirker j\u00ee di hem\u00fb qad\u00ean jiyan\u00ea de w\u00ea hedef digre. Bi \u00ear\u00ee\u015f\u00ean dagirkeriy\u00ea y\u00ean dewleta Tirk a fa\u015f\u00eest \u00fb \u00e7etey\u00ean w\u00ea li Rojava \u00fb Bakur-Rojhilat\u00ea S\u00fbriy\u00ea, jin ji rew\u015f\u00ean her\u00ee giran re derbas dibin. Ji bo ev operasyon\u00ean dagirkeriy\u00ea t\u00eak bi\u00e7in \u00fb vala derkevin, di bingeh\u00ea stratejiya \u015fer\u00ea gel\u00ea \u015fore\u015fger\u00ee de div\u00ea tevah\u00ee jin p\u00eangava parastina cewher\u00ee ya tevgera azadiya jin\u00ea ji bo xwe esas bigrin \u00fb li ser v\u00ea bingeh\u00ea tevl\u00ea nava ref\u00ean YPJ\u2019\u00ea bibin da ku xwe ji hi\u015fmendiya desthiladar, cinsiyetpar\u00eaz \u00fb qirker xilas bikin. Bi v\u00ee reng\u00ee em\u00ea karibin xwed\u00ee li azadiya xwe \u00fb nirx\u00ean \u015fore\u015fa azadiy\u00ea derkevin.<\/p>\n<p>Li gel van hem\u00fb p\u00ea\u015fketinan, konferansa me p\u00eavajoya 2 sal\u00ean bor\u00ee di war\u00ea b\u00eerdoz\u00ee \u00fb r\u00eaxistin\u00ee de nirxand. Nebes\u00ee \u00fb lewaziy\u00ean di prat\u00eek\u00ea de hatine jiy\u00een, bi berfireh\u00ee dah\u00fbrand \u00fb ji bo p\u00eakan\u00eena derketineke n\u00fb, rexneday\u00eeneke xurt p\u00ea\u015f ket. Her wiha ji bo ku asteke bilintir a t\u00eako\u015f\u00een\u00ea di \u015fer \u00fb jiyan\u00ea de p\u00eak were, biryara ji n\u00fbve avakirina YPJ\u2019\u00ea hate girtin. Li ser v\u00ea bingeh\u00ea j\u00ee hate diyarkirin ku div\u00ea navenda parastina jin a Bakur-Rojhilat\u00ea S\u00fbr\u00ee saz\u00eeb\u00fbna xwe p\u00ea\u015f bixe \u00fb asta r\u00eaxistinb\u00fbna xwe bilind bike.<\/p>\n<p>\u00c7awa ku YPJ di p\u00eavajoy\u00ean destp\u00eaka \u015fore\u015f\u00ea de bi erka p\u00ea\u015fengiy\u00ea rab\u00fb, di her war\u00ee de xwe feday\u00ea \u015fore\u015f\u00ea kir, can \u00fb bedel da, ji \u00eero \u015funde j\u00ee parastina van destkeftiy\u00ean ku hatine avakirin, xwed\u00ee derketina li v\u00ea m\u00eerateya d\u00eerok\u00ee her\u00ee z\u00eade erka jina ye. Weke YPJ em\u00ea jiyan\u00ea di xeta \u015fer\u00ea gel\u00ea \u015fore\u015fger\u00ee de bi r\u00eaxistin bikin \u00fb nirx\u00ean \u015fore\u015f\u00ea may\u00eende bikin. Li hember\u00ee pol\u00eet\u00eekay\u00ean zilam\u00ea desthiladar \u00ean \u015fer\u00ea taybet, h\u00eaza ku mirovahiy\u00ea \u00fb jiyan\u00ea bipar\u00eaze, parastina cewher\u00ee ya jina ye. YPJ j\u00ee p\u00eanaseya r\u00eaxistinkir\u00ee ya parastina cewher\u00ee a hem\u00fb jina ye. Nirx\u00ean \u015fore\u015f\u00ea ancax bi sekna jina xwed\u00ee \u00eerade, zana, bi welat\u00ea xwe \u00fb xaka xwe ve gir\u00eaday\u00ee, nam\u00fbs\u00ea ne di jin\u00ea de, di azadiya welat \u00fb gel\u00ea xwe de dib\u00eene, p\u00eakan bibe. YPJ nasnameya jina r\u00eaxistinkir\u00ee ye. YPJ xweb\u00fbne. YPJ gir\u00eadana bi R\u00eabert\u00ee \u00fb nirx\u00ean \u015fore\u015f\u00ea re ye. YPJ h\u00eaza xweser \u00fb r\u00eaxistinkir\u00ee ya parastina hem\u00fb jina ye. YPJ xwe disp\u00eare parad\u00eegmaya netewa demokrat\u00eek \u00fb bi v\u00ee reng\u00ee dibe nav\u00ea jin\u00ean Ereb-Kurd-Suryan-Ermen-Tirkmen \u00fb tevah\u00ee jin\u00ean c\u00eehan\u00ea. Li ser v\u00ea bingeh\u00ea konferansa me bi id\u00eea \u00fb biryardariyeke mezin da diyarkirin ku YPJ ji bo p\u00eakan\u00eena erk\u00ean dema n\u00fb amade ye.<\/p>\n<p>Weke yek\u00eeney\u00ean parastina jin YPJ, \u00e7awa ku me DA\u00ce\u015e t\u00eak bir, di ser\u00ee de dewleta Tirk a fa\u015f\u00eest \u00fb PDK, tevah\u00ee hevkar\u00ean \u015fer\u00ea qirkirina gelan, li dij\u00ee her away\u00ee \u00ear\u00ee\u015f\u00ean li ser her\u00eama me, em\u00ea bi \u00e7alakiy\u00ean xurt bersiv bidin \u00fb bi rola xwe ya p\u00ea\u015fengiy\u00ea rabin. Ji bo avakirina S\u00fbriyeke demokrat\u00eek \u00fb Rojhilata Nav\u00een a demokrat\u00eek em\u00ea bi awayek\u00ee akt\u00eef bi erk\u00ean xwe y\u00ean parastin\u00ea rabin. YPJ xwed\u00ee w\u00ea h\u00eaz, \u00eerade \u00fb biryardariy\u00ea ye ku h\u00eaviya gel \u00fb jinan, xewn \u00fb xeyal\u00ean tevah\u00ee \u015feh\u00eed\u00ean \u015fore\u015fa jin\u00ea, bi serkeftin\u00ea tac\u00eedar bike. Li ser v\u00ea bingeh\u00ea em soza xwe n\u00fb dikin \u00fb em dib\u00eajin, bi ruh\u00ea feda\u00ee y\u00ea \u015feh\u00eed Z\u00eelan, Ar\u00een \u00fb R\u00eavan, Sara \u00fb Ruken, Avesta \u00fb Bar\u00een, \u015eerv\u00een \u015eerdar, Sorxw\u00een Rojhilat, Azad\u00ee D\u00earik, Zozan Hesek\u00ea, Heb\u00fbn Enteriy\u00ea, \u00cevana Hoffman \u00fb bi hezaran \u015feh\u00eed\u00ean azadiya jin\u00ea heta p\u00eakan\u00eena serkeftin\u00ea \u00fb may\u00eendekirina \u015fore\u015fa jin\u00ea, em\u00ea t\u00eako\u015f\u00eena xwe ya azadiy\u00ea bi awayek\u00ee xurt bidin me\u015fandin \u00fb siberojeke azad diyar\u00ee mirovahiy\u00ea bikin.<\/p>\n<p><em>Bij\u00ee Yek\u00eeney\u00ean Parastina Jin YPJ<\/em><\/p>\n<p><em>Bij\u00ee \u015fore\u015fa Jin, Jiyan, Azad\u00ee<\/em><\/p>\n<p><em>\u015eeh\u00eed namirin<\/em><\/p>\n<p><em>Bij\u00ee Serok APO<\/em><\/p>\n<p><strong>Fermandariya Gi\u015ft\u00ee ya YPJ<\/strong><\/p>\n<p><strong>11 T\u00eermeh 2024<\/strong><\/p>\n<p><img loading=\"lazy\" decoding=\"async\" class=\"alignnone size-medium wp-image-18299\" src=\"https:\/\/ypjrojava.net\/wp-content\/uploads\/2024\/07\/0H0A3280-300x200.jpg\" alt=\"\" width=\"300\" height=\"200\" srcset=\"https:\/\/ypjrojava.net\/wp-content\/uploads\/2024\/07\/0H0A3280-300x200.jpg 300w, https:\/\/ypjrojava.net\/wp-content\/uploads\/2024\/07\/0H0A3280-1024x683.jpg 1024w, https:\/\/ypjrojava.net\/wp-content\/uploads\/2024\/07\/0H0A3280-768x512.jpg 768w, https:\/\/ypjrojava.net\/wp-content\/uploads\/2024\/07\/0H0A3280-1536x1024.jpg 1536w, https:\/\/ypjrojava.net\/wp-content\/uploads\/2024\/07\/0H0A3280-2048x1365.jpg 2048w\" sizes=\"auto, (max-width: 300px) 100vw, 300px\" \/> <img loading=\"lazy\" decoding=\"async\" class=\"alignnone size-medium wp-image-18304\" src=\"https:\/\/ypjrojava.net\/wp-content\/uploads\/2024\/07\/008A1816-300x200.jpg\" alt=\"\" width=\"300\" height=\"200\" srcset=\"https:\/\/ypjrojava.net\/wp-content\/uploads\/2024\/07\/008A1816-300x200.jpg 300w, https:\/\/ypjrojava.net\/wp-content\/uploads\/2024\/07\/008A1816-1024x683.jpg 1024w, https:\/\/ypjrojava.net\/wp-content\/uploads\/2024\/07\/008A1816-768x512.jpg 768w, https:\/\/ypjrojava.net\/wp-content\/uploads\/2024\/07\/008A1816-1536x1024.jpg 1536w, https:\/\/ypjrojava.net\/wp-content\/uploads\/2024\/07\/008A1816-2048x1365.jpg 2048w\" sizes=\"auto, (max-width: 300px) 100vw, 300px\" \/> <img loading=\"lazy\" decoding=\"async\" class=\"alignnone size-medium wp-image-18301\" src=\"https:\/\/ypjrojava.net\/wp-content\/uploads\/2024\/07\/008A1420-300x200.jpg\" alt=\"\" width=\"300\" height=\"200\" \/> <img loading=\"lazy\" decoding=\"async\" class=\"alignnone size-medium wp-image-18302\" src=\"https:\/\/ypjrojava.net\/wp-content\/uploads\/2024\/07\/008A1427-300x200.jpg\" alt=\"\" width=\"300\" height=\"200\" srcset=\"https:\/\/ypjrojava.net\/wp-content\/uploads\/2024\/07\/008A1427-300x200.jpg 300w, https:\/\/ypjrojava.net\/wp-content\/uploads\/2024\/07\/008A1427-1024x683.jpg 1024w, https:\/\/ypjrojava.net\/wp-content\/uploads\/2024\/07\/008A1427-768x512.jpg 768w, https:\/\/ypjrojava.net\/wp-content\/uploads\/2024\/07\/008A1427-1536x1024.jpg 1536w, https:\/\/ypjrojava.net\/wp-content\/uploads\/2024\/07\/008A1427-2048x1365.jpg 2048w\" sizes=\"auto, (max-width: 300px) 100vw, 300px\" \/><\/p>\n","protected":false},"excerpt":{"rendered":"<p>JI \u00c7APEMEN\u00ce \u00db RAYA GI\u015eT\u00ce RE; Me 4. Konferansa xwe ya YPJ di navbera 30 Hez\u00eeran\u00ea \u00fb 2\u2019\u00ea T\u00eermeh\u00ea bi be\u015fdariya n\u00fbner\u00ean tevah\u00ee qad\u00ean me y\u00ean xebat\u00ea \u00fb n\u00fbner\u00ean tevgera azadiya jin\u00ea li darxist. Bi komb\u00fbna 115 delegey\u00ean ji p\u00eakhateya Kurd, Ereb, As\u00fbr, Tirkmen, Enternasyonal\u00eest \u00fb bi dir\u00fb\u015fmeya; \u201cBi h\u00eaza jina azad em\u00ea \u015fore\u015fa jin [&hellip;]<\/p>\n","protected":false},"author":1,"featured_media":18299,"comment_status":"open","ping_status":"closed","sticky":false,"template":"","format":"standard","meta":{"footnotes":""},"categories":[39,40],"tags":[],"class_list":{"0":"post-18298","1":"post","2":"type-post","3":"status-publish","4":"format-standard","5":"has-post-thumbnail","7":"category-daxuyani","8":"category-wene"},"_links":{"self":[{"href":"https:\/\/ypjrojava.net\/index.php?rest_route=\/wp\/v2\/posts\/18298","targetHints":{"allow":["GET"]}}],"collection":[{"href":"https:\/\/ypjrojava.net\/index.php?rest_route=\/wp\/v2\/posts"}],"about":[{"href":"https:\/\/ypjrojava.net\/index.php?rest_route=\/wp\/v2\/types\/post"}],"author":[{"embeddable":true,"href":"https:\/\/ypjrojava.net\/index.php?rest_route=\/wp\/v2\/users\/1"}],"replies":[{"embeddable":true,"href":"https:\/\/ypjrojava.net\/index.php?rest_route=%2Fwp%2Fv2%2Fcomments&post=18298"}],"version-history":[{"count":2,"href":"https:\/\/ypjrojava.net\/index.php?rest_route=\/wp\/v2\/posts\/18298\/revisions"}],"predecessor-version":[{"id":18305,"href":"https:\/\/ypjrojava.net\/index.php?rest_route=\/wp\/v2\/posts\/18298\/revisions\/18305"}],"wp:featuredmedia":[{"embeddable":true,"href":"https:\/\/ypjrojava.net\/index.php?rest_route=\/wp\/v2\/media\/18299"}],"wp:attachment":[{"href":"https:\/\/ypjrojava.net\/index.php?rest_route=%2Fwp%2Fv2%2Fmedia&parent=18298"}],"wp:term":[{"taxonomy":"category","embeddable":true,"href":"https:\/\/ypjrojava.net\/index.php?rest_route=%2Fwp%2Fv2%2Fcategories&post=18298"},{"taxonomy":"post_tag","embeddable":true,"href":"https:\/\/ypjrojava.net\/index.php?rest_route=%2Fwp%2Fv2%2Ftags&post=18298"}],"curies":[{"name":"wp","href":"https:\/\/api.w.org\/{rel}","templated":true}]}}