{"id":18306,"date":"2024-07-11T12:45:00","date_gmt":"2024-07-11T11:45:00","guid":{"rendered":"https:\/\/ypjrojava.net\/?p=18306"},"modified":"2024-07-12T13:36:41","modified_gmt":"2024-07-12T12:36:41","slug":"4-konferansa-ypje-hate-li-darxistin-dosiya-taybet","status":"publish","type":"post","link":"https:\/\/ypjrojava.net\/?p=18306","title":{"rendered":"`Konferansa me m\u00eesogeriya \u015fore\u015fa jin\u00ea ye`"},"content":{"rendered":"<p><strong>`Konferansa me m\u00eesogeriya \u015fore\u015fa jin\u00ea ye`<\/strong><\/p>\n<p>Li war\u00ea \u015fore\u015fa jin\u00ea bi perspekt\u00eefa \u015fer\u00ea gel \u00ea \u015fore\u015fger\u00ee Yek\u00eeney\u00ean Parastina Jin (YPJ) xwe ji n\u00fb de bi r\u00eaxistin dike. Bi dir\u00fb\u015fma; <strong>\u201cBi h\u00eaza jina azad em\u00ea \u015fore\u015fa jin \u00fb welat bipar\u00eazin, azadiya R\u00eaber APO misoger bikin\u201d<\/strong> ji p\u00eakhatey\u00ean Kurd, Ereb, As\u00fbr, Tirkmen \u00fb Enternasyonal komb\u00fbna 115 delgeyan 4`em\u00een konferansa xwe li darxistin. Konferansa di navbera 30 \u00fb 2`\u00ea T\u00eermeh\u00ea hat\u00ee lidarxistin de asteke bilind a co\u015f, moral \u00fb biryardariy\u00ea derxiste hol\u00ea. Komb\u00fbna ewqas jin\u00ean par\u00eazvan \u00fb p\u00ea\u015feng\u00ean \u015fore\u015f\u00ea bi xwe kelecanek mezin dida avakirin \u00fb her yek\u00ea ji heval\u00ean xwe y\u00ean ji dever\u00ean cuda y\u00ean xebata \u015fore\u015f\u00ea hat\u00een di nava konferans\u00ea de c\u00eeh girt\u00ee moral \u00fb h\u00eaz girtin. Mijar\u00ean konferans\u00ea bi desp\u00eak\u00ea bi perspekt\u00eef\u00ean R\u00eaber\u00ea Gelan R\u00eaber APO, peyam\u00ean r\u00eaxistin\u00ean jin, rew\u015fa siyas\u00ee-le\u015fker\u00ee, rew\u015fa r\u00eaxistin\u00ee-b\u00eerdoz\u00ee, ji n\u00fbve avakirin, \u015fer\u00ea gel\u00ea \u015fore\u015fger\u00ee \u00fb plansaziya dema n\u00fb b\u00fbn. Ev mijar gi\u015ft\u00ee bi awayek\u00ee berfireh hatin nirxandin. Bi dah\u00fbrandin \u00fb n\u00eeqa\u015f\u00ean dewlemend \u00fb bi biryardariya ku teqez ew \u00ea p\u00eavajoy\u00ea di leh\u00ea azadiy\u00ea de qezenc bikin, konferans bi awayek\u00ee serkeft\u00ee bi encam b\u00fb.<\/p>\n<p><strong>Rastiya feday\u00eetiya fermandar \u00fb \u015fervan\u00ean YPJ`\u00ea<\/strong><\/p>\n<p>Axaftina vekirina konferans\u00ea ji aliy\u00ea endama Fermandariya Gi\u015ft\u00ee ya YPJ`\u00ea Rohilat Efr\u00een ve hat kirin. Fermandar Rohilat Efr\u00een di desp\u00eaka axaftina xwe de bal ki\u015fand ser giringiya di roja feday\u00eeb\u00fbn\u00ea de desp\u00eakirina konferans\u00ea \u00fb ev nirxandin kir: &#8220;Di d\u00eeroka tevgera me de roj\u00ean wiha y\u00ean \u015fop\u00ean qehremaniy\u00ea hi\u015ftine ku em li beramber\u00ee rastiya feday\u00eetiya hevala Z\u00eelan dest bi konferansa xwe dikin hene. Ev roja ji bo me roja hesabday\u00een, rexnedan, rast jiyan kirin \u00fb ber\u00ea xwe day\u00eena azadiy\u00ea ye. Di kesayeta hevala Z\u00eelan de li beramber tasfiyekar\u00ee \u00fb \u00eexanet\u00ea, d\u00eesan xitimandin\u00ean di \u015fer de hat\u00een jiy\u00een, li hember\u00ee kesayeta mil\u00eetan a ji n\u00eaz ve xwe li hember\u00ee rastiya R\u00eabertiy\u00ea digire dest em dikarin di kesayeta hevala Z\u00eelan de v\u00ea bib\u00eenin. Ji lewra em \u00ea \u00e7awan bij\u00een \u00fb \u00e7awan \u015fer bikin bi zelal\u00ee diyar dibe. Ji 7`\u00ea Hez\u00eeran\u00ea heta 17`\u00ea Hez\u00eeran\u00ea \u00fb 30`\u00ea Hez\u00eeran\u00ea miha Hez\u00eeran\u00ea j\u00ee bi tevah\u00ee weke meha qehreman\u00ee \u00fb \u015feh\u00eedan t\u00ea p\u00eanasekirin, gelek heval\u00ean me y\u00ean weke heval Leyla, B\u00ear\u00eevan \u00fb Raper\u00een gelek heval\u00ean em y\u00ean di v\u00ea meh\u00ea de \u015feh\u00eed b\u00fbn \u00fb her\u00ee daw\u00ee j\u00ee di kesayeta heval\u00ea \u015e\u00eaxmus de bi b\u00eer b\u00eenin \u00fb bejna xwe li ber ditew\u00eenin. Li hember\u00ee rastiya \u015feh\u00eedan \u00fb rastiya art\u00ea\u015f\u00ea carekedin tevah\u00ee h\u00eaz\u00ean jinan \u00ean ku xwe di rastiya t\u00eako\u015f\u00een\u00ea de d\u00eetin \u00fb ber\u00ea xwe dan cenga giran di v\u00ea r\u00eay\u00ea de kedek mezin dan. Ger em li Rojavay\u00ea Kurdistan\u00ea j\u00ee bin\u00earin ji 2011`an ango ji desp\u00eaka \u015fore\u015fa 19`\u00ea T\u00eermeh\u00ea heta niha gelek jin\u00ean feday\u00ee y\u00ean ser\u00ee rakirin em ji heval J\u00eenda Tiltemir bigirin heta, heval War\u015f\u00een, Ruksen, Sozdar \u00fb Ar\u00een, di heman dem\u00ea de di van sal\u00ean dawiy\u00ea de di kesayeta heval Jiyan, Tolhildan, Sosin \u00fb \u015eerv\u00een, heval\u00ean me y\u00ean di cenga t\u00eako\u015f\u00een\u00ea de qehreman\u00ee kirin di kesayeta H\u00eal\u00een Qere\u00e7ox \u00fb Heb\u00fbn Ereb de di rastiya t\u00eako\u015f\u00eena YPJ`\u00ea de destan niv\u00eesandin. Ger em li beranber\u00ee ewqas \u015feh\u00eed \u00ean ku di asta her\u00ee jor de ji day\u00eek\u00ean me y\u00ean qehreman bigire heta heval\u00ean me y\u00ean di asta her\u00ee jor de bi p\u00eevan\u00ean azadiy\u00ea re xwe kirin yek, li beramber\u00ee rastiya R\u00eabertiy\u00ea xwe l\u00eapirs\u00eenkirin \u00fb girtina dest w\u00ea z\u00eadetir li beramber\u00ee rastiya ku em di nav\u00ea de jiyan dikin watedar be.&#8220;<\/p>\n<p><strong>`W\u00ea xebata me bi \u015f\u00eawaza \u015fer\u00ea gel\u00ea \u015fore\u015fger\u00ee be`<\/strong><\/p>\n<p>Rohilat Efr\u00een t\u00eakildar\u00ee cesaret \u00fb fedekariya mil\u00eetan\u00ean YPJ`\u00ea ya li hember\u00ee pergala deshilatiya m\u00ear\u00ea serdest dide me\u015fandin \u00fb wiha berdewam kir: &#8220;Di rastiya \u015fer\u00ea c\u00eehan\u00ea y\u00ea s\u00eayem\u00een de rastiya m\u00ear\u00ea zordar \u00ea yek reng\u00ee \u00fb yek deng\u00ee li ser civak\u00ea \u00fb jinan ferz dike weke art\u00ea\u015fa jin\u00ea YPJ ger em li r\u00ean\u00ee\u015fandana xwe bin\u00earin bi reht\u00ee em nehatine v\u00ea ast\u00ea. Di d\u00eeroka t\u00eako\u015f\u00eena me de ji hevala me B\u00ear\u00eetan a ku xet ji me re day\u00ee diyarkirin heta heval\u00ean bi ked \u00fb fedekariya xwe r\u00ea n\u00ee\u015fan\u00ee me dan \u00fb perspekt\u00eef\u00ean R\u00eabertiya me em nikarin bi gotinek\u00ea derbas bikin. Ya ku art\u00ea\u015fa jin\u00ea aniye v\u00ea ast\u00ea fermandar\u00ean jin \u00ean di jiyan\u00ea de hi\u015ft ku em li xwe vegerin \u00fb bikevin nava l\u00eapirs\u00eena v\u00ea roj\u00ea li hember\u00ee hem\u00fb \u00ear\u00ee\u015f \u00fb siyaset\u00ean qirkirin \u00fb \u00eemhay\u00ea y\u00ean bi sed salan li ser gel\u00ea me t\u00ea me\u015fandin rawest\u00een lazime. Y\u00ean li hember\u00ee van bibe xwed\u00ee helwest w\u00ea jin\u00ean di v\u00ea r\u00eay\u00ea de dime\u015fin bin. Di pirat\u00eeka ger\u00eelay\u00ean azadiya Kurdistan\u00ea y\u00ean damga xwe li d\u00eerok\u00ea dixe de ev yek h\u00een z\u00eadetir \u015f\u00eenber b\u00fbye. Em weke h\u00eaza YPJ`\u00ea ne ten\u00ea n\u00fbneriya be\u015fek welat dikin, ger em wiha bikin w\u00ea gelek teng \u00fb nebes be. Em h\u00eaza ku li hember\u00ee hov\u00eetiya \u00e7etey\u00ean DAI\u015e`\u00ea ya ku kiras\u00ea tar\u00eet\u00ee \u00fb mirin\u00ea li ser gelan ferz dikir rab\u00fbne \u00fb bi taxt\u00eek\u00ean hat\u00een me\u015fandin me n\u00ee\u015fa her kes\u00ea da ku serkeftin li hember\u00ee hem\u00fb tar\u00eetiy\u00ea gengaze. Bi v\u00ea baweriy\u00ea tevl\u00eeb\u00fbna YPJ`\u00ea ya ku ne ten\u00ea jin\u00ean Kurd, di heman dem\u00ea de jin\u00ean Ereb \u00fb y\u00ean ji gelek dever\u00ean c\u00eehan\u00ea hatin \u00fb cih\u00ea xwe di nav\u00ea de girtine. Hem\u00fb jin\u00ean ku \u00eelham\u00ea ji azadiy\u00ea digirin ji bo xwe bigih\u00eenin asta heb\u00fbn\u00ea. Di pirat\u00eek\u00ean hat\u00een jiy\u00een de di asta her\u00ee jor de fedekar\u00ee n\u00ee\u015fan dane.<\/p>\n<p>Em di w\u00ea b\u00eer \u00fb baweriy\u00ea de ne w\u00ea ev konferansa me bibe konferansa hesabday\u00een \u00fb rexneday\u00een\u00ea. Li beramber\u00ee \u00ear\u00ee\u015f\u00ean ji niha \u00fb \u015fonde b\u00ean kirin j\u00ee \u00e7awan ku me h\u00eaza xwe ji meznahiya art\u00ea\u015fa jin\u00ea girt, li hember\u00ee \u00ear\u00ee\u015f\u00ean li ser Bakur \u00fb Rojhilat\u00ea Sur\u00ee em \u00ea bi h\u00eaza xwe ya li hember\u00ee \u00ear\u00ee\u015f\u00ean \u00e7etey\u00ean DAI\u015e`\u00ea xwe \u00eespat kiriye bisekinin. Di tarz\u00ea jiyan\u00ea \u00fb disipl\u00eena le\u015fker\u00ee de em \u00ea tarz\u00ea xebata xwe bikin tarz\u00ea \u015fer\u00ea gel\u00ea \u015fore\u015fger\u00ee.&#8220;<\/p>\n<p>Soza konferans\u00ea bi hey\u00eebetek bih\u00eaz bi ziman\u00ea Kurd\u00ee \u00fb Ereb\u00ee hat xwendin. Her\u00ee daw\u00ee j\u00ee hunermend Mizg\u00een Tahir konserek tay\u00eebet da \u00fb konferans bi co\u015f, kelecan \u00fb gerandina d\u00eelan\u00ea li ber stran\u00ean Mizg\u00een Tahir bidaw\u00ee b\u00fb. YPJ`\u00ea di dawiy\u00ea de giring\u00ee \u00fb armanca lidarxistina konferansa xwe, rojev\u00ean girtine dest \u00fb bi encamb\u00fbna w\u00ea bi awayek berfireh bi daxuyaniyek\u00ea ji raya gi\u015ft\u00ee re ragihand. Daxuyaniya t\u00eakildar\u00ee mijar \u00fb naveroka konferans\u00ea bi v\u00ee away\u00ee ye;<\/p>\n<p><strong>`Israra me ya p\u00eakan\u00eena r\u00eagez\u00ean azadiya jin\u00ea`<\/strong><\/p>\n<p>YPJ`\u00ea di daxuyaniya dawiya konferansa xwe de balki\u015fand ser giringiya di roja feday\u00eetiy\u00ea de desp\u00eakirina konferans\u00ea \u00fb wiha domand: &#8220;Di salvegera \u015fehadeta hevr\u00eaya feday\u00ee Z\u00eelan `Zeynep Kinaci` de p\u00eakan\u00eena konferansa me, n\u00ee\u015faneya israra me ya di p\u00eakan\u00eena r\u00eagez\u00ean azadiya jin\u00ea \u00fb me\u015fa di xeta berxwedan\u00ee \u00fb feda\u00eetiya ku di \u015fexs\u00ea hevr\u00ea Z\u00eelan de \u015f\u00eanber b\u00fbye. Bi v\u00ea boney\u00ea em careke din diyar dikin ku w\u00ea m\u00eerateya hevr\u00ea Z\u00eelan bibe r\u00ean\u00ee\u015fana me\u015fa me ya azad\u00ee \u00fb serkeftin\u00ea.&#8220;<\/p>\n<p>Di daxuyaniy\u00ea de t\u00eakildar\u00ee mijara \u00ea\u015fkence \u00fb tecr\u00eeda li \u00cemraliy\u00ea t\u00ea me\u015fandin j\u00ee ev nirxandin c\u00eeh git: &#8220;Konferansa me, siyaseta \u00ea\u015fkence \u00fb tecr\u00eeda mutlaq a ku li \u00cemral\u00ee li dij\u00ee R\u00eaber APO t\u00ea me\u015fandin bi awayek\u00ee berfireh nirxand. Ji bo t\u00eakbirina v\u00ea pol\u00eet\u00eekay\u00ea \u00fb p\u00eakan\u00eena azadiya f\u00eez\u00eek\u00ee ya R\u00eaber APO Konferansa me diyar kir ku w\u00ea YPJ hem\u00fb enerj\u00ee \u00fb h\u00eaza xwe ji bo azadiya f\u00eez\u00eek\u00ee ya R\u00eaber APO seferber bike \u00fb w\u00ea p\u00ea\u015fengiy\u00ea ji p\u00eangava; <strong>\u201cJi R\u00eaber APO re azad\u00ee, ji pirsgir\u00eaka Kurd re \u00e7areser\u00ee\u201d<\/strong> bike. Li ser v\u00ea bingeh\u00ea em 4. Konferansa xwe ya YPJ diyar\u00ee R\u00eaber APO dikin \u00fb di ser\u00ee de em ger\u00eelay\u00ean azadiy\u00ea YJA Star \u00ean ku \u015fer\u00ea r\u00fbmet\u00ea didin me\u015fandin silav dikin \u00fb em konferansa xwe li tevah\u00ee jin\u00ean azad\u00eexwaz p\u00eeroz dikin.&#8220;<\/p>\n<p><strong>`YPJ w\u00ea destkeftiy\u00ean gelan \u00fb jinan bipar\u00eaze`<\/strong><\/p>\n<p>Di daxuyaniy\u00ea de hat ziman ku \u00e7areseriya pirsgir\u00eakan bi aql\u00ea jin\u00ea p\u00eakane \u00fb wiha dom kir: &#8220;Di konferans\u00ea de rew\u015fa siyas\u00ee \u00fb le\u015fker\u00ee bi hem\u00fb aliy\u00ean w\u00ea ve hate nirxandin. H\u00eaz\u00ean hegemon\u00eek hewl didin qir\u00eez\u00ea bi qir\u00eez\u00ea bidin \u00e7areser kirin \u00fb li \u015f\u00fbna siyaseta diyalog \u00fb \u00e7areseriy\u00ea, r\u00ea \u00fb r\u00eabaz\u00ean le\u015fker\u00ee esas digrin. Ji bo p\u00eakan\u00eena berjewendiy\u00ean xwe y\u00ean qir\u00eaj hem\u00fb nirx\u00ean mirov\u00ee \u00fb exlaq\u00ee binp\u00ea dikin. Ji bo w\u00ea konferansa me da diyarkirin ku k\u00fbrb\u00fbn \u00fb berfirehiya pirsgir\u00eakan ancax bi p\u00ea\u015feng\u00ee \u00fb aql\u00ea jin\u00ea ve were nirxandin \u00fb \u00e7areser bibe. P\u00ea\u015fengiya v\u00ea ya parastin\u00ea j\u00ee yek\u00eeney\u00ean parastina jin YPJ digre ser mil\u00ea xwe. Konfernasa me diyar kir ku her away\u00ee n\u00eazb\u00fbn an j\u00ee tifaq\u00ean h\u00eaz\u00ean her\u00eam\u00ee \u00fb navnetew\u00ee heger xizmeta berjewendiy\u00ean gel\u00ean her\u00eam\u00ea \u00fb destkeftiy\u00ean jin\u00ea neke, w\u00ea bi ti away\u00ee ney\u00ea pejirandin \u00fb bedel\u00ea w\u00ea \u00e7i dibe bila bibe, w\u00ea YPJ destkeftiy\u00ean jin \u00fb gel\u00ean her\u00eam\u00ea bipar\u00eaze.&#8220;<\/p>\n<p><strong>`Li hember\u00ee tundiy\u00ea yekgirtina jinan`<\/strong><\/p>\n<p>Di daxuyaniy\u00ea de bal hat ki\u015fandina ser li hember\u00ee tundiya li ser jinan yek girtin\u00ea \u00fb wiha p\u00eade \u00e7u: &#8220;\u00cero bi taybet li Kurdistan\u00ea, di tevahiya erdn\u00eegariya Rojhilata Nav\u00een \u00fb c\u00eehan\u00ea de tund\u00ee, destdir\u00eaj\u00ee, intihar, ku\u015ftin \u00fb tepisandin bi awayek\u00ee dijwar li dij\u00ee jin\u00ea t\u00ea me\u015fandin. Hi\u015fmendiya zilam\u00ea desthiladar jin\u00ea di mal\u00ea de difetis\u00eene, h\u00eaz\u00ean dagirker j\u00ee di hem\u00fb qad\u00ean jiyan\u00ea de w\u00ea hedef digre. \u015eer bi xwe re ji cih \u00fb war\u00ea xwe ko\u00e7kirin, b\u00eazar\u00ee, nexwe\u015f\u00ee, bir\u00eendar\u00ee \u00fb her away\u00ee b\u00ea mafiy\u00ea bi xwe re t\u00eene. Bi \u00ear\u00ee\u015f\u00ean dagirkeriy\u00ea y\u00ean netew dewleta komara Tirkiy\u00ea \u00fb \u00e7etey\u00ean w\u00ea li Rojava \u00fb bakur-rojhilat\u00ea S\u00fbriy\u00ea, jin di rew\u015f\u00ean her\u00ee giran re derbas dibin. Ji bo ev operasyon\u00ean dagirkeriy\u00ea t\u00eak bi\u00e7in \u00fb vala derkevin, di bingeh\u00ea stratejiya \u015fer\u00ea gel\u00ea \u015fore\u015fger\u00ee de div\u00ea jin\u00ean di nava civak\u00ea de di war\u00ea parastin\u00ea de xwe zana bikin \u00fb tevl\u00ea nava ref\u00ean YPJ\u2019\u00ea bibin da ku karibin daw\u00ee li dagirkeriy\u00ea b\u00eenin \u00fb xwe ji hi\u015fmendiya desthiladar, cinsiyetpar\u00eaz \u00fb qirker xilas bikin. Bi v\u00ee reng\u00ee em\u00ea karibin xwed\u00ee li azadiya xwe \u00fb nirx\u00ean \u015fore\u015fa azadiy\u00ea derkevin.&#8220;<\/p>\n<p><strong>`W\u00ea jin asta r\u00eaxistinb\u00fbna xwe mezintir bikin`<\/strong><\/p>\n<p>Di daxuyaniy\u00ea de hat diyarkirin ku w\u00ea jin\u00ean Bakur \u00fb Rojhilat\u00ea Suriy\u00ea asta r\u00eaxistinb\u00fbna xwe mezintir bike \u00fb wiha berdewam kir: &#8220;Li gel van hem\u00fb p\u00ea\u015fketinan, konferansa me p\u00eavajoya 2 sal\u00ean bor\u00ee di war\u00ea b\u00eerdoz\u00ee \u00fb r\u00eaxistin\u00ee de nirxand. Nebes\u00ee \u00fb lewaziy\u00ean di prat\u00eek\u00ea de hatine jiy\u00een, bi berfireh\u00ee dah\u00fbrand \u00fb ji bo p\u00eakan\u00eena derketineke n\u00fb, rexneday\u00eeneke xurt p\u00ea\u015f ket. Her wiha ji bo ku asteke bilintir a t\u00eako\u015f\u00een\u00ea di \u015fer \u00fb jiyan\u00ea de p\u00eak were, biryara ji n\u00fbve avakirina YPJ\u2019\u00ea hate girtin. Li ser v\u00ea bingeh\u00ea j\u00ee hate diyarkirin ku div\u00ea navenda parastina jin a bakur-rojhilat\u00ea S\u00fbr\u00ee saz\u00eeb\u00fbna xwe p\u00ea\u015f bixe \u00fb asta r\u00eaxistinb\u00fbna xwe bilind bike.&#8220;<\/p>\n<p><strong>`YPJ nasnameya jina r\u00eaxistinkir\u00ee ye`<\/strong><\/p>\n<p>Di daxuyaniy\u00ea de giring\u00ee bi rola YPJ`\u00ea ya ji desp\u00eaka \u015fore\u015f\u00ea heya niha hat day\u00een \u00fb ev ti\u015ft hatin bib\u00eerxistin: &#8220;\u00c7awa ku YPJ di p\u00eavajoy\u00ean beriya \u015fore\u015f\u00ea de bi erka p\u00ea\u015fengiy\u00ea rab\u00fb, di her war\u00ee de xwe feday\u00ea \u015fore\u015f\u00ea kir, can \u00fb bedel da, ji \u00eero \u015funde j\u00ee parastina van destkeftiy\u00ean ku hatine avakirin, xwed\u00ee derketina li v\u00ea m\u00eerateya d\u00eerok\u00ee her\u00ee z\u00eade erka jina ye. Weke YPJ em\u00ea jiyan\u00ea di xeta \u015fer\u00ea gel\u00ea \u015fore\u015fger\u00ee de bi r\u00eaxistin bikin \u00fb nirx\u00ean \u015fore\u015f\u00ea may\u00eende bikin. Li hember\u00ee pol\u00eet\u00eekay\u00ean zilam\u00ea desthiladar \u00ean \u015fer\u00ea taybet, h\u00eaza ku mirovahiy\u00ea \u00fb jiyan\u00ea bipar\u00eaze, parastina cewher\u00ee ya jina ye. YPJ j\u00ee p\u00eanaseya r\u00eaxistinkir\u00ee ya parastina cewher\u00ee a hem\u00fb jina ye. Nirx\u00ean \u015fore\u015f\u00ea ancax bi sekna jina xwed\u00ee \u00eerade, zana, bi welat\u00ea xwe \u00fb xaka xwe ve gir\u00eaday\u00ee, nam\u00fbs\u00ea ne di jin\u00ea de, di azadiya welat \u00fb gel\u00ea xwe de dib\u00eene, p\u00eakan bibe. YPJ nasnameya jina r\u00eaxistinkir\u00ee ye. YPJ xweb\u00fbne. YPJ gir\u00eadana bi R\u00eabert\u00ee \u00fb nirx\u00ean \u015fore\u015f\u00ea re ye. YPJ h\u00eaza xweser \u00fb r\u00eaxistinkir\u00ee ya parastina hem\u00fb jina ye. YPJ xwe disp\u00eare parad\u00eegmaya netewa demokrat\u00eek \u00fb bi v\u00ee reng\u00ee dibe nav\u00ea jin\u00ean Ereb-Kurd-Suryan-Ermen-Tirkmen \u00fb tevah\u00ee jin\u00ean c\u00eehan\u00ea. Li ser v\u00ea bingeh\u00ea konferansa me bi id\u00eea \u00fb biryardariyeke mezin da diyarkirin ku YPJ ji bo p\u00eakan\u00eena erk\u00ean dema n\u00fb amade ye. Di v\u00ea \u00e7ar\u00e7ovey\u00ea de em\u00ea xwed\u00ee li p\u00eangava KJK a parastina cewher\u00ee derkevin \u00fb bi rola p\u00ea\u015fengiy\u00ea rabin.<\/p>\n<p>Weke yek\u00eeney\u00ean parastina jin YPJ, \u00e7awa ku me DA\u00ce\u015e t\u00eak bir, di ser\u00ee de dewleta Tirk a fa\u015f\u00eest \u00fb hevkar\u00ean w\u00ea y\u00ean her\u00eam\u00ea, li dij\u00ee her away\u00ee \u00ear\u00ee\u015f\u00ean li ser her\u00eama me, em\u00ea bi \u00e7alakiy\u00ean xurt bersiv bidin \u00fb bi rola xwe ya p\u00ea\u015fengiy\u00ea rabin. Ji bo avakirina s\u00fbriyeke demokrat\u00eek \u00fb Rojhilata Nav\u00een a demokrat\u00eek em\u00ea bi awayek\u00ee akt\u00eef bi erk\u00ean xwe y\u00ean parastin\u00ea rabin. YPJ xwed\u00ee w\u00ea h\u00eaz, \u00eerade \u00fb biryardariy\u00ea ye ku h\u00eaviya gel \u00fb jinan, xewn \u00fb xeyal\u00ean tevah\u00ee \u015feh\u00eed\u00ean \u015fore\u015fa jin\u00ea, bi serkeftin\u00ea tac\u00eedar bike. Li ser v\u00ea bingeh\u00ea em soza xwe n\u00fb dikin \u00fb em dib\u00eajin, bi ruh\u00ea feda\u00ee y\u00ea \u015feh\u00eed Z\u00eelan, Ar\u00een \u00fb R\u00eavan, Sara \u00fb Ruken, Avesta \u00fb Bar\u00een, \u015eerv\u00een \u015eerdar, Sorxw\u00een Rojhilat, Azad\u00ee D\u00earik, Heb\u00fbn Enteriy\u00ea, \u00cevana Hoffman \u00fb bi hezaran \u015feh\u00eed\u00ean azadiya jin\u00ea heta p\u00eakan\u00eena serkeftin\u00ea \u00fb may\u00eendekirina \u015fore\u015fa jin\u00ea, em\u00ea t\u00eako\u015f\u00eena xwe ya azadiy\u00ea bi awayek\u00ee xurt bidin me\u015fandin \u00fb siberojeke azad diyar\u00ee mirovahiy\u00ea bikin.&#8220;<\/p>\n<p><strong>\u00a0Navenda Ragihandina YPJ<\/strong><\/p>\n<p>&nbsp;<\/p>\n<p><img loading=\"lazy\" decoding=\"async\" class=\"alignnone size-medium wp-image-18304\" src=\"https:\/\/ypjrojava.net\/wp-content\/uploads\/2024\/07\/008A1816-300x200.jpg\" alt=\"\" width=\"300\" height=\"200\" srcset=\"https:\/\/ypjrojava.net\/wp-content\/uploads\/2024\/07\/008A1816-300x200.jpg 300w, https:\/\/ypjrojava.net\/wp-content\/uploads\/2024\/07\/008A1816-1024x683.jpg 1024w, https:\/\/ypjrojava.net\/wp-content\/uploads\/2024\/07\/008A1816-768x512.jpg 768w, https:\/\/ypjrojava.net\/wp-content\/uploads\/2024\/07\/008A1816-1536x1024.jpg 1536w, https:\/\/ypjrojava.net\/wp-content\/uploads\/2024\/07\/008A1816-2048x1365.jpg 2048w\" sizes=\"auto, (max-width: 300px) 100vw, 300px\" \/> <img loading=\"lazy\" decoding=\"async\" class=\"alignnone size-medium wp-image-18307\" src=\"https:\/\/ypjrojava.net\/wp-content\/uploads\/2024\/07\/008A1128-300x200.jpg\" alt=\"\" width=\"300\" height=\"200\" srcset=\"https:\/\/ypjrojava.net\/wp-content\/uploads\/2024\/07\/008A1128-300x200.jpg 300w, https:\/\/ypjrojava.net\/wp-content\/uploads\/2024\/07\/008A1128-1024x683.jpg 1024w, https:\/\/ypjrojava.net\/wp-content\/uploads\/2024\/07\/008A1128-768x512.jpg 768w, https:\/\/ypjrojava.net\/wp-content\/uploads\/2024\/07\/008A1128-1536x1024.jpg 1536w, https:\/\/ypjrojava.net\/wp-content\/uploads\/2024\/07\/008A1128-2048x1365.jpg 2048w\" sizes=\"auto, (max-width: 300px) 100vw, 300px\" \/> <img loading=\"lazy\" decoding=\"async\" class=\"alignnone size-medium wp-image-18308\" src=\"https:\/\/ypjrojava.net\/wp-content\/uploads\/2024\/07\/008A1313-300x200.jpg\" alt=\"\" width=\"300\" height=\"200\" srcset=\"https:\/\/ypjrojava.net\/wp-content\/uploads\/2024\/07\/008A1313-300x200.jpg 300w, https:\/\/ypjrojava.net\/wp-content\/uploads\/2024\/07\/008A1313-1024x683.jpg 1024w, https:\/\/ypjrojava.net\/wp-content\/uploads\/2024\/07\/008A1313-768x512.jpg 768w, https:\/\/ypjrojava.net\/wp-content\/uploads\/2024\/07\/008A1313-1536x1024.jpg 1536w, https:\/\/ypjrojava.net\/wp-content\/uploads\/2024\/07\/008A1313-2048x1365.jpg 2048w\" sizes=\"auto, (max-width: 300px) 100vw, 300px\" \/> <img loading=\"lazy\" decoding=\"async\" class=\"alignnone size-medium wp-image-18309\" src=\"https:\/\/ypjrojava.net\/wp-content\/uploads\/2024\/07\/008A1459-300x200.jpg\" alt=\"\" width=\"300\" height=\"200\" srcset=\"https:\/\/ypjrojava.net\/wp-content\/uploads\/2024\/07\/008A1459-300x200.jpg 300w, https:\/\/ypjrojava.net\/wp-content\/uploads\/2024\/07\/008A1459-1024x683.jpg 1024w, https:\/\/ypjrojava.net\/wp-content\/uploads\/2024\/07\/008A1459-768x512.jpg 768w, https:\/\/ypjrojava.net\/wp-content\/uploads\/2024\/07\/008A1459-1536x1024.jpg 1536w, https:\/\/ypjrojava.net\/wp-content\/uploads\/2024\/07\/008A1459-2048x1365.jpg 2048w\" sizes=\"auto, (max-width: 300px) 100vw, 300px\" \/> <img loading=\"lazy\" decoding=\"async\" class=\"alignnone size-medium wp-image-18310\" src=\"https:\/\/ypjrojava.net\/wp-content\/uploads\/2024\/07\/008A1659-300x200.jpg\" alt=\"\" width=\"300\" height=\"200\" srcset=\"https:\/\/ypjrojava.net\/wp-content\/uploads\/2024\/07\/008A1659-300x200.jpg 300w, https:\/\/ypjrojava.net\/wp-content\/uploads\/2024\/07\/008A1659-1024x683.jpg 1024w, https:\/\/ypjrojava.net\/wp-content\/uploads\/2024\/07\/008A1659-768x512.jpg 768w, https:\/\/ypjrojava.net\/wp-content\/uploads\/2024\/07\/008A1659-1536x1024.jpg 1536w, https:\/\/ypjrojava.net\/wp-content\/uploads\/2024\/07\/008A1659-2048x1365.jpg 2048w\" sizes=\"auto, (max-width: 300px) 100vw, 300px\" \/> <img loading=\"lazy\" decoding=\"async\" class=\"alignnone size-medium wp-image-18311\" src=\"https:\/\/ypjrojava.net\/wp-content\/uploads\/2024\/07\/008A1787-300x200.jpg\" alt=\"\" width=\"300\" height=\"200\" srcset=\"https:\/\/ypjrojava.net\/wp-content\/uploads\/2024\/07\/008A1787-300x200.jpg 300w, https:\/\/ypjrojava.net\/wp-content\/uploads\/2024\/07\/008A1787-1024x683.jpg 1024w, https:\/\/ypjrojava.net\/wp-content\/uploads\/2024\/07\/008A1787-768x512.jpg 768w, https:\/\/ypjrojava.net\/wp-content\/uploads\/2024\/07\/008A1787-1536x1024.jpg 1536w, https:\/\/ypjrojava.net\/wp-content\/uploads\/2024\/07\/008A1787-2048x1365.jpg 2048w\" sizes=\"auto, (max-width: 300px) 100vw, 300px\" \/> <img loading=\"lazy\" decoding=\"async\" class=\"alignnone size-medium wp-image-18313\" src=\"https:\/\/ypjrojava.net\/wp-content\/uploads\/2024\/07\/008A1834-300x200.jpg\" alt=\"\" width=\"300\" height=\"200\" srcset=\"https:\/\/ypjrojava.net\/wp-content\/uploads\/2024\/07\/008A1834-300x200.jpg 300w, https:\/\/ypjrojava.net\/wp-content\/uploads\/2024\/07\/008A1834-1024x683.jpg 1024w, https:\/\/ypjrojava.net\/wp-content\/uploads\/2024\/07\/008A1834-768x512.jpg 768w, https:\/\/ypjrojava.net\/wp-content\/uploads\/2024\/07\/008A1834-1536x1024.jpg 1536w, https:\/\/ypjrojava.net\/wp-content\/uploads\/2024\/07\/008A1834-2048x1365.jpg 2048w\" sizes=\"auto, (max-width: 300px) 100vw, 300px\" \/> <img loading=\"lazy\" decoding=\"async\" class=\"alignnone size-medium wp-image-18315\" src=\"https:\/\/ypjrojava.net\/wp-content\/uploads\/2024\/07\/008A0566-300x200.jpg\" alt=\"\" width=\"300\" height=\"200\" srcset=\"https:\/\/ypjrojava.net\/wp-content\/uploads\/2024\/07\/008A0566-300x200.jpg 300w, https:\/\/ypjrojava.net\/wp-content\/uploads\/2024\/07\/008A0566-1024x683.jpg 1024w, https:\/\/ypjrojava.net\/wp-content\/uploads\/2024\/07\/008A0566-768x512.jpg 768w, https:\/\/ypjrojava.net\/wp-content\/uploads\/2024\/07\/008A0566-1536x1024.jpg 1536w, https:\/\/ypjrojava.net\/wp-content\/uploads\/2024\/07\/008A0566-2048x1365.jpg 2048w\" sizes=\"auto, (max-width: 300px) 100vw, 300px\" \/> <img loading=\"lazy\" decoding=\"async\" class=\"alignnone size-medium wp-image-18316\" src=\"https:\/\/ypjrojava.net\/wp-content\/uploads\/2024\/07\/008A0584-300x200.jpg\" alt=\"\" width=\"300\" height=\"200\" srcset=\"https:\/\/ypjrojava.net\/wp-content\/uploads\/2024\/07\/008A0584-300x200.jpg 300w, https:\/\/ypjrojava.net\/wp-content\/uploads\/2024\/07\/008A0584-1024x683.jpg 1024w, https:\/\/ypjrojava.net\/wp-content\/uploads\/2024\/07\/008A0584-768x512.jpg 768w, https:\/\/ypjrojava.net\/wp-content\/uploads\/2024\/07\/008A0584-1536x1024.jpg 1536w, https:\/\/ypjrojava.net\/wp-content\/uploads\/2024\/07\/008A0584-2048x1365.jpg 2048w\" sizes=\"auto, (max-width: 300px) 100vw, 300px\" \/> <img loading=\"lazy\" decoding=\"async\" class=\"alignnone size-medium wp-image-18317\" src=\"https:\/\/ypjrojava.net\/wp-content\/uploads\/2024\/07\/008A1381-300x200.jpg\" alt=\"\" width=\"300\" height=\"200\" srcset=\"https:\/\/ypjrojava.net\/wp-content\/uploads\/2024\/07\/008A1381-300x200.jpg 300w, https:\/\/ypjrojava.net\/wp-content\/uploads\/2024\/07\/008A1381-1024x683.jpg 1024w, https:\/\/ypjrojava.net\/wp-content\/uploads\/2024\/07\/008A1381-768x512.jpg 768w, https:\/\/ypjrojava.net\/wp-content\/uploads\/2024\/07\/008A1381-1536x1024.jpg 1536w, https:\/\/ypjrojava.net\/wp-content\/uploads\/2024\/07\/008A1381-2048x1365.jpg 2048w\" sizes=\"auto, (max-width: 300px) 100vw, 300px\" \/><\/p>\n<p><iframe loading=\"lazy\" title=\"4.Konferansa YPJ&#039;\u00ea Hate Li Darxistin\" width=\"696\" height=\"392\" src=\"https:\/\/www.youtube.com\/embed\/gnN9U6N8xrI?feature=oembed\" frameborder=\"0\" allow=\"accelerometer; autoplay; clipboard-write; encrypted-media; gyroscope; picture-in-picture; web-share\" referrerpolicy=\"strict-origin-when-cross-origin\" allowfullscreen><\/iframe><\/p>\n","protected":false},"excerpt":{"rendered":"<p>`Konferansa me m\u00eesogeriya \u015fore\u015fa jin\u00ea ye` Li war\u00ea \u015fore\u015fa jin\u00ea bi perspekt\u00eefa \u015fer\u00ea gel \u00ea \u015fore\u015fger\u00ee Yek\u00eeney\u00ean Parastina Jin (YPJ) xwe ji n\u00fb de bi r\u00eaxistin dike. Bi dir\u00fb\u015fma; \u201cBi h\u00eaza jina azad em\u00ea \u015fore\u015fa jin \u00fb welat bipar\u00eazin, azadiya R\u00eaber APO misoger bikin\u201d ji p\u00eakhatey\u00ean Kurd, Ereb, As\u00fbr, Tirkmen \u00fb Enternasyonal komb\u00fbna 115 delgeyan [&hellip;]<\/p>\n","protected":false},"author":1,"featured_media":18302,"comment_status":"open","ping_status":"closed","sticky":false,"template":"","format":"standard","meta":{"footnotes":""},"categories":[41,40],"tags":[],"class_list":{"0":"post-18306","1":"post","2":"type-post","3":"status-publish","4":"format-standard","5":"has-post-thumbnail","7":"category-dimen","8":"category-wene"},"_links":{"self":[{"href":"https:\/\/ypjrojava.net\/index.php?rest_route=\/wp\/v2\/posts\/18306","targetHints":{"allow":["GET"]}}],"collection":[{"href":"https:\/\/ypjrojava.net\/index.php?rest_route=\/wp\/v2\/posts"}],"about":[{"href":"https:\/\/ypjrojava.net\/index.php?rest_route=\/wp\/v2\/types\/post"}],"author":[{"embeddable":true,"href":"https:\/\/ypjrojava.net\/index.php?rest_route=\/wp\/v2\/users\/1"}],"replies":[{"embeddable":true,"href":"https:\/\/ypjrojava.net\/index.php?rest_route=%2Fwp%2Fv2%2Fcomments&post=18306"}],"version-history":[{"count":4,"href":"https:\/\/ypjrojava.net\/index.php?rest_route=\/wp\/v2\/posts\/18306\/revisions"}],"predecessor-version":[{"id":18323,"href":"https:\/\/ypjrojava.net\/index.php?rest_route=\/wp\/v2\/posts\/18306\/revisions\/18323"}],"wp:featuredmedia":[{"embeddable":true,"href":"https:\/\/ypjrojava.net\/index.php?rest_route=\/wp\/v2\/media\/18302"}],"wp:attachment":[{"href":"https:\/\/ypjrojava.net\/index.php?rest_route=%2Fwp%2Fv2%2Fmedia&parent=18306"}],"wp:term":[{"taxonomy":"category","embeddable":true,"href":"https:\/\/ypjrojava.net\/index.php?rest_route=%2Fwp%2Fv2%2Fcategories&post=18306"},{"taxonomy":"post_tag","embeddable":true,"href":"https:\/\/ypjrojava.net\/index.php?rest_route=%2Fwp%2Fv2%2Ftags&post=18306"}],"curies":[{"name":"wp","href":"https:\/\/api.w.org\/{rel}","templated":true}]}}