{"id":18328,"date":"2024-07-21T08:23:36","date_gmt":"2024-07-21T07:23:36","guid":{"rendered":"https:\/\/ypjrojava.net\/?p=18328"},"modified":"2024-07-21T18:20:38","modified_gmt":"2024-07-21T17:20:38","slug":"ji-capemeni-u-raya-gisti-re-11","status":"publish","type":"post","link":"https:\/\/ypjrojava.net\/?p=18328","title":{"rendered":"Ji \u00c7apemen\u00ee \u00fb Raya Gi\u015ft\u00ee re"},"content":{"rendered":"<p><strong>Ji \u00c7apemen\u00ee \u00fb Raya Gi\u015ft\u00ee re<\/strong><\/p>\n<p>\u00cero her\u00eama me, heta tevah\u00ee c\u00eehan careke din bi awayek\u00ee dijwar bi pol\u00eet\u00eekay\u00ean \u00eenkar \u00fb \u00eemhay\u00ea re r\u00fb bi r\u00fb ye. Mirovah\u00ee di nava qeyraneke giran re derbas dibe. Adeta li hember\u00ee daxwaz\u00ean gelan \u00ean azad\u00ee, demokras\u00ee \u00fb edalet\u00ea eniyeke berfireh a qirkirin, destdir\u00eaj\u00ee \u00fb tundiy\u00ea hatiye vekirin.<\/p>\n<p>Komkujiy\u00ean DAI\u015e\u2019\u00ea y\u00ean li S\u00fbr\u00ee, Iraq, \u015eengal, li Kurdistan\u00ea \u00fb li welat\u00ean Awr\u00fbpa p\u00eak hatin, di b\u00eera civak\u00ea, raya gi\u015ft\u00ee \u00fb tevah\u00ee c\u00eehan\u00ea de ye. Bi hezaran jin\u00ean \u00caz\u00eed\u00ee hatin d\u00eel girtin, bi hezaran mirov\u00ean siv\u00eel bi sax\u00ee hatin bin ax kirin. Li beramber\u00ee gel\u00ean \u00caz\u00eed\u00ee, Xir\u00eestiyan, Kurd, Ereb, li hember netewan qirkirin\u00ean mezin p\u00eak hatin.<\/p>\n<p>Weke YPJ me li beramber\u00ee \u00e7etey\u00ean DA\u00ce\u015e\u2019\u00ea t\u00eako\u015f\u00een \u00fb berxwedaneke mezin raber kir. Tev\u00ee bedel\u00ean giranbiha ku bi hezaran r\u00eaheval\u00ean me bi feday\u00eeyane \u015feh\u00eed b\u00fbn, l\u00ea me bi israr \u015fer kir, li berxwe da, heta ku me DAI\u015e li ser erdn\u00eegariya xwe t\u00eak bir \u00fb aramiya gel\u00ea xwe p\u00eak an\u00ee.<\/p>\n<p>L\u00ea mixabin, dewleta Tirk a dagirker tev\u00ee ku bi xwe hem li her\u00eama me, hem j\u00ee li her\u00eama ba\u015f\u00fbr\u00ea Kurdistan\u00ea b\u00ea navber \u00ear\u00ee\u015fan p\u00eak t\u00eene, \u00eero ber\u00ea DA\u00ce\u015e\u2019\u00ea dide Zaxo, Dihok \u00fb Amediy\u00ea da ku li Met\u00eena, Zap\u00ea \u00fb li seranser\u00ee ba\u015f\u00fbr li dij\u00ee ger\u00eelay\u00ean azadiya Kurdistan\u00ea bide \u015ferkirin \u00fb bi v\u00ee reng\u00ee xaka ba\u015f\u00fbr\u00ea Kurdistan\u00ea dagir bike. \u00c7awa ku dewleta Tirk a dagirker bi \u00e7etey\u00ean DAI\u015e \u00fb h\u00eaz\u00ean din \u00ean \u00e7ete re Rojavay\u00ea Kurdisan\u00ea \u00eelhaq kir, \u00eero j\u00ee dixwazin ba\u015f\u00fbr\u00ea Kurdistan\u00ea bi heman \u015f\u00eawaz\u00ee \u00eelhaq \u00fb dagir bike. Ango dewleta Tirk a dagirker, bi le\u015fker\u00ean xwe \u00fb \u00e7etey\u00ean DAI\u015e\u2019\u00ea ve, her wiha bi hevkariya malbata Barzan\u00ee ya xay\u00een, bi \u00e7etey\u00ean Gulan \u00fb Z\u00earevan ve xaka ba\u015f\u00fbr\u00ea Kurdistan\u00ea dagir dike.<\/p>\n<p>\u00c7etey\u00ean DAI\u015e\u2019\u00ea y\u00ean ku komkujiy\u00ean mezin li dij\u00ee gelan p\u00eak an\u00een, bi awayek\u00ee hovane \u00ear\u00ee\u015f\u00ea jinan kirin, destdir\u00eaj\u00ee p\u00eak an\u00een \u00fb di bazaran de ew firotin, mixabin ku \u00eero li her\u00eam\u00ean dagirkir\u00ee y\u00ean weke Efr\u00een, Ezaz, Bab, Gir\u00ea Sip\u00ee \u00fb Ser\u00eakaniy\u00ea ji aliy\u00ea dewleta Tirk ve t\u00ean perwerde kirin \u00fb f\u00eenanse kirin. Ji wir j\u00ee ber\u00ea wan didin tevah\u00ee Kurdistan, Rojhilata Nav\u00een, heta ber\u00ea wan didin welat\u00ean Awr\u00fbpa, Afr\u00eeka \u00fb Asyay\u00ea. Ji bo w\u00ea j\u00ee birina DAI\u015e a ba\u015f\u00fbr\u00ea Kurdistan\u00ea ten\u00ea ji bo \u00eelhaq, dagirkirin, ko\u00e7ber\u00ee \u00fb p\u00eakan\u00eena katl\u00eeam\u00ean n\u00fb ye. Ji bil\u00ee v\u00ea ti armanca DAI\u015e \u00fb dewleta Tirk li ba\u015f\u00fbr\u00ea Kurdistan\u00ea n\u00eene.<\/p>\n<p>Ev \u00e7i nakok\u00ee ye ku ger\u00eelay\u00ean azadiy\u00ea, li \u015eenagl, Kerk\u00fbk, Maxm\u00fbr \u00fb Hewl\u00ear\u00ea, gel\u00ea ba\u015f\u00fbr\u00ea Kurdistan \u00fb Iraq ji hov\u00eetiya DAI\u015e\u2019\u00ea parast, \u00eero ber\u00ea DAI\u015e didin heman qadan \u00fb li dij\u00ee \u015fervan\u00ean azadiy\u00ea didin \u015fer kirin. Gel\u00ea ba\u015f\u00fbr\u00ea Kurdistan\u00ea ba\u015f dizane ku Barzan\u00ee bi xwe bang li ger\u00eela kir da ku werin Hewl\u00ear\u00ea bipar\u00eazin. \u00cero bi \u00e7i r\u00fby\u00ee ber\u00ea DAI\u015e dide ba\u015f\u00fbr\u00ea Kurdistan\u00ea \u00fb li dij\u00ee ger\u00eela dide \u015ferkirin.<\/p>\n<p>Bi salan p\u00ea\u015fmeregey\u00ean bi r\u00fbmet ji bo xaka xwe bipar\u00eazin li dij\u00ee fa\u015f\u00eezm \u00fb d\u00eektatoriya Saddam \u015fer kirin \u00fb axa xwe parastin. Div\u00ea h\u00eaz\u00ean p\u00ea\u015fmerge zanibin ku \u015fer\u00ea \u00eero j\u00ee bi heman armanc\u00ea t\u00ea kirin \u00fb hevkariya mala Barzan\u00ee \u00fb PDK\u2019\u00ea y\u00ean ku malavaniya \u00e7etey\u00ean DAI\u015e\u2019\u00ea dikin bi ti away\u00ee qeb\u00fbl nekin. Ev mijareke r\u00fbmet\u00ea ye \u00fb di ser\u00ee de jin, div\u00ea ciwan \u00fb gel\u00ea ba\u015f\u00fbr v\u00ea \u00eexanet \u00fb hevkariy\u00ea qeb\u00fbl nek\u00ea. Me li Koban\u00ea bi p\u00ea\u015fmerge \u00fb \u015fore\u015fger\u00ean enternasyonal bi hev re li dij\u00ee DAI\u015e \u015fer kir \u00fb ew t\u00eak bir, div\u00ea \u00eero j\u00ee em bi heman ruh\u00ee tevah\u00ee Kurdistan, Rojhilata Nav\u00een \u00fb c\u00eehan\u00ea bipar\u00eazin.<\/p>\n<p>B\u00eaguman gelek partiy\u00ean siyas\u00ee y\u00ean ba\u015f\u00fbr\u00ea Kurdistan \u00fb Iraq\u00ea, her wiha e\u015f\u00eer\u00ean Ereban \u00ean Iraq\u00ea bertek\u00ean giranbiha raber kirin, l\u00ea div\u00ea ev helwest veguherin \u00e7alakiy\u00ea \u00fb em bi hev re mil bi mil li dij\u00ee n\u00fbjenkirina hov\u00eetiya DAI\u015e\u2019\u00ea rawestin \u00fb dagirkeriya Tirk t\u00eak bibin. Ji bo w\u00ea div\u00ea hik\u00fbmeta navend\u00ee ya Iraq\u00ea \u00fb r\u00eaveberiya hik\u00fbmeta ba\u015f\u00fbr\u00ea Kurdistan\u00ea nebin hevkar\u00ea v\u00ee c\u00fbc\u00ee \u00fb yekser \u00e7etey\u00ean DAI\u015e \u00fb le\u015fker\u00ean art\u00ea\u015fa Tirk a fa\u015f\u00eest ji xak\u00ean xwe y\u00ean p\u00eeroz derxin.<\/p>\n<p>Div\u00ea tevah\u00ee c\u00eehan baldar be \u00fb ba\u015f zanibe ku hem\u00fb \u00ear\u00ee\u015f\u00ean DAI\u015e \u00ean ku li \u00ceran, R\u00fbsya, Par\u00ees, Almanya, li Afr\u00eeka \u00fb Awr\u00fbpay\u00ea p\u00eak hatine ji navenda Eqer\u00ea hatine r\u00eavebirin, bi kord\u00eenekirina Erdogan \u00fb te\u015fk\u00eelata M\u00ceT\u2019\u00ea ve p\u00eak hatine \u00fb ev \u00ear\u00ee\u015f dewam dikin. Ev pol\u00eet\u00eekaya dagirkirin \u00fb qirkirin\u00ea ya dewleta Tirk n\u00ee\u015fan dide ku hi\u015fmendiya Erdogan hi\u015fmendiya DAI\u015e\u2019\u00ea ye. Erdogan DAI\u015e\u2019\u00ea weke eniyeke xeter \u00fb stratej\u00eek li dij\u00ee tevah\u00ee Rojhilata Nav\u00een \u00fb c\u00eehan\u00ea bikar t\u00eene. Ji bo w\u00ea j\u00ee div\u00ea tevah\u00ee c\u00eehan li gel ger\u00eelay\u00ean azadiya Kurdistan\u00ea be. Ji ber ku ger\u00eela li \u015eengal, Rojava, Kerk\u00fbk, Mexm\u00fbr \u00fb li Hewl\u00ear\u00ea p\u00ea\u015f\u00ee li komkujiy\u00ean mezin girtin. Ji v\u00ee \u015fer\u00ee re b\u00ea deng may\u00een, t\u00ea wateya er\u00eakirina hov\u00eet\u00ee \u00fb qirkirina gel\u00ean Rojhilata Nav\u00een \u00fb tevah\u00ee c\u00eehan\u00ea.<\/p>\n<p><strong>Ji ber w\u00ea em dib\u00eajin ku;<\/strong><\/p>\n<ul>\n<li>Di ser\u00ee de gel\u00ea ba\u015f\u00fbr\u00ea Kurdistan\u00ea, em bang li tevah\u00ee gel\u00ea Iraq\u00ea dikin ku helwesta xwe bi awayek hevpar raber bikin \u00fb heta ku DAI\u015e \u00fb fa\u015f\u00eezma Tirk ji xaka xwe derxin bila di nava berxwedan\u00ee \u00fb t\u00eako\u015f\u00een\u00ea de bin.<\/li>\n<li>Her wiha em bang li tevah\u00ee h\u00eaz\u00ean p\u00ea\u015fmerge y\u00ean bi r\u00fbmet dikin ku li hember komkujiya DAI\u015e\u2019\u00ea \u00fb \u00eelhaqa Tirkiy\u00ea rawestin \u00fb di eniy\u00ean p\u00ea\u015f \u00ean berxwedan\u00ea de cih\u00ea xwe bigrin.<\/li>\n<li>D\u00eesa em bang li hik\u00fbmeta navend\u00ee ya Iraq\u00ea \u00fb ba\u015f\u00fbr\u00ea Kurdistan\u00ea dikin ku bila demildest v\u00ea dagirkeriy\u00ea rawest\u00eenin.<\/li>\n<li>Di ser\u00ee de gel\u00ea Ereb, Kurd \u00fb Turkmen div\u00ea tevah\u00ee gel\u00ean her\u00eam\u00ea y\u00ean ku bi hev re jiyan dikin, bi \u00eeradeyeke mezin li dij\u00ee pol\u00eet\u00eekay\u00ean Erdogan \u00ean Osmaniya n\u00fb rawestin.<\/li>\n<li>Hem\u00fb gel\u00ean c\u00eehan\u00ea bi rojhilat \u00fb rojavay\u00ea w\u00ea, p\u00eaw\u00eeste li hember DAI\u015e \u00fb fa\u015f\u00eezma Erdogan bi erk\u00ean xwe y\u00ean w\u00eecdan\u00ee \u00fb mirov\u00ee rabin \u00fb helwesta xwe bi awayek rad\u00eekal \u00fb \u015f\u00eanber raber bikin.<\/li>\n<li>Her wiha em bang li tevah\u00ee saz\u00ee \u00fb h\u00eaz\u00ean navnetew\u00ee dikin ku li hember \u00ear\u00ee\u015f\u00ean DAI\u015e \u00fb fa\u015f\u00eezma Tirk a qirker bibin xwed\u00ee helwest \u00fb neh\u00ealin mirovah\u00ee mehk\u00fbm\u00ee hov\u00eetiya DAI\u015e \u00fb Erdogan\u00ea qirker be.<\/li>\n<li>Eniya her\u00ee sereke ya li hember her away\u00ee dagirker\u00ee \u00fb qirkirin\u00ea, eniya jin e. Ji bo w\u00ea di ser\u00ee de jin\u00ean ba\u015f\u00fbr\u00ea Kurdistan \u00fb Iraq\u00ea em bang li tevah\u00ee jin\u00ean c\u00eehan\u00ea dikin ku bi yek ruh\u00ee \u00fb yek deng\u00ee li dij\u00ee her away\u00ee dagirker\u00ee \u00fb qirkirin\u00ea rawestin.<\/li>\n<\/ul>\n<p>&nbsp;<\/p>\n<p>Weke YPJ em bi ti away\u00ee qeb\u00fbl nakin ku \u00e7etey\u00ean DA\u00ce\u015e\u2019\u00ea li her\u00eam\u00ea dubare bi tevger bibin. Li beramber\u00ee v\u00ea em\u00ea helwesta hewce di cih \u00fb dem\u00ea w\u00ea de raber bikin. Weke YPJ bi Kurd, Ereb, As\u00fbr, Suryan, Tirkmen, \u00c7erkez \u00fb Kildan, her wiha bi \u015fervan\u00ean me y\u00ean Enternasyonal ku ji her \u00e7ar aliy\u00ea c\u00eehan\u00ea ber\u00ea xwe dan Rojava \u00fb me bi hev re DAI\u015e t\u00eak bir, ji \u00eero \u015funde j\u00ee ji bo parastina jin \u00fb gel\u00ea me y\u00ea ba\u015f\u00fbr\u00ea Kurdistan\u00ea, her wiha li her devera ku \u00ear\u00ee\u015f\u00ean DAI\u015e l\u00ea hebe, em\u00ea bi ruh\u00ea \u015fore\u015fa xwe ya 19\u2019\u00ea T\u00eermeh\u00ea \u015fer bikin \u00fb li berxwe bidin. Em\u00ea di xeta parastina rewa de li her cih\u00ea ku xeter\u00ee li ser heb\u00fbna jinan \u00fb gel\u00ea me hebe, bi awayek\u00ee rad\u00eekal t\u00eako\u015f\u00eena xwe bilind bikin.<\/p>\n<p><strong>\u00a0<\/strong><\/p>\n<p><strong>Bij\u00ee yek\u00eet\u00ee \u00fb berxwedana gelan<\/strong><\/p>\n<p><strong>Bij\u00ee yek\u00eet\u00ee \u00fb berxwedana jinan<\/strong><\/p>\n<p><strong>Bij\u00ee ruh\u00ea \u015fore\u015fger\u00ee y\u00ea enternasyonal\u00eest<\/strong><\/p>\n<p><strong>Bimre fa\u015f\u00eezm \u00fb \u00eexanet<\/strong><\/p>\n<p><strong>Na ji dagirker\u00ee \u00fb \u00eelhaq\u00ea re.<\/strong><\/p>\n<p><strong>Fermandariya Gi\u015ft\u00ee ya YPJ\u2019\u00ea<\/strong><\/p>\n<p><strong>21 T\u00eermeh 2024<\/strong><\/p>\n<p><img loading=\"lazy\" decoding=\"async\" class=\"alignnone size-medium wp-image-18329\" src=\"https:\/\/ypjrojava.net\/wp-content\/uploads\/2024\/07\/IMG_4354-300x200.jpg\" alt=\"\" width=\"300\" height=\"200\" srcset=\"https:\/\/ypjrojava.net\/wp-content\/uploads\/2024\/07\/IMG_4354-300x200.jpg 300w, https:\/\/ypjrojava.net\/wp-content\/uploads\/2024\/07\/IMG_4354-1024x683.jpg 1024w, https:\/\/ypjrojava.net\/wp-content\/uploads\/2024\/07\/IMG_4354-768x512.jpg 768w, https:\/\/ypjrojava.net\/wp-content\/uploads\/2024\/07\/IMG_4354-1536x1024.jpg 1536w, https:\/\/ypjrojava.net\/wp-content\/uploads\/2024\/07\/IMG_4354-2048x1365.jpg 2048w\" sizes=\"auto, (max-width: 300px) 100vw, 300px\" \/> <img loading=\"lazy\" decoding=\"async\" class=\"alignnone size-medium wp-image-18330\" src=\"https:\/\/ypjrojava.net\/wp-content\/uploads\/2024\/07\/IMG_4362-300x200.jpg\" alt=\"\" width=\"300\" height=\"200\" srcset=\"https:\/\/ypjrojava.net\/wp-content\/uploads\/2024\/07\/IMG_4362-300x200.jpg 300w, https:\/\/ypjrojava.net\/wp-content\/uploads\/2024\/07\/IMG_4362-1024x683.jpg 1024w, https:\/\/ypjrojava.net\/wp-content\/uploads\/2024\/07\/IMG_4362-768x512.jpg 768w, https:\/\/ypjrojava.net\/wp-content\/uploads\/2024\/07\/IMG_4362-1536x1024.jpg 1536w, https:\/\/ypjrojava.net\/wp-content\/uploads\/2024\/07\/IMG_4362-2048x1365.jpg 2048w\" sizes=\"auto, (max-width: 300px) 100vw, 300px\" \/><\/p>\n<p><iframe loading=\"lazy\" title=\"Daxuyaniya Fermandariya YPJ&#039;\u00ea Dij\u00ee Dagirkeriya Ba\u015f\u00fbr\" width=\"696\" height=\"392\" src=\"https:\/\/www.youtube.com\/embed\/5RqhbQteuWM?feature=oembed\" frameborder=\"0\" allow=\"accelerometer; autoplay; clipboard-write; encrypted-media; gyroscope; picture-in-picture; web-share\" referrerpolicy=\"strict-origin-when-cross-origin\" allowfullscreen><\/iframe><\/p>\n<p>&nbsp;<\/p>\n","protected":false},"excerpt":{"rendered":"<p>Ji \u00c7apemen\u00ee \u00fb Raya Gi\u015ft\u00ee re \u00cero her\u00eama me, heta tevah\u00ee c\u00eehan careke din bi awayek\u00ee dijwar bi pol\u00eet\u00eekay\u00ean \u00eenkar \u00fb \u00eemhay\u00ea re r\u00fb bi r\u00fb ye. Mirovah\u00ee di nava qeyraneke giran re derbas dibe. Adeta li hember\u00ee daxwaz\u00ean gelan \u00ean azad\u00ee, demokras\u00ee \u00fb edalet\u00ea eniyeke berfireh a qirkirin, destdir\u00eaj\u00ee \u00fb tundiy\u00ea hatiye vekirin. Komkujiy\u00ean [&hellip;]<\/p>\n","protected":false},"author":1,"featured_media":18329,"comment_status":"open","ping_status":"closed","sticky":false,"template":"","format":"standard","meta":{"footnotes":""},"categories":[39,40],"tags":[],"class_list":{"0":"post-18328","1":"post","2":"type-post","3":"status-publish","4":"format-standard","5":"has-post-thumbnail","7":"category-daxuyani","8":"category-wene"},"_links":{"self":[{"href":"https:\/\/ypjrojava.net\/index.php?rest_route=\/wp\/v2\/posts\/18328","targetHints":{"allow":["GET"]}}],"collection":[{"href":"https:\/\/ypjrojava.net\/index.php?rest_route=\/wp\/v2\/posts"}],"about":[{"href":"https:\/\/ypjrojava.net\/index.php?rest_route=\/wp\/v2\/types\/post"}],"author":[{"embeddable":true,"href":"https:\/\/ypjrojava.net\/index.php?rest_route=\/wp\/v2\/users\/1"}],"replies":[{"embeddable":true,"href":"https:\/\/ypjrojava.net\/index.php?rest_route=%2Fwp%2Fv2%2Fcomments&post=18328"}],"version-history":[{"count":3,"href":"https:\/\/ypjrojava.net\/index.php?rest_route=\/wp\/v2\/posts\/18328\/revisions"}],"predecessor-version":[{"id":18335,"href":"https:\/\/ypjrojava.net\/index.php?rest_route=\/wp\/v2\/posts\/18328\/revisions\/18335"}],"wp:featuredmedia":[{"embeddable":true,"href":"https:\/\/ypjrojava.net\/index.php?rest_route=\/wp\/v2\/media\/18329"}],"wp:attachment":[{"href":"https:\/\/ypjrojava.net\/index.php?rest_route=%2Fwp%2Fv2%2Fmedia&parent=18328"}],"wp:term":[{"taxonomy":"category","embeddable":true,"href":"https:\/\/ypjrojava.net\/index.php?rest_route=%2Fwp%2Fv2%2Fcategories&post=18328"},{"taxonomy":"post_tag","embeddable":true,"href":"https:\/\/ypjrojava.net\/index.php?rest_route=%2Fwp%2Fv2%2Ftags&post=18328"}],"curies":[{"name":"wp","href":"https:\/\/api.w.org\/{rel}","templated":true}]}}