{"id":18352,"date":"2024-08-06T09:49:34","date_gmt":"2024-08-06T08:49:34","guid":{"rendered":"https:\/\/ypjrojava.net\/?p=18352"},"modified":"2024-08-06T10:00:01","modified_gmt":"2024-08-06T09:00:01","slug":"sandeya-sengale-serdana-ypje-kir","status":"publish","type":"post","link":"https:\/\/ypjrojava.net\/?p=18352","title":{"rendered":"\u015eandeya \u015eengal\u00ea Serdana YPJ&#8217;\u00ea Kir"},"content":{"rendered":"<p>&nbsp;<\/p>\n<p>Yek\u00eeney\u00ean me y\u00ean jin YPJ \u00eero \u015fandeya \u015eengal\u00ea ya ku ev \u00e7end roje li her\u00eama me r\u00eazeciv\u00een \u00fb hevd\u00eetinan p\u00eak t\u00eene, p\u00ea\u015fwaz\u00ee kir. Di hevd\u00eetin\u00ea de herd\u00fb jin\u00ean \u00caz\u00eed\u00ee y\u00ean ku ev demeke ji aliy\u00ea h\u00eaz\u00ean me ve hatine xilas kirin, Tawaf \u00fb Ez\u00eeze j\u00ee amade b\u00fbn.<\/p>\n<p>Endam\u00ea mecl\u00eesa r\u00eaveberiya xweser a \u015eengal\u00ea \u00fb endam\u00ea desteya E\u015f\u00eeran Se\u00eed Milhim Hemo bi taybet ji bo xilas kirina jin\u00ean \u00caz\u00eed\u00ee spasiya YPJ kir \u00fb an\u00ee ziman ku ew minetdar\u00ea keda \u015fervan\u00ean YPJ-YPG ne.<\/p>\n<p>Berdevka YPJ Ruksen Mihemed an\u00ee ziman ku w\u00ea t\u00eako\u015f\u00eena me ji bo xilas kirina jin\u00ean \u00caz\u00eed\u00ee dewam bike \u00fb ji bo em karibin p\u00ea\u015f\u00ee li ferman\u00ean n\u00fb bigrin, div\u00ea stat\u00fbya \u015eengal\u00ea ya xweser were nas kirin.<\/p>\n<p>Endam\u00ea desteya e\u015f\u00eeran a \u015eengal\u00ea Dex\u00eel M\u00fbrad A\u015f\u00fbr j\u00ee minetdariya xwe an\u00ee ziman \u00fb wiha got: \u201c\u00cero \u00e7iqas zehmete heger ke\u00e7eke \u00caz\u00eed\u00ee pi\u015ft\u00ee 10 salan t\u00ea xilas kirin \u00fb dib\u00eaje ez ziman\u00ea xwe nizanim. Ji bo w\u00ea j\u00ee heger beriya 100 sal\u00ee ev fikr\u00ea R\u00eaber APO heba, mey\u00ea zaniba \u00e7awa xwe bipar\u00eazin. L\u00ea her \u00e7end\u00ee me \u00ea\u015f \u00fb bedel\u00ean giran dan l\u00ea em \u00eero ji her dem\u00ea b\u00eahtir bi h\u00eazin. Em xwed\u00ee pergala r\u00eaveberiy\u00ea \u00fb h\u00eaza parastin\u00ea ne. B\u00eaguman ev j\u00ee bi saya R\u00eaber APO, bi saya ger\u00eela \u00fb \u015fervan\u00ean YPJ-YPG p\u00eak hat\u201d.<\/p>\n<p>Her wiha herd\u00fb jin\u00ean \u00caz\u00eed\u00ee Tawaf \u00fb Ez\u00eeza j\u00ee dil\u015fadiya xwe an\u00een ziman \u00fb gotin em\u00ea tu car\u00ee ji b\u00eer nekin ka \u00e7i bi ser\u00ea me hat \u00fb em\u00ea ti car\u00ee ji b\u00eer nekin ka \u00e7awa p\u00ea\u015fmergey\u00ean PDK em r\u00fb bi r\u00fby\u00ea DA\u00ce\u015e re hi\u015ftin \u00fb reviyan.<\/p>\n<div class=\"youtube-embed\" data-video_id=\"1qnei1jM-20\"><iframe loading=\"lazy\" title=\"\u015eandeya \u015eengal\u00ea Serdana YPJ&#039;\u00ea Kir\" width=\"696\" height=\"392\" src=\"https:\/\/www.youtube.com\/embed\/1qnei1jM-20?feature=oembed&#038;enablejsapi=1\" frameborder=\"0\" allow=\"accelerometer; autoplay; clipboard-write; encrypted-media; gyroscope; picture-in-picture; web-share\" referrerpolicy=\"strict-origin-when-cross-origin\" allowfullscreen><\/iframe><\/div>\n<p><strong>Navenda Ragihandina YPJ&#8217;\u00ea<\/strong><\/p>\n<p><strong>06-08-2024<\/strong><\/p>\n","protected":false},"excerpt":{"rendered":"<p>&nbsp; Yek\u00eeney\u00ean me y\u00ean jin YPJ \u00eero \u015fandeya \u015eengal\u00ea ya ku ev \u00e7end roje li her\u00eama me r\u00eazeciv\u00een \u00fb hevd\u00eetinan p\u00eak t\u00eene, p\u00ea\u015fwaz\u00ee kir. Di hevd\u00eetin\u00ea de herd\u00fb jin\u00ean \u00caz\u00eed\u00ee y\u00ean ku ev demeke ji aliy\u00ea h\u00eaz\u00ean me ve hatine xilas kirin, Tawaf \u00fb Ez\u00eeze j\u00ee amade b\u00fbn. Endam\u00ea mecl\u00eesa r\u00eaveberiya xweser a \u015eengal\u00ea \u00fb [&hellip;]<\/p>\n","protected":false},"author":1,"featured_media":18354,"comment_status":"open","ping_status":"closed","sticky":false,"template":"","format":"standard","meta":{"footnotes":""},"categories":[39,38],"tags":[],"class_list":{"0":"post-18352","1":"post","2":"type-post","3":"status-publish","4":"format-standard","5":"has-post-thumbnail","7":"category-daxuyani","8":"category-nuce"},"_links":{"self":[{"href":"https:\/\/ypjrojava.net\/index.php?rest_route=\/wp\/v2\/posts\/18352","targetHints":{"allow":["GET"]}}],"collection":[{"href":"https:\/\/ypjrojava.net\/index.php?rest_route=\/wp\/v2\/posts"}],"about":[{"href":"https:\/\/ypjrojava.net\/index.php?rest_route=\/wp\/v2\/types\/post"}],"author":[{"embeddable":true,"href":"https:\/\/ypjrojava.net\/index.php?rest_route=\/wp\/v2\/users\/1"}],"replies":[{"embeddable":true,"href":"https:\/\/ypjrojava.net\/index.php?rest_route=%2Fwp%2Fv2%2Fcomments&post=18352"}],"version-history":[{"count":4,"href":"https:\/\/ypjrojava.net\/index.php?rest_route=\/wp\/v2\/posts\/18352\/revisions"}],"predecessor-version":[{"id":18357,"href":"https:\/\/ypjrojava.net\/index.php?rest_route=\/wp\/v2\/posts\/18352\/revisions\/18357"}],"wp:featuredmedia":[{"embeddable":true,"href":"https:\/\/ypjrojava.net\/index.php?rest_route=\/wp\/v2\/media\/18354"}],"wp:attachment":[{"href":"https:\/\/ypjrojava.net\/index.php?rest_route=%2Fwp%2Fv2%2Fmedia&parent=18352"}],"wp:term":[{"taxonomy":"category","embeddable":true,"href":"https:\/\/ypjrojava.net\/index.php?rest_route=%2Fwp%2Fv2%2Fcategories&post=18352"},{"taxonomy":"post_tag","embeddable":true,"href":"https:\/\/ypjrojava.net\/index.php?rest_route=%2Fwp%2Fv2%2Ftags&post=18352"}],"curies":[{"name":"wp","href":"https:\/\/api.w.org\/{rel}","templated":true}]}}