{"id":18371,"date":"2024-08-22T22:31:48","date_gmt":"2024-08-22T21:31:48","guid":{"rendered":"https:\/\/ypjrojava.net\/?p=18371"},"modified":"2024-08-22T22:31:48","modified_gmt":"2024-08-22T21:31:48","slug":"ji-bo-malbaten-sehidan-li-tabqa-civinek-hate-li-darxistin","status":"publish","type":"post","link":"https:\/\/ypjrojava.net\/?p=18371","title":{"rendered":"Ji Bo Malbat\u00ean \u015eeh\u00eedan Li Tabqa Civ\u00eenek Hate Li Darxistin"},"content":{"rendered":"<p>&nbsp;<\/p>\n<p>Li bajar\u00ea Tebqay\u00ea ji bo malbat\u00ean \u015feh\u00eedan civ\u00eenek hate lidarxistin. Di civ\u00een\u00ea de li ser rew\u015fa siyas\u00ee, aloziy\u00ean li h\u00earem\u00ea \u00fb gelek mijar\u00ean cuda hatin n\u00eeqa\u015f kirin . Malbat\u00ean \u015feh\u00eedan y\u00ean ku di c\u00eev\u00een\u00ea de amade b\u00fbn, di derbar\u00ea hindek mijaran de n\u00ear\u00een, p\u00ea\u015fniyar \u00fb fikar\u00ean xwe an\u00een ziman. Di civ\u00een\u00ea de malbat\u00ean \u015feh\u00eedan, Fermandara YPJ&#8217;\u00ea Zinar\u00een Qami\u015flo, n\u00fbner\u00ean R\u00eaveberiya Xweser, Endama Konseya Hevserokatiya PYD&#8217;\u00ea Foza Y\u00fbsif \u00fb \u00a0R\u00eaveber\u00ean Her\u00eama Firat\u00ea amede b\u00fbn.<\/p>\n<p>Civ\u00een ji bo b\u00eeran\u00eena \u015feh\u00eedan bi deq\u00eeqeyek r\u00eazgirtina dest p\u00ea kir \u00fb pi\u015ftre Endama Konseya Hevserokatiya PYD&#8217;\u00ea Foza Y\u00fbsif\u00a0 x\u00earhatina hem\u00fb malbat \u00fb zarok\u00ean \u015feh\u00eed\u00ean kir \u00fb di derbar\u00ea rew\u015fa her\u00eam\u00ea de wiha nirxandin kir: &#8220;Di dem\u00ean daw\u00ee de armanca z\u00eadekirina \u00ear\u00ee\u015f \u00fb pev\u00e7\u00fbn\u00ean li ser her\u00eam\u00ea ji bo tirs\u00ea xistina dil\u00ea gel\u00ea me ye. Bi v\u00ea yeke Dewleta Tirk ya fa\u015fist hewil did\u00ea r\u00fbp\u00fb\u015fa xweya re\u015f, kiryar \u00fb s\u00fbc\u00ean xwe li pi\u015ft r\u00fby\u00ean \u00e7\u00fbda ve\u015f\u00ear e. Her weha ji bo ku karib\u00ea van kiryar\u00ean xwe y\u00ean hov ku xwe disp\u00earin l\u00eeberal\u00eezmeke dogma berdewam bikin, ser\u00ee li van r\u00eabazan dide.<\/p>\n<p>Foza Yusif hev girtin \u00fb yek\u00eetiya gelan bi van gotina \u00eefade kir: &#8220;Tev\u00ee hem\u00fb hewldan\u00ean ji hev durxistin\u00ea,\u00a0 sekna gel ya gel\u00a0 H\u00eaz\u00ean S\u00fbriya Demokrat\u00eek (QSD) derbeyeke her\u00ee giran li fa\u015f\u00eezma dewleta Tirk xist. Di her \u00ear\u00ee\u015fek\u00ea de wisa dihizir\u00ea ku ew\u00ea bi ser bikev\u00ea l\u00ea wek\u00ee ku t\u00ea d\u00eetin her car\u00ea j\u00ee ev \u00ear\u00ee\u015f bi binketinan ve bi\u00a0 encam dibin. Di p\u00eavajoya ku \u015fer\u00ea c\u00eehan\u00ea y\u00ea s\u00eayem bi hem\u00fb germahiya xwe bi r\u00eave di\u00e7\u00ea de, yek\u00eetiya gel\u00ea me ji bo me pir gir\u00eenge \u00fb n\u00ee\u015faneya serkeftina me ya ku xwe li ser esasek\u00ee sosyalist \u00fb insan\u00ee avadike, n\u00ee\u015fan dide. Ew\u00ea bi yek\u00eetiya gel\u00ea me ya di her \u015fert \u00fb merc\u00ee de, civaka me ji tevah\u00ee aloz\u00ee \u00fb \u00ear\u00ee\u015f\u00ean hov y\u00ean ku li ser me p\u00eak t\u00ean bipar\u00eaze. D\u00eesa em\u00ea tola her\u00eekandina her dilopeke xw\u00eena \u015feh\u00eed\u00ean xwe ya \u00a0ku her tim bi rih \u00fb can\u00ea xwe r\u00eaya me ron\u00ee dikin, ji neyaran bist\u00eenin.&#8221;<\/p>\n<p>Pi\u015ftre ji Fermandar\u00ean YPJ&#8217;\u00ea a Her\u00eama Firat\u00ea Zinar\u00een Qami\u015flo ji bo be\u015fdarb\u00fbna malbat\u00ean \u015feh\u00eedan spas\u00ee kir \u00fb x\u00earhatina wan kir. &#8220;Em di \u015fer\u00ea c\u00eehan\u00ea y\u00ea s\u00eayem de ne \u00fb rew\u015fa siyas\u00ee ber bi gurb\u00fbn\u00ea ve di\u00e7e. Dijmin ji her al\u00ee ve dest bi \u00ear\u00ee\u015fan dike \u00fb nakokiyan di navbera p\u00eakhateyan de \u00e7\u00eadike. Weke ku me di v\u00ea dawiy\u00ea de j\u00ee d\u00eet, nakokiyan di navbera e\u015f\u00eeran \u00fb gel\u00ea S\u00fbriy\u00ea de derxist. Ev hewldan\u00ean nakokiy\u00ea ji aliy\u00ea rej\u00eema S\u00fbriy\u00ea ve t\u00ean kirin, ji bo avakirina art\u00ea\u015feke n\u00fb ya bi nav\u00ea Art\u00ea\u015fa E\u015f\u00eeran e. Tev\u00ee van hem\u00fb \u00ear\u00ee\u015fan \u00fb rew\u015fa aloziyan j\u00ee yekr\u00eaziya gel\u00ea me \u00fb nepejirandina \u00ear\u00ee\u015fan \u00fb hevgirtina wan bi H\u00eaz\u00ean S\u00fbriya Demokrat\u00eek re, derbeke giran li Tirkiy\u00ea xist \u00fb h\u00eaz\u00ean aramiya her\u00eam\u00ea xirab dikin xist. Fa\u015f\u00eezma Tirk ji bo kiryar\u00ean hovane y\u00ean li dij\u00ee van gel\u00ean bindest ve\u015f\u00eare bike, dikeve nava van hewldanan. Di heman dem\u00ea tecr\u00eeda li ser R\u00eaber Apo j\u00ee binp\u00eakirina hiq\u00fbqa navnetewey\u00ee ye \u00fb dij\u00ee mirovahiy\u00ea y\u00ea. Tecr\u00eedeke ewqas dem dir\u00eaj li ser tu R\u00eaber\u00ea c\u00eehan\u00ea nahetiye me\u015fandin.&#8221;<\/p>\n<p>Di dawiya civ\u00een\u00ea de malbat\u00ean \u015feh\u00eedan dilsoziya xwe an\u00een ziman \u00fb gotin: &#8220;Em \u00ea bibin herdem li gel h\u00eaz\u00ean xwe y\u00ean parastin\u00ea QSD,YPJ \u00fb YPG&#8217;\u00ea bin. Em \u00ea li ser \u015fopa \u015feh\u00eed\u00ean xwe y\u00ean bi r\u00fbmet bin ku bi xw\u00eena xwe ev ax avdan. Me\u015felaya azadiya ku \u015feh\u00eed\u00ean me p\u00eaxistiye w\u00ea herdem bilind be, ji bo R\u00eaber Apo ji dest\u00ea fa\u015f\u00eezma Tirk \u00fb desthilatdariya w\u00ea xilas bibe em\u00ea fikir \u00fb felsefeya R\u00eaber\u00ea xwe jiyan\u00ee bikin, em\u00ea heta daw\u00ee di r\u00eaya azadiy\u00ea bi israr bin.&#8221;<\/p>\n<p>Civ\u00een bi dir\u00fb\u015fmay\u00ean &#8216;\u015eeh\u00eed Namirin, Bij\u00ee Serok Apo&#8217; bi daw\u00ee b\u00fb.<\/p>\n<p><strong>Navenda Ragihandina YPJ<\/strong><\/p>\n<p><strong>22-08-2024<\/strong><\/p>\n","protected":false},"excerpt":{"rendered":"<p>&nbsp; Li bajar\u00ea Tebqay\u00ea ji bo malbat\u00ean \u015feh\u00eedan civ\u00eenek hate lidarxistin. Di civ\u00een\u00ea de li ser rew\u015fa siyas\u00ee, aloziy\u00ean li h\u00earem\u00ea \u00fb gelek mijar\u00ean cuda hatin n\u00eeqa\u015f kirin . Malbat\u00ean \u015feh\u00eedan y\u00ean ku di c\u00eev\u00een\u00ea de amade b\u00fbn, di derbar\u00ea hindek mijaran de n\u00ear\u00een, p\u00ea\u015fniyar \u00fb fikar\u00ean xwe an\u00een ziman. Di civ\u00een\u00ea de malbat\u00ean \u015feh\u00eedan, [&hellip;]<\/p>\n","protected":false},"author":1,"featured_media":18372,"comment_status":"open","ping_status":"closed","sticky":false,"template":"","format":"standard","meta":{"footnotes":""},"categories":[38],"tags":[],"class_list":{"0":"post-18371","1":"post","2":"type-post","3":"status-publish","4":"format-standard","5":"has-post-thumbnail","7":"category-nuce"},"_links":{"self":[{"href":"https:\/\/ypjrojava.net\/index.php?rest_route=\/wp\/v2\/posts\/18371","targetHints":{"allow":["GET"]}}],"collection":[{"href":"https:\/\/ypjrojava.net\/index.php?rest_route=\/wp\/v2\/posts"}],"about":[{"href":"https:\/\/ypjrojava.net\/index.php?rest_route=\/wp\/v2\/types\/post"}],"author":[{"embeddable":true,"href":"https:\/\/ypjrojava.net\/index.php?rest_route=\/wp\/v2\/users\/1"}],"replies":[{"embeddable":true,"href":"https:\/\/ypjrojava.net\/index.php?rest_route=%2Fwp%2Fv2%2Fcomments&post=18371"}],"version-history":[{"count":1,"href":"https:\/\/ypjrojava.net\/index.php?rest_route=\/wp\/v2\/posts\/18371\/revisions"}],"predecessor-version":[{"id":18373,"href":"https:\/\/ypjrojava.net\/index.php?rest_route=\/wp\/v2\/posts\/18371\/revisions\/18373"}],"wp:featuredmedia":[{"embeddable":true,"href":"https:\/\/ypjrojava.net\/index.php?rest_route=\/wp\/v2\/media\/18372"}],"wp:attachment":[{"href":"https:\/\/ypjrojava.net\/index.php?rest_route=%2Fwp%2Fv2%2Fmedia&parent=18371"}],"wp:term":[{"taxonomy":"category","embeddable":true,"href":"https:\/\/ypjrojava.net\/index.php?rest_route=%2Fwp%2Fv2%2Fcategories&post=18371"},{"taxonomy":"post_tag","embeddable":true,"href":"https:\/\/ypjrojava.net\/index.php?rest_route=%2Fwp%2Fv2%2Ftags&post=18371"}],"curies":[{"name":"wp","href":"https:\/\/api.w.org\/{rel}","templated":true}]}}