{"id":18374,"date":"2024-08-25T07:50:43","date_gmt":"2024-08-25T06:50:43","guid":{"rendered":"https:\/\/ypjrojava.net\/?p=18374"},"modified":"2024-08-25T07:58:39","modified_gmt":"2024-08-25T06:58:39","slug":"gulistan-u-hero-bun-denge-heqiqeta-gele-xwe","status":"publish","type":"post","link":"https:\/\/ypjrojava.net\/?p=18374","title":{"rendered":"Gul\u00eestan \u00fb H\u00earo B\u00fbn Deng\u00ea Heq\u00eeqeta Gel\u00ea Xwe"},"content":{"rendered":"<p>&nbsp;<\/p>\n<p>\u00car\u00ee\u015fa dewleta Tirk a fa\u015f\u00eest ya li ser Rojnamevan\u00ean jin Gul\u00eestan Tara \u00fb H\u00earo Behad\u00een bi armanca plan\u00ean dewleta Tirk a \u00eelhak\u00ea ya li ser Ba\u015f\u00fbr\u00ea Kurdistan\u00ea ve\u015fartin\u00ea, hate p\u00eakan\u00een. H\u00eaz\u00ean h\u00ear\u00eama Kurdistan\u00ea \u00fb Iraq\u00ea li Ba\u015f\u00fbr\u00ea Kurdistan\u00ea ji bo deskeftiy\u00ean Tevgera Azadiya Kurdistan\u00ea tune bikin, li gel dewleta Tirk ya ku beka ya xwe di qirkirina gel\u00ea Kurd \u00fb her\u00eam\u00ea de dib\u00eene, bi konsepteke pir al\u00ee \u00ear\u00ee\u015f\u00ean wiha y\u00ean teror\u00ee \u00fb dijmirov\u00ee p\u00eak t\u00eenin.<\/p>\n<p>Gul\u00eestan \u00fb H\u00earo rastiya \u00ear\u00ee\u015f\u00ean dagirkeriya dewleta Tirk ya li ser Ba\u015f\u00fbr\u00ea Kurdistan\u00ea, h\u00eaz\u00ean \u00eexanetkar \u00fb y\u00ean ku x\u00fblamtiy\u00ea dikin ji n\u00eaz ve di\u015fopandin, bi kamera \u00fb p\u00ean\u00fbsa xwe ragihandin rayagi\u015ft\u00ee. Ji ber v\u00ea yek\u00ea Gul\u00eestan \u00fb H\u00earo di 23\u2019\u00ea Tebax\u00ea li Sileman\u00ea rast\u00ee \u00ear\u00ee\u015fa dewleta Tirk hatin. Gul\u00eestan \u00fb H\u00earo \u00a0tu car rawestan qeb\u00fbl ne dikirin \u00fb berd\u00eal \u00e7idibe bila bibe heb\u00fbna xwe feday\u00ee e\u015fkere kirina heq\u00eeqeta li welat t\u00ea jiy\u00een, kirin. D\u00eeroka \u00e7apemaniya Kurd bi d\u00eeroka teko\u015f\u00eena gel\u00ea Kurd re xwed\u00ee heman d\u00eerok\u00ea ye. Berxwedaniya gel\u00ea Kurd bi saya keda rojanamevan\u00ean \u00a0li ser \u015fopa heq\u00eeqet\u00ea teko\u015f\u00een kirin \u00eero e\u015fkere ye \u00fb d\u00eerok nikare v\u00ea rih\u00ea w\u00earek ya ku serxweb\u00fbn \u00fb azadiy\u00ea de bi israre \u00eenkar bike.<\/p>\n<p>Dewleta Tirk li p\u00ea\u015fiya \u00e7av\u00ea tevah\u00ee c\u00eehan\u00ea bi balafir\u00ean bi \u00e7ek \u00ear\u00ee\u015f\u00ean xwe y\u00ean hovan\u00ea p\u00eak t\u00eene. Dewleta Tirk bi v\u00ea r\u00eabaza dervay\u00ee p\u00eevan\u00ean \u015fer li p\u00ea\u015fiya \u00e7av\u00ea hem\u00fb c\u00eehan\u00ea \u00ear\u00ee\u015f\u00ee p\u00ea\u015feng\u00ean gel, siyasetmedar, akadem\u00eesyen, \u015fervan \u00fb rojnamevanan dike. Dewleta fa\u015f\u00eest \u00fb qirker a Tirk li Rojavay\u00ea Kurdistan\u00ea j\u00ee di sala 2019\u2019an de dema ku \u015fervan \u00fb rojnamevan Dilovan Gever \u00ear\u00ee\u015f\u00ean dagirkeriy\u00ea ya li ser bajar\u00ea Gir\u00ea Sip\u00ee di\u015fopand, bi avayek\u00ee hovane qetil kir. Weke herdem saz\u00ee \u00fb dezgeh\u00ean maf\u00ea mirovan li hember\u00ee van \u00ear\u00ee\u015f\u00ean dewleta Tirk, bedeng in.<\/p>\n<p>P\u00eaw\u00eeste hem\u00fb rayedar \u00fb berpirs\u00ean Her\u00eama Ba\u015f\u00fbr\u00ea Kurdistan\u00ea \u00fb Iraq\u00ea ba\u015f bizanibin ku bi avayek\u00ee e\u015fkere li ser axa Ba\u015f\u00fbr\u00ea Kurdistan\u00ea hevkar\u00ee ji qirkirina gelek\u00ee re t\u00ea kirin. Qetilkirina rojnamevanan t\u00ea wateya b\u00eadeng kirina deng\u00ea heq\u00eeqet \u00ea. P\u00eaw\u00eeste h\u00eaz\u00ean Ba\u015f\u00fbr\u00ea Kurdistan\u00ea \u00fb Iraq\u00ea dest\u00fbr\u00ea nedin ku dewleta Tirk li ser axa wan, \u00ear\u00ee\u015f\u00ean namerdane p\u00eak b\u00eene.<\/p>\n<p>Em ji malbat\u00ean h\u00eaja ya Gul\u00eestan Tara \u00fb H\u00earo Behad\u00een re sersaxiy\u00ea dixwazin. Teko\u015f\u00eena ku ragihandina jina azad ji bo e\u015fkere kirina kiryar\u00ean fa\u015f\u00eezma dewleta Tirk ji Gurbeteliyan heta Agir\u00ee Yilmaz, Dilovan Gever, Gul\u00eestan \u00fb H\u00earoyan xwed\u00ee d\u00eerokeke tij\u00ee berxwedane ji ber w\u00ea j\u00ee w\u00ea tu car ser\u00ee netew\u00eenin. Em weke \u015fervan \u00fb rojanmevan\u00ean ku ji bo azadiya gel \u00fb welat\u00ea xwe \u015fer dikin \u00fb berxwedaniy\u00ea radig\u00eeh\u00eenin soza domandin \u00fb bilind kirina teko\u015f\u00eena Gul\u00eestan \u00fb H\u00earoyan didin.<\/p>\n<p><strong>Navenda Ragihandina YPJ\u2019\u00ea <\/strong><\/p>\n<p><strong>25-08-2024<\/strong><\/p>\n<p>&nbsp;<\/p>\n","protected":false},"excerpt":{"rendered":"<p>&nbsp; \u00car\u00ee\u015fa dewleta Tirk a fa\u015f\u00eest ya li ser Rojnamevan\u00ean jin Gul\u00eestan Tara \u00fb H\u00earo Behad\u00een bi armanca plan\u00ean dewleta Tirk a \u00eelhak\u00ea ya li ser Ba\u015f\u00fbr\u00ea Kurdistan\u00ea ve\u015fartin\u00ea, hate p\u00eakan\u00een. H\u00eaz\u00ean h\u00ear\u00eama Kurdistan\u00ea \u00fb Iraq\u00ea li Ba\u015f\u00fbr\u00ea Kurdistan\u00ea ji bo deskeftiy\u00ean Tevgera Azadiya Kurdistan\u00ea tune bikin, li gel dewleta Tirk ya ku beka ya [&hellip;]<\/p>\n","protected":false},"author":1,"featured_media":18375,"comment_status":"open","ping_status":"closed","sticky":false,"template":"","format":"standard","meta":{"footnotes":""},"categories":[38],"tags":[],"class_list":{"0":"post-18374","1":"post","2":"type-post","3":"status-publish","4":"format-standard","5":"has-post-thumbnail","7":"category-nuce"},"_links":{"self":[{"href":"https:\/\/ypjrojava.net\/index.php?rest_route=\/wp\/v2\/posts\/18374","targetHints":{"allow":["GET"]}}],"collection":[{"href":"https:\/\/ypjrojava.net\/index.php?rest_route=\/wp\/v2\/posts"}],"about":[{"href":"https:\/\/ypjrojava.net\/index.php?rest_route=\/wp\/v2\/types\/post"}],"author":[{"embeddable":true,"href":"https:\/\/ypjrojava.net\/index.php?rest_route=\/wp\/v2\/users\/1"}],"replies":[{"embeddable":true,"href":"https:\/\/ypjrojava.net\/index.php?rest_route=%2Fwp%2Fv2%2Fcomments&post=18374"}],"version-history":[{"count":3,"href":"https:\/\/ypjrojava.net\/index.php?rest_route=\/wp\/v2\/posts\/18374\/revisions"}],"predecessor-version":[{"id":18378,"href":"https:\/\/ypjrojava.net\/index.php?rest_route=\/wp\/v2\/posts\/18374\/revisions\/18378"}],"wp:featuredmedia":[{"embeddable":true,"href":"https:\/\/ypjrojava.net\/index.php?rest_route=\/wp\/v2\/media\/18375"}],"wp:attachment":[{"href":"https:\/\/ypjrojava.net\/index.php?rest_route=%2Fwp%2Fv2%2Fmedia&parent=18374"}],"wp:term":[{"taxonomy":"category","embeddable":true,"href":"https:\/\/ypjrojava.net\/index.php?rest_route=%2Fwp%2Fv2%2Fcategories&post=18374"},{"taxonomy":"post_tag","embeddable":true,"href":"https:\/\/ypjrojava.net\/index.php?rest_route=%2Fwp%2Fv2%2Ftags&post=18374"}],"curies":[{"name":"wp","href":"https:\/\/api.w.org\/{rel}","templated":true}]}}