{"id":18443,"date":"2024-10-08T08:56:28","date_gmt":"2024-10-08T07:56:28","guid":{"rendered":"https:\/\/ypjrojava.net\/?p=18443"},"modified":"2024-10-08T08:56:28","modified_gmt":"2024-10-08T07:56:28","slug":"de-komplo-u-dagirkeri-negihije-armanca-xwe","status":"publish","type":"post","link":"https:\/\/ypjrojava.net\/?p=18443","title":{"rendered":"D\u00ea Komplo \u00fb Dagirker\u00ee Negih\u00eeje Armanca Xwe"},"content":{"rendered":"<p>&nbsp;<\/p>\n<p>&nbsp;<\/p>\n<p><strong>Ji Ragihandin \u00fb Raya Gi\u015ft\u00ee re<\/strong><\/p>\n<p>Di 27. salvegera komploya navnetew\u00ee \u00fb 5. Salvegera \u00ear\u00ee\u015f\u00ean dagirkeriy\u00ea y\u00ean li ser Gir\u00easp\u00ee \u00fb Ser\u00eakaniy\u00ea, herwiha peymana li dij\u00ee \u015eengal\u00ea, em komploya b\u00eabext \u00fb dagirkeriy\u00ea bi k\u00een \u00fb nefret \u015fermezar dikin \u00fb didin diyarkirin tucar dest\u00fbr nadin komplo \u00fb dagirker\u00ee bigih\u00eeje armanc\u00ea xwe .<\/p>\n<p>R\u00eabertiya me, gel\u00ea me, jin \u00fb azad\u00eexwaz\u00ean c\u00eehan\u00ea 27 sale ku li beramber\u00ee komploya navnetew\u00ee ya ku bi derxistina R\u00eaber Apo ji axa Rojhilata Nav\u00een destp\u00eakir, bi berxwedaneke b\u00eahempa t\u00eadiko\u015fin. Em di ser\u00ee de hem\u00fb \u015feh\u00eed\u00ean bi dir\u00fb\u015fmeya \u201cKes Nikare Roja Me Tar\u00ee Bike\u201d can\u00ea xwe feda kirin, \u015feh\u00eed\u00ean Berxwedana R\u00fbmet\u00ea \u00fb hem\u00fb \u015feh\u00eed\u00ean \u015fore\u015fa azadiy\u00ea bi minet \u00fb r\u00eazdar\u00ee bi b\u00eer t\u00eenin \u00fb bejna xwe li p\u00ea\u015fber\u00ee b\u00eeran\u00eena wan ditew\u00eenin. Her wiha gel, jin\u00ean t\u00eako\u015fer, r\u00eaheval \u00fb dost\u00ean xwe ku b\u00eanavber li beramber\u00ee komploy\u00ea t\u00eadiko\u015fin, bi daxwaza azadiya f\u00eez\u00eek\u00ee ya R\u00eabert\u00ee di hem\u00fb sahey\u00ean t\u00eako\u015f\u00een\u00ea de ala azadiy\u00ea bilind dikin, bi r\u00eaz \u00fb hezkirin silav dikin.<\/p>\n<p>Ji desp\u00eaka sedsala 20\u2019m\u00een ve h\u00eaz\u00ean fa\u015f\u00eest \u00ean netew-dewlet gel\u00ea Kurd b\u00eanasname, b\u00ead\u00eerok, b\u00ea\u00e7and \u00fb b\u00eaziman hi\u015ftin. Li ser v\u00ea bingeh\u00ea j\u00ee carna bi e\u015fkere, carna j\u00ee bi ve\u015fart\u00ee gelek peyman\u00ean par\u00e7ekirina Kurdistan\u00ea y\u00ean wek Skays Picot, Sewr, Lozan di navbera xwe de mohrkirin \u00fb li ser tunekirina Kurdan li hev kirin. \u00a0Pol\u00eet\u00eekay\u00ean \u00eemha \u00fb qirkirin\u00ea xistin meriyet\u00ea \u00fb ji bo ji tunekirina gel\u00ea Kurd dest bi komkuj\u00ee, komplo, as\u00eem\u00eelasyon, \u015fer\u00ea taybet \u00fb qirkirina \u00e7and\u00ee kirin. Di encama v\u00ea de gel\u00ea Kurd ji maf\u00ea nasname \u00fb heb\u00fbna xwe b\u00eapar ma \u00fb di valahiya heb\u00fbn\u00ea de kete rew\u015fa nasnameya wendab\u00fby\u00ee.<\/p>\n<p>Tevgera Azadiy\u00ea bi r\u00eabertiya R\u00eaber Apo di oxira zind\u00eekirina gelek\u00ee ku xistib\u00fbn j\u00ear beton\u00ea \u00fb binax kirib\u00fbn t\u00eako\u015f\u00eeneke berfireh da destp\u00eakirin. R\u00eabertiya me rew\u015fa giran ya qirkirina li ser gel\u00ea Kurd tehl\u00eel kir. Li beramber\u00ee v\u00ea yek\u00ea j\u00ee \u015fore\u015fa \u015fiyarkirin \u00fb r\u00eaxistinkirin\u00ea da me\u015fandin. Di encama keda R\u00eabert\u00ee ya sal\u00ean dir\u00eaj de heb\u00fbna gel\u00ea \u00eenkarkir\u00ee dubare hate qezenckirin.<\/p>\n<p>R\u00eaber Apo di van 26 sal\u00ean derbasb\u00fby\u00ee de j\u00ee k\u00eal\u00ee bi k\u00eal\u00ee li hember\u00ee rastiya komplo \u00fb \u015fert \u00fb merc\u00ean d\u00eelgirtina \u00cemraliy\u00ea, di asta l\u00fbtkey\u00ea de t\u00eadiko\u015fe, li ber xwe dide, xwe bi h\u00eaztir ava kiriye \u00fb ruxm\u00ee hem\u00fb kiryaran, r\u00eay\u00ean \u00e7areser\u00ee \u00fb a\u015fitiy\u00ea p\u00ea\u015fk\u00ea\u015f dike. R\u00eabertiya me bi v\u00ea sekna xwe ya b\u00eahemta armanca komploy\u00ea de\u015f\u00eefre kiriye, pergala komploger ya sermayedar bi hem\u00fb r\u00fby\u00ean w\u00ea y\u00ean nepen\u00ee derxistiye zaneb\u00fbn\u00ea \u00fb li dij\u00ee w\u00ea t\u00eako\u015f\u00eeneke xurt ya \u00eedeoloj\u00eek, pol\u00eet\u00eek dime\u015f\u00eene.<\/p>\n<p>R\u00eaber Apo di nav \u015fert \u00fb merc\u00ean zehmet y\u00ean gireva \u00cemraliy\u00ea de ku wek \u201c\u00c7ala Mirin\u00ea\u201d binav dike sekneke berxwed\u00ear \u00fb t\u00eako\u015f\u00eener ya b\u00eam\u00eenak raber dike. \u00cemral\u00ee z\u00eevirandiye navenda \u015fer\u00ea bingeh\u00een. Sermayedariy\u00ea hedef dikir ku gelan b\u00eah\u00eav\u00ee, b\u00eay\u00ee \u00eedeoloj\u00ee, b\u00eay\u00ee pergal \u00fb b\u00eay\u00ee parastin bih\u00ealin, ji bo bikaribin wek ker\u00ee bir\u00eave bibin. L\u00ea gel ji felsefeya Apoy\u00ee h\u00eaz \u00fb \u00eelham digirin. Komploy\u00ea hedef dikir ku R\u00eabertiya me ji gel \u00fb Tevgera Azadiy\u00ea qut bike, \u00eezeole bike \u00fb bide jib\u00eer kirin, l\u00ea bel\u00ea R\u00eabertiya me bi sekn \u00fb xeta xwe ya berxwedan\u00ea, hem\u00fb s\u00eenor \u00fb astengiy\u00ean hey\u00ee \u015fikandiye \u00fb xwe gihandiye c\u00eehan\u00ea. Lewma le her der\u00ea gel\u00ean azad\u00eexwaz ji bona azadiya f\u00eez\u00eek\u00ee ya R\u00eaber Apo meydanan tej\u00ee dikin.<\/p>\n<p>Roj bi roj qeyran \u00fb kaosa pergal\u00ee ya ku di avaniy\u00ea de t\u00ea jiy\u00een, girantir dibe. Lewma li beramber\u00ee raman \u00fb perspekt\u00eef\u00ean R\u00eaber Apo y\u00ean \u00e7areseriy\u00ea tengavtir dibin. Ji ber v\u00ea yek\u00ea rew\u015fa girt\u00eeb\u00fbna \u00cemraliy\u00ea qulipandine tecr\u00eedeke giran ku hem\u00fb zagon\u00ean navnetew\u00ee t\u00eane binp\u00eakirin. Ruxm\u00ee hem\u00fb serl\u00eadan\u00ean par\u00eazer, malbat, her wiha \u00e7alakiy\u00ean gel\u00ea Kurd \u00fb dost\u00ean xwe j\u00ee ev 36 mehin ku ti agah\u00ee ji R\u00eaber Apo nay\u00ea girtin. Cezay\u00ean di bin nav\u00ea d\u00ees\u00eepl\u00een\u00ea de li ser R\u00eabertiy\u00ea p\u00eak t\u00eenin. Bi v\u00ea yek\u00ea re dixwazin ku p\u00ea\u015fiya qan\u00fbna Maf\u00ea H\u00eaviy\u00ea bigirin \u00fb di raya gi\u015ft\u00ee de v\u00ea yek\u00ea rewa n\u00ee\u015fan bidin.<\/p>\n<p>H\u00eaz\u00ean hegemon ji bo d\u00eezaynkirina n\u00fb ya her\u00eam\u00ea Projeya Mezin a Rojhilata Nav\u00een xistine dewr\u00ea. \u00cero \u015eer\u00ea C\u00eehan\u00ea y\u00ea S\u00eayem\u00een ku navenda w\u00ea Rojhilata Nav\u00een \u00fb Kurdistan e, bi away\u00ean hovane ku ti zagonan nas nake t\u00ea me\u015fandin.<\/p>\n<p>Wek per\u00e7eyek ji \u015eer\u00ea C\u00eehan\u00ea y\u00ea S\u00eayem\u00een di 9\u2019\u00ea Cotmeha 2019\u2019an de bi er\u00eakirina h\u00eaz\u00ean hegemon y\u00ean sermayedar re dewleta fa\u015f\u00eest ya Tirk \u00ear\u00ee\u015feke hovane li beramber\u00ee Gir\u00easp\u00ee \u00fb Ser\u00eakaniy\u00ea p\u00eak an\u00ee. Li beramber\u00ee van \u00ear\u00ee\u015fan gel\u00ea me \u00fb \u015fervan\u00ean YPJ-YPG bi qehreman\u00ee bedena xwe kirin s\u00eeper \u00fb can\u00ea xwe feda kirin. Herwiha bi sedan ji gel\u00ea me y\u00ea Ereb \u00fb Kurd di encama bombebarana hovane ya rej\u00eema fa\u015f\u00eest ya Tirk \u00fb \u00e7etey\u00ean wan de \u015feh\u00eed b\u00fbn. Li Gir\u00easp\u00ee \u00fb Ser\u00eakaniy\u00ea ku \u00eero di bin dagirkeriy\u00ea de ye, rojane b\u00fbyer\u00ean binp\u00eakirina mafan, tecawuz, revandin \u00fb ku\u015ftin, herwiha guhertina demografya ku su\u00e7\u00ean mirovahiy\u00ea ne, p\u00eak t\u00ean.<\/p>\n<p>Herwiha di 9\u2019\u00ea Cotmeh\u00ea de peymanek ku gel\u00ea me y\u00ea \u015eengal\u00ea dubare bi xeteriy\u00ean qirkirin\u00ea re r\u00fbbir\u00fb dih\u00eale, dervey\u00ee \u00eeradeya gel\u00ea \u00cazid\u00ee hate girtin. Li beramber\u00ee v\u00ea peyman\u00ea, gel\u00ea me y\u00ea \u015eengal\u00ea di ferqa armanc\u00ean ku t\u00eane kirin de ne \u00fb t\u00eako\u015f\u00eena hewce raber dikin.<\/p>\n<p>Em j\u00ee weke h\u00eaz\u00ean YPJ\u2019\u00ea, ji bo ku azadiya f\u00eez\u00eek\u00ee ya R\u00eaber Apo p\u00eak b\u00eenin, daw\u00ee li dagirkeriy\u00ea b\u00eenin \u00fb parastina nirx\u00ean jinan \u00fb gelan li her\u00eam\u00ea misoger bikin, bi parad\u00eegmeya R\u00eaber Apo t\u00eako\u015f\u00eena xwe bi berdewam dime\u015f\u00eenin \u00fb xwed\u00ee w\u00ea soz \u00fb \u00eedeay\u00ea ne ku em serkeftin \u00fb azadiy\u00ea diyar\u00ee gelan bikin. Li ser v\u00ea bingeh\u00ea em dubare berxwedan \u00fb t\u00eako\u015f\u00eena R\u00eaber Apo, \u015fervan\u00ean azadiy\u00ea, gel\u00ean Kurdistan\u00ea \u00fb c\u00eehan\u00ea y\u00ean ji bo azadiy\u00ea silav dikin \u00fb bang li jinan \u00fb gel\u00ean azad\u00eexwaz dikin ku em bi hev re hemleya \u2018Azadiya fiz\u00eek\u00ee ya R\u00eaber Apo\u2019 bi serketin\u00ea tac\u00eedar bikin.<\/p>\n<p><strong>Bimire Komploya Navnetew\u00ee!<\/strong><\/p>\n<p><strong>Bimire Dagirker\u00ee \u00fb Xiyanet!<\/strong><\/p>\n<p><strong>\u015eeh\u00eed Namirin!<\/strong><\/p>\n<p><strong>Bij\u00ee R\u00eaber Apo!<\/strong><\/p>\n<p><strong>\u00a0\u00a0\u00a0\u00a0\u00a0\u00a0\u00a0\u00a0\u00a0\u00a0\u00a0\u00a0\u00a0\u00a0\u00a0\u00a0\u00a0\u00a0\u00a0\u00a0\u00a0\u00a0\u00a0\u00a0\u00a0\u00a0\u00a0\u00a0\u00a0\u00a0\u00a0\u00a0\u00a0\u00a0\u00a0\u00a0\u00a0\u00a0\u00a0\u00a0\u00a0\u00a0\u00a0\u00a0\u00a0\u00a0\u00a0\u00a0\u00a0\u00a0\u00a0\u00a0\u00a0\u00a0\u00a0\u00a0\u00a0\u00a0\u00a0\u00a0\u00a0\u00a0\u00a0\u00a0\u00a0\u00a0\u00a0\u00a0\u00a0\u00a0\u00a0\u00a0\u00a0\u00a0\u00a0\u00a0\u00a0\u00a0\u00a0\u00a0\u00a0\u00a0\u00a0\u00a0\u00a0\u00a0\u00a0 Fermandariya Gi\u015ft\u00ee ya YPJ\u2019\u00ea<\/strong><\/p>\n<p><strong>\u00a0\u00a0\u00a0\u00a0\u00a0\u00a0\u00a0\u00a0\u00a0\u00a0\u00a0\u00a0\u00a0\u00a0\u00a0\u00a0\u00a0\u00a0\u00a0\u00a0\u00a0\u00a0\u00a0\u00a0\u00a0\u00a0\u00a0\u00a0\u00a0\u00a0\u00a0\u00a0\u00a0\u00a0\u00a0\u00a0\u00a0\u00a0\u00a0\u00a0\u00a0\u00a0\u00a0\u00a0\u00a0\u00a0\u00a0\u00a0\u00a0\u00a0\u00a0\u00a0\u00a0\u00a0\u00a0\u00a0\u00a0\u00a0\u00a0\u00a0\u00a0\u00a0\u00a0\u00a0\u00a0\u00a0\u00a0\u00a0\u00a0\u00a0\u00a0\u00a0\u00a0\u00a0\u00a0\u00a0\u00a0\u00a0\u00a0\u00a0\u00a0\u00a0\u00a0\u00a0\u00a0\u00a0\u00a0\u00a0\u00a0\u00a0 \u00a0\u00a0\u00a0\u00a0\u00a0\u00a0\u00a0\u00a0\u00a0\u00a0\u00a0\u00a0\u00a0\u00a0\u00a0\u00a0\u00a02024-10-08<\/strong><\/p>\n<p>&nbsp;<\/p>\n<p>&nbsp;<\/p>\n<p>&nbsp;<\/p>\n","protected":false},"excerpt":{"rendered":"<p>&nbsp; &nbsp; Ji Ragihandin \u00fb Raya Gi\u015ft\u00ee re Di 27. salvegera komploya navnetew\u00ee \u00fb 5. Salvegera \u00ear\u00ee\u015f\u00ean dagirkeriy\u00ea y\u00ean li ser Gir\u00easp\u00ee \u00fb Ser\u00eakaniy\u00ea, herwiha peymana li dij\u00ee \u015eengal\u00ea, em komploya b\u00eabext \u00fb dagirkeriy\u00ea bi k\u00een \u00fb nefret \u015fermezar dikin \u00fb didin diyarkirin tucar dest\u00fbr nadin komplo \u00fb dagirker\u00ee bigih\u00eeje armanc\u00ea xwe . R\u00eabertiya me, [&hellip;]<\/p>\n","protected":false},"author":1,"featured_media":18348,"comment_status":"open","ping_status":"closed","sticky":false,"template":"","format":"standard","meta":{"footnotes":""},"categories":[39],"tags":[],"class_list":{"0":"post-18443","1":"post","2":"type-post","3":"status-publish","4":"format-standard","5":"has-post-thumbnail","7":"category-daxuyani"},"_links":{"self":[{"href":"https:\/\/ypjrojava.net\/index.php?rest_route=\/wp\/v2\/posts\/18443","targetHints":{"allow":["GET"]}}],"collection":[{"href":"https:\/\/ypjrojava.net\/index.php?rest_route=\/wp\/v2\/posts"}],"about":[{"href":"https:\/\/ypjrojava.net\/index.php?rest_route=\/wp\/v2\/types\/post"}],"author":[{"embeddable":true,"href":"https:\/\/ypjrojava.net\/index.php?rest_route=\/wp\/v2\/users\/1"}],"replies":[{"embeddable":true,"href":"https:\/\/ypjrojava.net\/index.php?rest_route=%2Fwp%2Fv2%2Fcomments&post=18443"}],"version-history":[{"count":1,"href":"https:\/\/ypjrojava.net\/index.php?rest_route=\/wp\/v2\/posts\/18443\/revisions"}],"predecessor-version":[{"id":18444,"href":"https:\/\/ypjrojava.net\/index.php?rest_route=\/wp\/v2\/posts\/18443\/revisions\/18444"}],"wp:featuredmedia":[{"embeddable":true,"href":"https:\/\/ypjrojava.net\/index.php?rest_route=\/wp\/v2\/media\/18348"}],"wp:attachment":[{"href":"https:\/\/ypjrojava.net\/index.php?rest_route=%2Fwp%2Fv2%2Fmedia&parent=18443"}],"wp:term":[{"taxonomy":"category","embeddable":true,"href":"https:\/\/ypjrojava.net\/index.php?rest_route=%2Fwp%2Fv2%2Fcategories&post=18443"},{"taxonomy":"post_tag","embeddable":true,"href":"https:\/\/ypjrojava.net\/index.php?rest_route=%2Fwp%2Fv2%2Ftags&post=18443"}],"curies":[{"name":"wp","href":"https:\/\/api.w.org\/{rel}","templated":true}]}}