{"id":18468,"date":"2024-10-20T13:42:55","date_gmt":"2024-10-20T12:42:55","guid":{"rendered":"https:\/\/ypjrojava.net\/?p=18468"},"modified":"2024-10-20T14:09:31","modified_gmt":"2024-10-20T13:09:31","slug":"ez-weke-servaneke-ypje-parastina-welat-gel-u-jinan-erka-sereke-dibinim","status":"publish","type":"post","link":"https:\/\/ypjrojava.net\/?p=18468","title":{"rendered":"\u201cEz Weke \u015eervaneke YPJ\u2019\u00ea Parastina Welat, Gel \u00fb Jinan Erka Sereke Dib\u00eenim&#8221;"},"content":{"rendered":"<p>&nbsp;<\/p>\n<div style=\"width: 696px;\" class=\"wp-video\"><video class=\"wp-video-shortcode\" id=\"video-18468-1\" width=\"696\" height=\"350\" preload=\"metadata\" controls=\"controls\"><source type=\"video\/mp4\" src=\"https:\/\/ypjrojava.net\/wp-content\/uploads\/2024\/10\/Bi-Logo.mp4?_=1\" \/><a href=\"https:\/\/ypjrojava.net\/wp-content\/uploads\/2024\/10\/Bi-Logo.mp4\">https:\/\/ypjrojava.net\/wp-content\/uploads\/2024\/10\/Bi-Logo.mp4<\/a><\/video><\/div>\n<p><strong><span style=\"vertical-align: inherit;\"><span style=\"vertical-align: inherit;\">\u015eervana YPJ&#8217;\u00ea Perw\u00een Heleb ya akademi \u015fervan\u00ean n\u00fb Ya \u015eeh\u00eed Rojda Minbic de perwerde dib\u00eene, avakiriye nirxand&#8217;\u0131n xwe&#8217;sinde guhertin\u00ean.<\/span><\/span><\/strong><\/p>\n<p><span style=\"vertical-align: inherit;\"><span style=\"vertical-align: inherit;\">\u015eervana YPJ&#8217;\u00ea Perw\u00een Heleb di dewreya \u015eeh\u00eed N\u00fbcan \u00d6calan ya Akademiya \u015e.Rojda Minbic de perwerdeya \u015fervan\u00ean n\u00fb dib\u00eene, di derbar\u00ea perwerdey\u00ea de n\u00ear\u00een\u00ean xwe bi me re parve dike: &#8220;Ti\u015fta ku hi\u015ft ez bi v\u00een\u00fb hizra xwe ve tevl\u00ee nava ref\u00ean YPJ &#8216; bibim, ew b\u00fb ku bikaribim weke jineke Ereb h\u00eaz, heb\u00fbn \u00fb n\u00ear\u00een\u00ean xwe \u00eefade bikim. Me di ve akademiy\u00ea de gelek perwerde d\u00eetin; soza min j\u00ee ewe ku bi r\u00eaka van perwerdeyan bibim jineke xwed\u00ee h\u00eaz \u00fb v\u00een, da ku. bikaribim parastina xwe \u00fb tevah\u00ee jinan bikim. Her wiha li beramber\u00ee dijmin\u00ea ku dixwaze riya t\u00eako\u015f\u00eena \u015fore\u015fa me xrab bike bi hem\u00fb h\u00eaza xwe ya fikr\u00ee \u00fb f\u00eez\u00eek\u00ee ve \u015fer bikim \u00fb w\u00ea dest\u00fbr\u00ea nedim\u00ea. Ez weke jin parastina welat, gel \u00fb jinan ya ji dagirker\u00ee \u00fb koletiy\u00ea ji xwe re erkeke sereke dibin\u00eem&#8221;.<\/span><\/span><\/p>\n<p><span style=\"vertical-align: inherit;\"><span style=\"vertical-align: inherit;\">Perw\u00een Heleb di nava axaftina xwe de v\u00ea hi\u015fyariy\u00ea li jinan dike: &#8220;Ji bona ku em bibin xwed\u00ee v\u00eeneke azad \u00fb maf\u00ea jiy\u00een \u00fb n\u00ear\u00eenday\u00een\u00ea, R\u00eaber APO riya azad\u00ee \u00fb t\u00eako\u015f\u00een\u00ea n\u00ee\u015fan\u00ee me daye. Lewma p\u00eaw\u00eeste ku her jinek xwed\u00ee li ve yek\u00ea derkeve, bi r\u00eaka xwendina pirt\u00fbk\u00ean R\u00eabert\u00ee xwe ava bike \u00fb p\u00ea\u015f bixe, gelek mijar\u00ean ku di nava civak \u00fb e\u015f\u00eeran de li ser me dihatin ferz kirin, me ditepis\u00eenin \u00fb ji heb\u00fbn\u00ea d\u00fbr dikin, hene. ji ve yek\u00ea rizgar bikim, ez tevl\u00ee nava ref\u00ean YPJ&#8217;\u00ea b\u00fbm. Yek\u00eeney\u00ean Parastina Jin em bi xwe ne, lewma p\u00eaw\u00eeste em neh\u00ealin ku ti sepandin li ser me jinan werin p\u00eakan\u00een&#8221;.<\/span><\/span><\/p>\n<p><span style=\"vertical-align: inherit;\"><span style=\"vertical-align: inherit;\">\u015eervana YPJ&#8217;\u00ea di dawiya axaftina xwe de ji r\u00eaheval\u00ean xwe re serkeftin\u00ea dixwaze \u00fb dide diyarkirin ku &#8220;Yekb\u00fbna me ya di v\u00ea riy\u00ea de w\u00ea azadiy\u00ea misoger bike&#8221;.<\/span><\/span><\/p>\n<p><strong><span style=\"vertical-align: inherit;\"><span style=\"vertical-align: inherit;\">\u00a0Navenda Ragihandina YPJ&#8217;\u00ea<\/span><\/span><\/strong><\/p>\n<p style=\"text-align: left;\"><strong><span style=\"vertical-align: inherit;\"><span style=\"vertical-align: inherit;\">\u00a017.10.2024<\/span><\/span><\/strong><\/p>\n<p>&nbsp;<\/p>\n","protected":false},"excerpt":{"rendered":"<p>&nbsp; \u015eervana YPJ&#8217;\u00ea Perw\u00een Heleb ya akademi \u015fervan\u00ean n\u00fb Ya \u015eeh\u00eed Rojda Minbic de perwerde dib\u00eene, avakiriye nirxand&#8217;\u0131n xwe&#8217;sinde guhertin\u00ean. \u015eervana YPJ&#8217;\u00ea Perw\u00een Heleb di dewreya \u015eeh\u00eed N\u00fbcan \u00d6calan ya Akademiya \u015e.Rojda Minbic de perwerdeya \u015fervan\u00ean n\u00fb dib\u00eene, di derbar\u00ea perwerdey\u00ea de n\u00ear\u00een\u00ean xwe bi me re parve dike: &#8220;Ti\u015fta ku hi\u015ft ez bi v\u00een\u00fb [&hellip;]<\/p>\n","protected":false},"author":1,"featured_media":18471,"comment_status":"open","ping_status":"closed","sticky":false,"template":"","format":"standard","meta":{"footnotes":""},"categories":[38],"tags":[],"class_list":{"0":"post-18468","1":"post","2":"type-post","3":"status-publish","4":"format-standard","5":"has-post-thumbnail","7":"category-nuce"},"_links":{"self":[{"href":"https:\/\/ypjrojava.net\/index.php?rest_route=\/wp\/v2\/posts\/18468","targetHints":{"allow":["GET"]}}],"collection":[{"href":"https:\/\/ypjrojava.net\/index.php?rest_route=\/wp\/v2\/posts"}],"about":[{"href":"https:\/\/ypjrojava.net\/index.php?rest_route=\/wp\/v2\/types\/post"}],"author":[{"embeddable":true,"href":"https:\/\/ypjrojava.net\/index.php?rest_route=\/wp\/v2\/users\/1"}],"replies":[{"embeddable":true,"href":"https:\/\/ypjrojava.net\/index.php?rest_route=%2Fwp%2Fv2%2Fcomments&post=18468"}],"version-history":[{"count":3,"href":"https:\/\/ypjrojava.net\/index.php?rest_route=\/wp\/v2\/posts\/18468\/revisions"}],"predecessor-version":[{"id":18474,"href":"https:\/\/ypjrojava.net\/index.php?rest_route=\/wp\/v2\/posts\/18468\/revisions\/18474"}],"wp:featuredmedia":[{"embeddable":true,"href":"https:\/\/ypjrojava.net\/index.php?rest_route=\/wp\/v2\/media\/18471"}],"wp:attachment":[{"href":"https:\/\/ypjrojava.net\/index.php?rest_route=%2Fwp%2Fv2%2Fmedia&parent=18468"}],"wp:term":[{"taxonomy":"category","embeddable":true,"href":"https:\/\/ypjrojava.net\/index.php?rest_route=%2Fwp%2Fv2%2Fcategories&post=18468"},{"taxonomy":"post_tag","embeddable":true,"href":"https:\/\/ypjrojava.net\/index.php?rest_route=%2Fwp%2Fv2%2Ftags&post=18468"}],"curies":[{"name":"wp","href":"https:\/\/api.w.org\/{rel}","templated":true}]}}