{"id":18476,"date":"2024-10-23T08:33:16","date_gmt":"2024-10-23T07:33:16","guid":{"rendered":"https:\/\/ypjrojava.net\/?p=18476"},"modified":"2024-10-23T08:33:16","modified_gmt":"2024-10-23T07:33:16","slug":"dewreya-sehid-nucan-ocelan-bi-serketi-dawi-bu","status":"publish","type":"post","link":"https:\/\/ypjrojava.net\/?p=18476","title":{"rendered":"Dewreya \u015eeh\u00eed N\u00fbcan Ocelan Bi Serket\u00ee Daw\u00ee B\u00fb"},"content":{"rendered":"<p>&nbsp;<\/p>\n<p><iframe loading=\"lazy\" title=\"\u062a\u062e\u0631\u064a\u062c \u0623\u0643\u0627\u062f\u064a\u0645\u064a\u0629 \u0627\u0644\u0634\u0647\u064a\u062f\u0629 \u0631\u0648\u062c\u062f\u0627 \u0645\u0646\u0628\u062c \u062f\u0648\u0631\u0629 \u0627\u0644\u0634\u0647\u064a\u062f\u0629 \u0646\u0648\u062c\u0627\u0646 \u0623\u0648\u062c\u0644\u0627\u0646\" width=\"696\" height=\"392\" src=\"https:\/\/www.youtube.com\/embed\/JpvdZoTu8cg?feature=oembed\" frameborder=\"0\" allow=\"accelerometer; autoplay; clipboard-write; encrypted-media; gyroscope; picture-in-picture; web-share\" referrerpolicy=\"strict-origin-when-cross-origin\" allowfullscreen><\/iframe><\/p>\n<p>Akademiya \u015eeh\u00eed Rojda Minbic, dewreya \u015eeh\u00eed N\u00fbcan Ocalan bi be\u015fdariya 13 \u015fervan\u00ean Yek\u00eeney\u00ean Parastina Jin \u00a0(YPJ) bi meras\u00eemeke le\u015fker\u00ee bi awayeke serket\u00ee bi encam b\u00fb.<\/p>\n<p>Di dewreya \u015eeh\u00eed N\u00fbcan Ocalan ku 45 rojan dewam kir de \u015fervan\u00ean YPJ\u2019\u00ea ders\u00ean \u00eedeoloj\u00eek, siyas\u00ee \u00fb le\u015fker\u00ee d\u00eetin. Di dewrey\u00ea de li k\u00ealeka ders\u00ean le\u015fker\u00ee \u00fb parastin\u00ea, herwiha \u00eedeolojiya azadiy\u00ea jin\u00ea, p\u00eevan \u00fb r\u00eagez\u00ean \u015fore\u015fgeriy\u00ea \u00fb erk\u00ean \u015fervan\u00ean YPJ bi berfireh\u00ee hate d\u00eetin.<\/p>\n<p>Dewreya \u015eeh\u00eed N\u00fbcan Ocalan bi meras\u00eemeke le\u015fker\u00ee hate daw\u00eekirin. Di meras\u00eem\u00ea de fermandar \u00fb \u015fervan\u00ean YPJ \u00fb QSD, endam\u00ean Mecl\u00ees\u00ean Le\u015fker\u00ee y\u00ean Reqa, Tebqa \u00fb Eyn \u00cesa amade b\u00fbn.<\/p>\n<p>Meras\u00eema le\u015fker\u00ee ya daw\u00eekirina dewreya \u015eeh\u00eed N\u00fbcan Ocalan bi deq\u00eeqeyek\u00ea r\u00eazgirtin ji bo \u015feh\u00eedan destp\u00ea kir. Pi\u015ftre ji aliy\u00ea fermandariya\u00a0 Foc\u00ea Qemer Tebqa mez\u00fbnb\u00fbna \u015fervan\u00ean dewrey\u00ea hate p\u00eerozkirin. Fermandar Qemer diyar kir ku: \u201c\u015eervan\u00ean me ku perwerdeya birdoz\u00ee \u00fb le\u015fker\u00ee d\u00eetin, herwiha hakimiyeta wan li ser \u00e7ek\u00ean ferd\u00ee \u00fb nav\u00een \u00e7\u00eab\u00fb, div\u00ea li ser \u015fopa \u015feh\u00eedan, fikir \u00fb felsefeya R\u00eaber Apo\u00a0 xurtir bime\u015fin.&#8221; Fermandar Qemer Tebqa di dawiya axaftina xwe de bajar\u00ea Reqqa ya ku ji dest\u00ea DAI\u015el\u2019\u00ea hatiye rizgar kirin bib\u00eeran\u00ee \u00fb di berdewamiya t\u00eako\u015f\u00een\u00ea de ji \u015fervan\u00ean ku dewreya xwe bidaw\u00ee kirin re serketin xwest.<\/p>\n<p>Meras\u00eem bi sonda le\u015fker\u00ee ya endam\u00ean dewrey\u00ea, peymana \u015fopandina xeta \u015feh\u00eedan \u00fb li ser r\u00eaya azad\u00ee \u00fb t\u00eako\u015f\u00een\u00ea, parastina hem\u00fb jinan \u00fb\u00a0 teko\u015f\u00eena avakirina ewlehiya gel\u00ea her\u00eam\u00ea bi dir\u00fb\u015fmeya <strong>&#8220;B\u00ea Serok jiyan nabe\u201d<\/strong>,\u00a0 \u201c<strong>Jin, jiyan, azad\u00ee<\/strong>\u201d bi daw\u00ee b\u00fb.<\/p>\n<p>&nbsp;<\/p>\n<p><strong>\u00a0<\/strong><\/p>\n<p><strong>Navenda Ragihandin\u00ea YPJ<\/strong><\/p>\n<p><strong>21.10.2024<\/strong><\/p>\n<p><strong>\u00a0<\/strong><\/p>\n<p><strong>\u00a0<\/strong><\/p>\n","protected":false},"excerpt":{"rendered":"<p>&nbsp; Akademiya \u015eeh\u00eed Rojda Minbic, dewreya \u015eeh\u00eed N\u00fbcan Ocalan bi be\u015fdariya 13 \u015fervan\u00ean Yek\u00eeney\u00ean Parastina Jin \u00a0(YPJ) bi meras\u00eemeke le\u015fker\u00ee bi awayeke serket\u00ee bi encam b\u00fb. Di dewreya \u015eeh\u00eed N\u00fbcan Ocalan ku 45 rojan dewam kir de \u015fervan\u00ean YPJ\u2019\u00ea ders\u00ean \u00eedeoloj\u00eek, siyas\u00ee \u00fb le\u015fker\u00ee d\u00eetin. Di dewrey\u00ea de li k\u00ealeka ders\u00ean le\u015fker\u00ee \u00fb parastin\u00ea, herwiha [&hellip;]<\/p>\n","protected":false},"author":1,"featured_media":18477,"comment_status":"open","ping_status":"closed","sticky":false,"template":"","format":"standard","meta":{"footnotes":""},"categories":[38],"tags":[],"class_list":{"0":"post-18476","1":"post","2":"type-post","3":"status-publish","4":"format-standard","5":"has-post-thumbnail","7":"category-nuce"},"_links":{"self":[{"href":"https:\/\/ypjrojava.net\/index.php?rest_route=\/wp\/v2\/posts\/18476","targetHints":{"allow":["GET"]}}],"collection":[{"href":"https:\/\/ypjrojava.net\/index.php?rest_route=\/wp\/v2\/posts"}],"about":[{"href":"https:\/\/ypjrojava.net\/index.php?rest_route=\/wp\/v2\/types\/post"}],"author":[{"embeddable":true,"href":"https:\/\/ypjrojava.net\/index.php?rest_route=\/wp\/v2\/users\/1"}],"replies":[{"embeddable":true,"href":"https:\/\/ypjrojava.net\/index.php?rest_route=%2Fwp%2Fv2%2Fcomments&post=18476"}],"version-history":[{"count":1,"href":"https:\/\/ypjrojava.net\/index.php?rest_route=\/wp\/v2\/posts\/18476\/revisions"}],"predecessor-version":[{"id":18478,"href":"https:\/\/ypjrojava.net\/index.php?rest_route=\/wp\/v2\/posts\/18476\/revisions\/18478"}],"wp:featuredmedia":[{"embeddable":true,"href":"https:\/\/ypjrojava.net\/index.php?rest_route=\/wp\/v2\/media\/18477"}],"wp:attachment":[{"href":"https:\/\/ypjrojava.net\/index.php?rest_route=%2Fwp%2Fv2%2Fmedia&parent=18476"}],"wp:term":[{"taxonomy":"category","embeddable":true,"href":"https:\/\/ypjrojava.net\/index.php?rest_route=%2Fwp%2Fv2%2Fcategories&post=18476"},{"taxonomy":"post_tag","embeddable":true,"href":"https:\/\/ypjrojava.net\/index.php?rest_route=%2Fwp%2Fv2%2Ftags&post=18476"}],"curies":[{"name":"wp","href":"https:\/\/api.w.org\/{rel}","templated":true}]}}