{"id":18480,"date":"2024-10-27T07:37:38","date_gmt":"2024-10-27T07:37:38","guid":{"rendered":"https:\/\/ypjrojava.net\/?p=18480"},"modified":"2024-10-27T07:54:41","modified_gmt":"2024-10-27T07:54:41","slug":"peyama-fermandariya-ypj-ji-bo-gruba-zapatista-mujeres-la-sexta","status":"publish","type":"post","link":"https:\/\/ypjrojava.net\/?p=18480","title":{"rendered":"Peyama Fermandariya YPJ Ji Bo Gruba Zapat\u00eesta Mujeres La Sexta"},"content":{"rendered":"<p>&nbsp;<\/p>\n<p>Di d\u00eeroka 25.10.2024\u2019an de grub\u00ean li hember\u00ee \u00ear\u00ee\u015fa li ser Zapat\u00eesta \u00fb Rojava ji bo pi\u015ftg\u00eer\u00eeye wek d\u00eeyar\u00ee w\u00eane amadekirin. Bi v\u00ea w\u00eaneya pi\u015ftg\u00eeriya Rojava \u00fb YPJ an\u00een ser z\u00eeman. Li ser v\u00ea bingeh\u00ea YPJ bi bers\u00eevek\u00ee n\u00eev\u00eesk\u00ee daxuyan\u00ee da. Di daxuyan\u00eey\u00ea de ev peyam\u00ean ku hatiy\u00ea pir wate hate d\u00eet\u00een \u00fb spas\u00ee hate kirin.<\/p>\n<p>Grub\u00ean bi nav\u00ea \u201cZapat\u00eesta Mujeres la Sexta(Sexta Grietas del Norte \u00fb ECR)\u201d ku bi armanca hevgirtina bi Rojava, YPJ\u2019\u00ea \u00fb Zapat\u00eesta re di roja 25 Cotmeh\u00ea salvegera art\u00ea\u015fb\u00fbna jin de peyam \u015fandin.<\/p>\n<p>Fermandariya Gi\u015ft\u00ee ya YPJ j\u00ee bi awayek niv\u00eesk\u00ee bersiva peyam\u00ea da \u00fb spasiya xwe an\u00ee ziman<\/p>\n<p><strong>Peyama Fermandariya YPJ wiha ye\u2026<\/strong><\/p>\n<p>Weke Yek\u00eeney\u00ean Parastina Jin YPJ peyama we ya giranbiha \u00fb watedar ku we bi armanca hevgirtin\u00ea \u015fandiye, em bi hest \u00fb hizr\u00ean \u015fore\u015fger\u00ee bi germahiya \u015fore\u015fa Rojava we silav dikin \u00fb em we spas dikin.<\/p>\n<p>T\u00eako\u015f\u00eena azadiya jin\u00ea bi v\u00ee ruh\u00ea hevgirtin\u00ea ji her dem\u00ea z\u00eadetir n\u00eaz\u00ee serkeftin\u00ea ye. T\u00eako\u015f\u00eena hevpar a jinan w\u00ea daw\u00ee li pergal\u00ean fa\u015f\u00eest \u00fb dagirker \u00ean dijmin\u00ean jinan b\u00eene. T\u00eako\u015f\u00eena ger\u00eelay\u00ean azadiy\u00ea ku b\u00fbye h\u00eaviya rizgariya jin \u00fb gelan teqez w\u00ea bigh\u00eaje serkeftin\u00ea. Ti komkuj\u00ee \u00fb \u00ear\u00ee\u015feke fa\u015f\u00eezane w\u00ea nikaribe me ji e\u015fqa azad\u00ee \u00fb armanc\u00ea d\u00fbr bixe. Di v\u00ea watey\u00ea de t\u00eako\u015f\u00een\u00ean ku berd\u00eal\u00ean w\u00ea giranin, nirx\u00ean mezintir bidest dixin.<\/p>\n<p>Bij\u00ee t\u00eako\u015f\u00eena azadiya jin\u00ea<\/p>\n<p>Bij\u00ee ruh\u00ea jinan \u00ea enternasyonal\u00eest<\/p>\n<p>Bij\u00ee berxwedana jin\u00ean Zapat\u00eesta \u00fb YPJ\u2019\u00ea.<\/p>\n<p style=\"text-align: center;\"><strong>\u00a0 \u00a0 \u00a0 \u00a0 \u00a0 \u00a0 \u00a0 \u00a0 \u00a0 \u00a0 \u00a0 \u00a0 \u00a0 \u00a0 \u00a0 \u00a0 \u00a0 \u00a0 \u00a0 \u00a0 \u00a0 \u00a0 \u00a0 \u00a0 \u00a0 \u00a0 \u00a0 \u00a0 \u00a0 Fermandariya Gi\u015ft\u00ee ya YPJ<\/strong><\/p>\n<p style=\"text-align: center;\"><strong>\u00a0 \u00a0 \u00a0 \u00a0 \u00a0 \u00a0 \u00a0 \u00a0 \u00a0 \u00a0 \u00a0 \u00a0 \u00a0 \u00a0 \u00a0 \u00a0 \u00a0 \u00a0 \u00a0 \u00a0 \u00a0 \u00a0 \u00a0 \u00a0 \u00a0 \u00a0 \u00a026 Cotmeh 2024<\/strong><\/p>\n<p style=\"text-align: center;\">\n","protected":false},"excerpt":{"rendered":"<p>&nbsp; Di d\u00eeroka 25.10.2024\u2019an de grub\u00ean li hember\u00ee \u00ear\u00ee\u015fa li ser Zapat\u00eesta \u00fb Rojava ji bo pi\u015ftg\u00eer\u00eeye wek d\u00eeyar\u00ee w\u00eane amadekirin. Bi v\u00ea w\u00eaneya pi\u015ftg\u00eeriya Rojava \u00fb YPJ an\u00een ser z\u00eeman. Li ser v\u00ea bingeh\u00ea YPJ bi bers\u00eevek\u00ee n\u00eev\u00eesk\u00ee daxuyan\u00ee da. Di daxuyan\u00eey\u00ea de ev peyam\u00ean ku hatiy\u00ea pir wate hate d\u00eet\u00een \u00fb spas\u00ee hate [&hellip;]<\/p>\n","protected":false},"author":1,"featured_media":18481,"comment_status":"open","ping_status":"closed","sticky":false,"template":"","format":"standard","meta":{"footnotes":""},"categories":[39],"tags":[],"class_list":{"0":"post-18480","1":"post","2":"type-post","3":"status-publish","4":"format-standard","5":"has-post-thumbnail","7":"category-daxuyani"},"_links":{"self":[{"href":"https:\/\/ypjrojava.net\/index.php?rest_route=\/wp\/v2\/posts\/18480","targetHints":{"allow":["GET"]}}],"collection":[{"href":"https:\/\/ypjrojava.net\/index.php?rest_route=\/wp\/v2\/posts"}],"about":[{"href":"https:\/\/ypjrojava.net\/index.php?rest_route=\/wp\/v2\/types\/post"}],"author":[{"embeddable":true,"href":"https:\/\/ypjrojava.net\/index.php?rest_route=\/wp\/v2\/users\/1"}],"replies":[{"embeddable":true,"href":"https:\/\/ypjrojava.net\/index.php?rest_route=%2Fwp%2Fv2%2Fcomments&post=18480"}],"version-history":[{"count":5,"href":"https:\/\/ypjrojava.net\/index.php?rest_route=\/wp\/v2\/posts\/18480\/revisions"}],"predecessor-version":[{"id":18487,"href":"https:\/\/ypjrojava.net\/index.php?rest_route=\/wp\/v2\/posts\/18480\/revisions\/18487"}],"wp:featuredmedia":[{"embeddable":true,"href":"https:\/\/ypjrojava.net\/index.php?rest_route=\/wp\/v2\/media\/18481"}],"wp:attachment":[{"href":"https:\/\/ypjrojava.net\/index.php?rest_route=%2Fwp%2Fv2%2Fmedia&parent=18480"}],"wp:term":[{"taxonomy":"category","embeddable":true,"href":"https:\/\/ypjrojava.net\/index.php?rest_route=%2Fwp%2Fv2%2Fcategories&post=18480"},{"taxonomy":"post_tag","embeddable":true,"href":"https:\/\/ypjrojava.net\/index.php?rest_route=%2Fwp%2Fv2%2Ftags&post=18480"}],"curies":[{"name":"wp","href":"https:\/\/api.w.org\/{rel}","templated":true}]}}