{"id":18493,"date":"2024-10-28T07:52:22","date_gmt":"2024-10-28T07:52:22","guid":{"rendered":"https:\/\/ypjrojava.net\/?p=18493"},"modified":"2024-10-28T07:52:22","modified_gmt":"2024-10-28T07:52:22","slug":"ypj-li-hemberi-saneyen-daise-rezecalaki-li-darxistin","status":"publish","type":"post","link":"https:\/\/ypjrojava.net\/?p=18493","title":{"rendered":"YPJ Li Hember\u00ee \u015eaney\u00ean DA\u00ce\u015e\u2019\u00ea R\u00eaze\u00e7alak\u00ee Li Darxistin"},"content":{"rendered":"<p><iframe loading=\"lazy\" title=\"Yek\u00eeney\u00ean me y\u00ean Parastina Jin YPJ Li Hember\u00ee \u015eaney\u00ean DA\u00ce\u015e\u2019\u00ea R\u00eaze\u00e7alak\u00ee Li Darxistin\" width=\"696\" height=\"392\" src=\"https:\/\/www.youtube.com\/embed\/B0aox6dFlDA?feature=oembed\" frameborder=\"0\" allow=\"accelerometer; autoplay; clipboard-write; encrypted-media; gyroscope; picture-in-picture; web-share\" referrerpolicy=\"strict-origin-when-cross-origin\" allowfullscreen><\/iframe><\/p>\n<p>Di van roj\u00ean ku her\u00eama me ya Rojava \u00fb bakur-rojhilat\u00ea S\u00fbr\u00ee careke din bi \u00ear\u00ee\u015f\u00ean giran \u00ean dagirkeriya Tirk re r\u00fb bi r\u00fb t\u00ea, \u015faney\u00ean DA\u00ce\u015e\u2019\u00ea hewl didin li dij\u00ee gel\u00ea me \u00ear\u00ee\u015f \u00fb komkujiy\u00ean n\u00fb p\u00eak b\u00eenin. Li ser v\u00ea bingeh\u00ea yek\u00eeney\u00ean me y\u00ean ewlekariya YPJ\u2019\u00ea bi baldar\u00ee n\u00eaz b\u00fbn \u00fb li dij\u00ee du \u015faney\u00ean cuda y\u00ean DA\u00ce\u015e\u2019\u00ea r\u00eaze \u00e7alak\u00ee lidarxistin.<\/p>\n<p>Li ser riya \u015eedad\u00ea-Hesek\u00ea li dij\u00ee \u015faneyeke DA\u00ce\u015e\u2019\u00ea \u00e7alakiyeke serde girtin\u00ea p\u00eak hat \u00fb di encam\u00ea de 2 \u00e7ete hatin girtin \u00fb may\u00eenek hate b\u00ea bandor kirin.<\/p>\n<p>Her wiha yek\u00eeney\u00ean me li her\u00eama D\u00earazor\u00ea \u00e7alakiyek p\u00eak an\u00een \u00fb di encam\u00ea de \u00e7eteyek DA\u00ce\u015e\u2019\u00ee hate girtin \u00fb h\u00eajmarek cebilxane hate desteser kirin.<\/p>\n<p>Di encama van herd\u00fb \u00e7alakiyan de 3 \u00e7ete hatin girtin \u00fb tev\u00ee may\u00eenek\u00ea, h\u00eajmarek cebilxane hate desteserkirin. Bi v\u00ee away\u00ee planeke din a DA\u00ce\u015e\u2019\u00ea hate t\u00eak birin.<\/p>\n<p>Weke YPJ ku \u00eero em \u00fb gel\u00ea xwe bi \u00ear\u00ee\u015f\u00ean pir al\u00ee re r\u00fb bi r\u00fb ne, em soz didin tevah\u00ee jinan \u00fb gel\u00ea xwe ku em\u00ea weke her dem\u00ea di eniy\u00ean p\u00ea\u015f \u00ean ceng\u00ea de bin\u00a0 \u00fb em\u00ea ti \u00ear\u00ee\u015f\u00ean dagirkeriy\u00ea b\u00ea bersiv neh\u00ealin.<\/p>\n<p><strong>Navenda \u00c7apemen\u00ee \u00fb Ragihandina YPJ<\/strong><\/p>\n<p><strong>28\u00a0Cotmeh\u00a02024<\/strong><\/p>\n","protected":false},"excerpt":{"rendered":"<p>Di van roj\u00ean ku her\u00eama me ya Rojava \u00fb bakur-rojhilat\u00ea S\u00fbr\u00ee careke din bi \u00ear\u00ee\u015f\u00ean giran \u00ean dagirkeriya Tirk re r\u00fb bi r\u00fb t\u00ea, \u015faney\u00ean DA\u00ce\u015e\u2019\u00ea hewl didin li dij\u00ee gel\u00ea me \u00ear\u00ee\u015f \u00fb komkujiy\u00ean n\u00fb p\u00eak b\u00eenin. Li ser v\u00ea bingeh\u00ea yek\u00eeney\u00ean me y\u00ean ewlekariya YPJ\u2019\u00ea bi baldar\u00ee n\u00eaz b\u00fbn \u00fb li dij\u00ee du [&hellip;]<\/p>\n","protected":false},"author":1,"featured_media":18494,"comment_status":"open","ping_status":"closed","sticky":false,"template":"","format":"standard","meta":{"footnotes":""},"categories":[38],"tags":[],"class_list":{"0":"post-18493","1":"post","2":"type-post","3":"status-publish","4":"format-standard","5":"has-post-thumbnail","7":"category-nuce"},"_links":{"self":[{"href":"https:\/\/ypjrojava.net\/index.php?rest_route=\/wp\/v2\/posts\/18493","targetHints":{"allow":["GET"]}}],"collection":[{"href":"https:\/\/ypjrojava.net\/index.php?rest_route=\/wp\/v2\/posts"}],"about":[{"href":"https:\/\/ypjrojava.net\/index.php?rest_route=\/wp\/v2\/types\/post"}],"author":[{"embeddable":true,"href":"https:\/\/ypjrojava.net\/index.php?rest_route=\/wp\/v2\/users\/1"}],"replies":[{"embeddable":true,"href":"https:\/\/ypjrojava.net\/index.php?rest_route=%2Fwp%2Fv2%2Fcomments&post=18493"}],"version-history":[{"count":1,"href":"https:\/\/ypjrojava.net\/index.php?rest_route=\/wp\/v2\/posts\/18493\/revisions"}],"predecessor-version":[{"id":18495,"href":"https:\/\/ypjrojava.net\/index.php?rest_route=\/wp\/v2\/posts\/18493\/revisions\/18495"}],"wp:featuredmedia":[{"embeddable":true,"href":"https:\/\/ypjrojava.net\/index.php?rest_route=\/wp\/v2\/media\/18494"}],"wp:attachment":[{"href":"https:\/\/ypjrojava.net\/index.php?rest_route=%2Fwp%2Fv2%2Fmedia&parent=18493"}],"wp:term":[{"taxonomy":"category","embeddable":true,"href":"https:\/\/ypjrojava.net\/index.php?rest_route=%2Fwp%2Fv2%2Fcategories&post=18493"},{"taxonomy":"post_tag","embeddable":true,"href":"https:\/\/ypjrojava.net\/index.php?rest_route=%2Fwp%2Fv2%2Ftags&post=18493"}],"curies":[{"name":"wp","href":"https:\/\/api.w.org\/{rel}","templated":true}]}}