{"id":18496,"date":"2024-10-29T09:37:33","date_gmt":"2024-10-29T09:37:33","guid":{"rendered":"https:\/\/ypjrojava.net\/?p=18496"},"modified":"2024-10-29T09:42:05","modified_gmt":"2024-10-29T09:42:05","slug":"ji-gele-me-u-raya-gisti-re-28","status":"publish","type":"post","link":"https:\/\/ypjrojava.net\/?p=18496","title":{"rendered":"Ji Gel\u00ea Me \u00fb Raya Gi\u015ft\u00ee Re!"},"content":{"rendered":"<p>&nbsp;<\/p>\n<p>\u015eervana me r\u00eaheval Tol\u00een Pel\u015f\u00een Baz ku di encama \u00ear\u00ee\u015fa dewleta dagirker ya Tirk de bi giran\u00ee bir\u00eendar bib\u00fb, ruxm\u00ee hem\u00fb m\u00fbdaxeley\u00ean tib\u00ee j\u00ee, gih\u00ee\u015ft \u015fehadet\u00ea.<\/p>\n<p>Em ruh\u00ea pak y\u00ea \u015fervana xwe Tol\u00een Pel\u015f\u00een bi minetdar\u00ee bi b\u00eer t\u00eenin. Ji malbata welatpar\u00eaz, gel\u00ea xwe \u00fb r\u00eaheval\u00ean w\u00ea re sersax\u00ee dixwazin. Soz \u00fb peymana xwe ya bi r\u00eaya \u015feh\u00eedan re dubare dikin.<\/p>\n<p>\u015eore\u015fa me ya Rojavay\u00ea Kurdistan\u00ea di her gaveke xwe ya t\u00eako\u015f\u00een\u00ea de bi domdar\u00ee serkeftin\u00ean qedirbilind \u00fb mezin bi dest xistiye. \u015eore\u015fa me di nava sal\u00ean derbasb\u00fby\u00ee de bi keda \u015feh\u00eed \u00fb qehreman\u00ean v\u00ee gel\u00ee, xwe di her war\u00ee de \u00eesbat kir. Lewma di roja \u00eero de j\u00ee bi taybet\u00ee ji bona jin \u00fb ciwanan b\u00fbye cih\u00ea h\u00eaz, bawer\u00ee, \u00eerade \u00fb serkeftin\u00ea. Li ser van bingehan, bi hezaran jin \u00fb ciwan\u00ean ji her netew\u00ea ber\u00ea xwe dan v\u00ea \u015fore\u015f\u00ea \u00fb b\u00fbn dilopek ji herik\u00eena \u00e7em\u00ea t\u00eako\u015f\u00een \u00fb berxwedana li dij\u00ee dagirker\u00ee \u00fb zilm\u00ea. Ji bo p\u00ea\u015f\u00eegirtina v\u00ea \u015fore\u015f\u00ea, bi taybet\u00ee j\u00ee ji bo tepisandina \u015fore\u015f \u00fb t\u00eako\u015f\u00eena jinan, di ser\u00ee de dewleta Tirk a dagirker \u00fb hem\u00fb h\u00eaz\u00ean fa\u015f\u00eest, bi away\u00ean \u015f\u00eanber \u00fb razber \u00ear\u00ee\u015fan didin p\u00eakan\u00een.<\/p>\n<p>Hevr\u00eaya me Em\u00eene Ehmed, bi nasnav Tol\u00een Pel\u015f\u00een Baz di d\u00eeroka 25.09.2024\u2019an de dema ku li eniya Ewn Dadat ya gir\u00eaday\u00ee Minbic\u00ea li ser erka xwe b\u00fb, di encama topbarana dewleta Tirk a dagirker de bi awayek\u00ee giran bir\u00eendar dibe. R\u00eaheval Tol\u00een Pel\u015f\u00een Baz bi qas\u00ee mehek\u00ea di nexwe\u015fxaney\u00ea de hate ragirtin, l\u00ea ruxm\u00ee hem\u00fb m\u00fbdaxeleyan j\u00ee di d\u00eeroka 27.10.2024\u2019an de gih\u00ee\u015ft asta \u015fehadet\u00ea.<\/p>\n<p>Hevr\u00ea Tol\u00een, li bajar\u00ea Koban\u00ea di nava malbateke welatpar\u00eaz \u00fb xwed\u00ee nirx\u00ean \u015fore\u015f\u00ea de ji dayik dibe. Ji zarokatiya xwe ve li ser \u00e7\u00eerok\u00ean qehreman \u00fb leheng\u00ean v\u00ea welat\u00ee mezin dibe \u00fb bi v\u00ee away\u00ee j\u00ee t\u00eako\u015f\u00een\u00ea nas dike. Di dema xwendina xwe ya li dibistan\u00ean BAAS\u2019\u00ea de ji pol\u00eet\u00eekay\u00ean n\u00eejadperest ku li ser gel\u00ea Kurd dihate p\u00eakan\u00een hayedar dibe \u00fb soza t\u00eako\u015f\u00een kirin\u00ea li hember van pol\u00eet\u00eekay\u00ean kir\u00eat dide. \u00car\u00ee\u015f\u00ean dagirkeriy\u00ea y\u00ean li dij\u00ee \u015eore\u015fa Rojava p\u00eak t\u00ea, di w\u00ea de h\u00earsa tolhildan\u00ea bilind dike. Li ser v\u00ea bingeh\u00ee di sala 2021 ber\u00ea xwe dide nav ref\u00ean azadiy\u00ea.<\/p>\n<p>Cangor\u00ee Tol\u00een di r\u00eaw\u00eetiya xwe ya nava ref\u00ean azadiy\u00ea de bi baldar\u00ee, e\u015fq \u00fb xwestekek b\u00ea hemta ve R\u00eabert\u00ee dixw\u00eene \u00fb nas dike. Bi naskirina R\u00eabert\u00ee re kesayeta jina ciwan ku \u015fore\u015fgeriy\u00ea \u00eefade dike, di xwe de ava dike. Her wiha di kesayeta \u015feh\u00eed\u00ean nemir \u00fb p\u00ea\u015feng y\u00ean m\u00eena ap\u00ea w\u00ea hevr\u00ea Baz de dibe \u015fopdareke b\u00ea teredut ya xeta feday\u00eetiy\u00ea. Bi van ramanan ve di jiyana xwe de kesayeta jina mil\u00eetan, fedekar, dilnizim \u00fb bi moral ji r\u00eaheval\u00ean xwe re diteyisand. Bi rih\u00ea xwe y\u00ea Apoger\u00ee ve di xebat\u00ean ciwanan de p\u00ea\u015fengt\u00ee kir \u00fb b\u00fb yek ji m\u00eenak\u00ean jin\u00ean serhild\u00ear \u00fb w\u00earek. Her\u00ee dawiy\u00ea j\u00ee cih\u00ea xwe di nava yek\u00eeney\u00ean xweser y\u00ean YPJ de girt, li w\u00ea der\u00ea xwe di rast\u00ee \u00fb p\u00eevan\u00ean jina azad de k\u00fbr kir \u00fb bi awayek\u00ee \u00e7alak t\u00eako\u015f\u00een da me\u015fandin.<\/p>\n<p>Em weke Yek\u00eeney\u00ean Parastina Jin (YPJ) di \u015fexs\u00ea heval Tol\u00een Baz de hem\u00fb \u015feh\u00eed\u00ean xwe y\u00ean \u015fore\u015f\u00ea bi b\u00eer t\u00eenin \u00fb minetdariya xwe raber dikin. Em ji malbata xwe ya h\u00eaja, r\u00eaheval\u00ean w\u00ea y\u00ea t\u00eako\u015f\u00een\u00ea \u00fb tevah\u00ee gel\u00ea xwe re dubare sersaxiy\u00ea dixwazin. Em weke r\u00eaheval\u00ean hevala Tol\u00een, soza tolhildana \u015feh\u00eedan \u00fb bilindkirina t\u00eako\u015f\u00eena di oxira azadiy\u00ea de didin. Em \u00ea heyan\u00ee serkeftin\u00ea \u015fopdar \u00fb p\u00eakan\u00eener\u00ean xeyal\u00ean r\u00eaheval\u00ean xwe y\u00ea \u015feh\u00eed bin.\u00a0 \u00a0 \u00a0 \u00a0 \u00a0 \u00a0 \u00a0 \u00a0 \u00a0 \u00a0 \u00a0 \u00a0 \u00a0 \u00a0 \u00a0 \u00a0 \u00a0 \u00a0 \u00a0 \u00a0 \u00a0 \u00a0 \u00a0 \u00a0 \u00a0 \u00a0 \u00a0 \u00a0 \u00a0 \u00a0 <strong>\u00a0 <\/strong><\/p>\n<p><img loading=\"lazy\" decoding=\"async\" class=\"alignnone size-medium wp-image-18497\" src=\"https:\/\/ypjrojava.net\/wp-content\/uploads\/2024\/10\/S.TOLIN-PELSIN-BAZ-224x300.png\" alt=\"\" width=\"224\" height=\"300\" srcset=\"https:\/\/ypjrojava.net\/wp-content\/uploads\/2024\/10\/S.TOLIN-PELSIN-BAZ-224x300.png 224w, https:\/\/ypjrojava.net\/wp-content\/uploads\/2024\/10\/S.TOLIN-PELSIN-BAZ-766x1024.png 766w, https:\/\/ypjrojava.net\/wp-content\/uploads\/2024\/10\/S.TOLIN-PELSIN-BAZ-768x1027.png 768w, https:\/\/ypjrojava.net\/wp-content\/uploads\/2024\/10\/S.TOLIN-PELSIN-BAZ.png 849w\" sizes=\"auto, (max-width: 224px) 100vw, 224px\" \/><\/p>\n<p><strong>Nasnameya Hevala Me Ya \u015eeh\u00eed Wiha Ye:<\/strong><\/p>\n<p><strong>Nav \u00fb Pa\u015fnav:<\/strong> Em\u00eene Ehmed<\/p>\n<p><strong>Nasnav:<\/strong> Tol\u00een Pel\u015f\u00een Baz<\/p>\n<p><strong>Cih\u00ea Ji day\u00eekb\u00fbn\u00ea:<\/strong> Koban\u00ea<\/p>\n<p><strong>D\u00eerok \u00fb Cih\u00ea \u015eehadet\u00ea:<\/strong> MINBIC \/ 27.10.2024<\/p>\n<p>&nbsp;<\/p>\n<p>&nbsp;<\/p>\n<p style=\"text-align: center;\"><strong>\u00a0 \u00a0 \u00a0 \u00a0 \u00a0 \u00a0 \u00a0 \u00a0 \u00a0 \u00a0 \u00a0 \u00a0 \u00a0 \u00a0 \u00a0 \u00a0 \u00a0 \u00a0 \u00a0 \u00a0 \u00a0 \u00a0 \u00a0 \u00a0 \u00a0 \u00a0 \u00a0 \u00a0 \u00a0 Fermandariya Gi\u015ft\u00ee ya YPJ<\/strong><\/p>\n<p style=\"text-align: center;\"><strong>\u00a0 \u00a0 \u00a0 \u00a0 \u00a0 \u00a0 \u00a0 \u00a0 \u00a0 \u00a0 \u00a0 \u00a0 \u00a0 \u00a0 \u00a0 \u00a0 \u00a0 \u00a0 \u00a0 \u00a0 \u00a0 \u00a0 \u00a0 \u00a0 \u00a0 \u00a0 \u00a0 \u00a0 \u00a029.10.2024<\/strong><\/p>\n<p>&nbsp;<\/p>\n<p>&nbsp;<\/p>\n<p>&nbsp;<\/p>\n<p>&nbsp;<\/p>\n<p>&nbsp;<\/p>\n<p>&nbsp;<\/p>\n","protected":false},"excerpt":{"rendered":"<p>&nbsp; \u015eervana me r\u00eaheval Tol\u00een Pel\u015f\u00een Baz ku di encama \u00ear\u00ee\u015fa dewleta dagirker ya Tirk de bi giran\u00ee bir\u00eendar bib\u00fb, ruxm\u00ee hem\u00fb m\u00fbdaxeley\u00ean tib\u00ee j\u00ee, gih\u00ee\u015ft \u015fehadet\u00ea. Em ruh\u00ea pak y\u00ea \u015fervana xwe Tol\u00een Pel\u015f\u00een bi minetdar\u00ee bi b\u00eer t\u00eenin. Ji malbata welatpar\u00eaz, gel\u00ea xwe \u00fb r\u00eaheval\u00ean w\u00ea re sersax\u00ee dixwazin. Soz \u00fb peymana xwe [&hellip;]<\/p>\n","protected":false},"author":1,"featured_media":18498,"comment_status":"open","ping_status":"closed","sticky":false,"template":"","format":"standard","meta":{"footnotes":""},"categories":[39],"tags":[],"class_list":{"0":"post-18496","1":"post","2":"type-post","3":"status-publish","4":"format-standard","5":"has-post-thumbnail","7":"category-daxuyani"},"_links":{"self":[{"href":"https:\/\/ypjrojava.net\/index.php?rest_route=\/wp\/v2\/posts\/18496","targetHints":{"allow":["GET"]}}],"collection":[{"href":"https:\/\/ypjrojava.net\/index.php?rest_route=\/wp\/v2\/posts"}],"about":[{"href":"https:\/\/ypjrojava.net\/index.php?rest_route=\/wp\/v2\/types\/post"}],"author":[{"embeddable":true,"href":"https:\/\/ypjrojava.net\/index.php?rest_route=\/wp\/v2\/users\/1"}],"replies":[{"embeddable":true,"href":"https:\/\/ypjrojava.net\/index.php?rest_route=%2Fwp%2Fv2%2Fcomments&post=18496"}],"version-history":[{"count":2,"href":"https:\/\/ypjrojava.net\/index.php?rest_route=\/wp\/v2\/posts\/18496\/revisions"}],"predecessor-version":[{"id":18500,"href":"https:\/\/ypjrojava.net\/index.php?rest_route=\/wp\/v2\/posts\/18496\/revisions\/18500"}],"wp:featuredmedia":[{"embeddable":true,"href":"https:\/\/ypjrojava.net\/index.php?rest_route=\/wp\/v2\/media\/18498"}],"wp:attachment":[{"href":"https:\/\/ypjrojava.net\/index.php?rest_route=%2Fwp%2Fv2%2Fmedia&parent=18496"}],"wp:term":[{"taxonomy":"category","embeddable":true,"href":"https:\/\/ypjrojava.net\/index.php?rest_route=%2Fwp%2Fv2%2Fcategories&post=18496"},{"taxonomy":"post_tag","embeddable":true,"href":"https:\/\/ypjrojava.net\/index.php?rest_route=%2Fwp%2Fv2%2Ftags&post=18496"}],"curies":[{"name":"wp","href":"https:\/\/api.w.org\/{rel}","templated":true}]}}