{"id":18501,"date":"2024-10-31T07:37:27","date_gmt":"2024-10-31T07:37:27","guid":{"rendered":"https:\/\/ypjrojava.net\/?p=18501"},"modified":"2024-10-31T07:45:32","modified_gmt":"2024-10-31T07:45:32","slug":"em-bi-ruhe-berxwedana-kobane-xwe-biparezin","status":"publish","type":"post","link":"https:\/\/ypjrojava.net\/?p=18501","title":{"rendered":"Em Bi Ruh\u00ea Berxwedana Koban\u00ea Xwe Bipar\u00eazin"},"content":{"rendered":"<p>&nbsp;<\/p>\n<p>Di salvegera 1\u2019\u00ea Mijdar\u00ea Roja C\u00eehan\u00ee ya Koban\u00ea, em hem\u00fb \u015feh\u00eed\u00ean berxwedaniya lehengwar\u00ee ya Koban\u00ea bi minet \u00fb r\u00eazdariyeke b\u00eadaw\u00ee bi b\u00eer t\u00eenin. Em\u00ea tim gir\u00eaday\u00ee b\u00eeran\u00een \u00fb xeyal\u00ean wan r\u00eaheval\u00ean xwe t\u00eako\u015f\u00een\u00ea bilind bikin. Herwiha em hem\u00fb kes\u00ean pi\u015ftgir\u00ee dane berxwedana Koban\u00ea \u00fb li dij\u00ee pa\u015fver\u00fbtiya serdem\u00ea \u00e7etey\u00ean DA\u00ce\u015e\u2019\u00ea li k\u00ealeka berxwedana \u015fervanan rawestiyan, bi r\u00eaz \u00fb hurmet silav dikin.<\/p>\n<p>Di sala 2014\u2019an dema ku komek ji akademisy\u00ean demokrat\u00eek daxwaz kirin ku 1\u2019\u00ea Mijdar\u00ea bibe roja xwed\u00ee derketina li berxwedana Koban\u00ea, di tevahiya c\u00eehan\u00ea bi taybet j\u00ee gel, \u00e7\u00een \u00fb be\u015f\u00ean bindest \u00fb azad\u00eexwaz y\u00ean civak\u00ea \u00fb jin\u00ean t\u00eako\u015fer bi \u00e7alakiy\u00ean curbecur pi\u015ftgiriya xwe ji Koban\u00ea \u00fb berxwedaniya b\u00eam\u00eenak ya Koban\u00ea re raber kirin. Berxwedan ji tax, \u00e7eper \u00fb kolan\u00ean Koban\u00ea derbas\u00ee hem\u00fb c\u00eehan\u00ea b\u00fb. Ji ber ku gel\u00ean c\u00eehan\u00ea ferq kirin ku \u00e7etey\u00ean DA\u00ce\u015e\u2019\u00ea, ne ten\u00ea li dij\u00ee gelek\u00ea, li dij\u00ee mirovahiy\u00ea xeter\u00ee \u00fb metirsiyeke mezin e. \u00c7etey\u00ean DA\u00ce\u015e\u2019\u00ea dijmin\u00ea maf, azad\u00ee, demokras\u00ee, heb\u00fbn \u00fb jiyana bir\u00fbmet e. Her\u00ee z\u00eade j\u00ee DA\u00ce\u015e dijmin\u00ea jin \u00fb civaka w\u00ea ye. Lewma li beramber\u00ee v\u00ea rastiy\u00ea j\u00ee jin \u00fb gelan p\u00eadiv\u00ee bi t\u00eako\u015f\u00eeneke xurt ya hevbe\u015f d\u00eetin.<\/p>\n<p>Li hem\u00fb kolan \u00fb meydan\u00ean c\u00eehan\u00ea, hem\u00fb dil \u00fb m\u00eaj\u00ee di 1\u2019\u00ea Mijdara 2014\u2019an de b\u00fb yek. Ji Japonya heya Efxan\u00eestan \u00fb \u00ceran\u00ea, ji Lat\u00een Emer\u00eeka heya Avusturalya, ji welat\u00ean Ewropa heya Rojhilata Nav\u00een bi yek deng\u00ee pi\u015ftgiriya berxwedana Koban\u00ea hate kirin. Ji ber Koban\u00ea li dij\u00ee kolet\u00ee \u00fb bindestiy\u00ea azad\u00ee \u00fb r\u00fbmeta mirovahiy\u00ea parast. Jin\u00ean Kurd, \u015fervan\u00ean azadiy\u00ea \u00fb gel\u00ea Kurd can\u00ea xwe kirin mertal \u00fb li dij\u00ee hov\u00eetiya DA\u00ce\u015e\u2019\u00ea di nav \u015fert \u00fb merc\u00ean b\u00eam\u00eaz\u00een de \u015fer kirin. Wan n\u00ee\u015fan da ku v\u00eena mirov dema ku bi e\u015fqa azadiy\u00ea re bibe yek, tu ti\u015ft, tu kelem \u00fb tu dijmin nikare p\u00ea\u015fiya serketin\u00ea bigire. 1\u2019\u00ea Mijdar\u00ea dema ku li hem\u00fb c\u00eehan\u00ea dir\u00fb\u015fmey\u00ean \u201cBij\u00ee berxwedana Koban\u00ea\u201d hate bilindkirin, \u015fervan\u00ean YPJ-YPG \u00fb ger\u00eelay\u00ean azadiya Kurdistan\u00ea j\u00ee darbey\u00ean xedar li \u00e7eteyan xistin \u00fb wiha j\u00ee berxwedan\u00ee b\u00fb c\u00eehan\u00ee. Di v\u00ea watey\u00ea de 1\u2019\u00ea Mijdar\u00ea roja yekgirtin \u00fb hevgirtina gelan ji bo azadiy\u00ea bi awayeke her\u00ee \u015f\u00eanber e.<\/p>\n<p>\u00cero di 10. salvegera v\u00ea hevgirtin \u00fb yekgirtina d\u00eerok\u00ee ya gelan de h\u00eena z\u00eadetir p\u00eaw\u00eestiya jinan \u00fb gelan bi t\u00eako\u015f\u00eeneke hevbe\u015f \u00fb yek\u00eetiy\u00ea heye. Ji ber ku s\u00eestema kap\u00eetal\u00eest \u00fb h\u00eaz\u00ean dagirker li dij\u00ee nirx\u00ean mirovahiy\u00ea, destkeftiy\u00ean gelan di nav \u00ear\u00ee\u015f\u00ea de ne. Xeteriya DA\u00ce\u015e\u2019\u00ea j\u00ee bi tevah\u00ee bidaw\u00ee neb\u00fbye. Dewleta fa\u015f\u00eest ya Tirk ji bo ku \u00e7etey\u00ean DA\u00ce\u015e\u2019\u00ea tune nebin, her away\u00ee hewldanan dike. Li her\u00eam\u00ean ku dagir kiriye wek Efr\u00een, Ser\u00eakan\u00ee, Idlib \u00fb Gir\u00easip\u00ee \u00e7etey\u00ean DA\u00ce\u015e\u2019\u00ea hatine bicihkirin. Her\u00ee daw\u00ee \u00e7etey\u00ean DA\u00ce\u015e\u2019\u00ea li her\u00eam\u00ean ba\u015f\u00fbr\u00ea Kurdistan\u00ea bi cih kirin. Ev rew\u015f metirsiyeke mezin e. Lewma div\u00ea ku gel\u00ean Rojhilata Nav\u00een \u00fb c\u00eehan\u00ea j\u00ee bi baldar\u00ee v\u00ea rew\u015f\u00ea bi\u015fop\u00eenin, li dij\u00ee w\u00ea bibin xwed\u00ee helwest. Ji bo ku daw\u00ee li \u00e7etey\u00ean DA\u00ce\u015e\u2019\u00ea were, ji bo ku em azadiya xwe bikin ewlehiy\u00ea div\u00ea ku bi ruh\u00ea Koban\u00ea xwe bipar\u00eazin \u00fb t\u00eako\u015f\u00eena xwe hevgirt\u00ee bime\u015f\u00eenin.<\/p>\n<p>Em wek YPJ dubare didin diyarkirin ku em\u00ea ji bo parastina maf, heb\u00fbn \u00fb azadiya jinan \u00fb gelan yek k\u00eal\u00ee j\u00ee nerawestin \u00fb em\u00ea ruh\u00ea Koban\u00ea y\u00ea berxwedan \u00fb serketin\u00ea bi daw\u00eekirina dagirkeriy\u00ea bigih\u00eenin l\u00fbtkey\u00ea. Em ji gel\u00ean xwe, jinan \u00fb be\u015f\u00ean civak\u00ee y\u00ean azad\u00eexwaz re j\u00ee bang dikin ku t\u00eako\u015f\u00een\u00ea bilindtir bikin.<\/p>\n<p>Bimire dagirker\u00ee \u00fb hov\u00eet\u00ee!<\/p>\n<p>Bij\u00ee Yek\u00eet\u00ee \u00fb hevgirtina Gelan!<\/p>\n<p>Bij\u00ee t\u00eako\u015f\u00eena hevbe\u015f ya jinan!<\/p>\n<p>Jin, Jiyan, Azad\u00ee!<\/p>\n<p>Bij\u00ee R\u00eaber Apo!<\/p>\n<p style=\"text-align: center;\"><strong>\u00a0 \u00a0 \u00a0 \u00a0 \u00a0 \u00a0 \u00a0 \u00a0 \u00a0 \u00a0 \u00a0 \u00a0 \u00a0 \u00a0 \u00a0Fermandariya Gi\u015ft\u00ee ya YPJ\u2019\u00ea<\/strong><\/p>\n<p style=\"text-align: center;\"><strong>\u00a0 \u00a0 \u00a0 \u00a0 \u00a0 \u00a0 \u00a0 \u00a0 \u00a0 \u00a0 \u00a0 \u00a0 \u00a0 \u00a0 \u00a031.10.2024<\/strong><\/p>\n<p>&nbsp;<\/p>\n","protected":false},"excerpt":{"rendered":"<p>&nbsp; Di salvegera 1\u2019\u00ea Mijdar\u00ea Roja C\u00eehan\u00ee ya Koban\u00ea, em hem\u00fb \u015feh\u00eed\u00ean berxwedaniya lehengwar\u00ee ya Koban\u00ea bi minet \u00fb r\u00eazdariyeke b\u00eadaw\u00ee bi b\u00eer t\u00eenin. Em\u00ea tim gir\u00eaday\u00ee b\u00eeran\u00een \u00fb xeyal\u00ean wan r\u00eaheval\u00ean xwe t\u00eako\u015f\u00een\u00ea bilind bikin. Herwiha em hem\u00fb kes\u00ean pi\u015ftgir\u00ee dane berxwedana Koban\u00ea \u00fb li dij\u00ee pa\u015fver\u00fbtiya serdem\u00ea \u00e7etey\u00ean DA\u00ce\u015e\u2019\u00ea li k\u00ealeka berxwedana \u015fervanan [&hellip;]<\/p>\n","protected":false},"author":1,"featured_media":18348,"comment_status":"open","ping_status":"closed","sticky":false,"template":"","format":"standard","meta":{"footnotes":""},"categories":[39],"tags":[],"class_list":{"0":"post-18501","1":"post","2":"type-post","3":"status-publish","4":"format-standard","5":"has-post-thumbnail","7":"category-daxuyani"},"_links":{"self":[{"href":"https:\/\/ypjrojava.net\/index.php?rest_route=\/wp\/v2\/posts\/18501","targetHints":{"allow":["GET"]}}],"collection":[{"href":"https:\/\/ypjrojava.net\/index.php?rest_route=\/wp\/v2\/posts"}],"about":[{"href":"https:\/\/ypjrojava.net\/index.php?rest_route=\/wp\/v2\/types\/post"}],"author":[{"embeddable":true,"href":"https:\/\/ypjrojava.net\/index.php?rest_route=\/wp\/v2\/users\/1"}],"replies":[{"embeddable":true,"href":"https:\/\/ypjrojava.net\/index.php?rest_route=%2Fwp%2Fv2%2Fcomments&post=18501"}],"version-history":[{"count":4,"href":"https:\/\/ypjrojava.net\/index.php?rest_route=\/wp\/v2\/posts\/18501\/revisions"}],"predecessor-version":[{"id":18505,"href":"https:\/\/ypjrojava.net\/index.php?rest_route=\/wp\/v2\/posts\/18501\/revisions\/18505"}],"wp:featuredmedia":[{"embeddable":true,"href":"https:\/\/ypjrojava.net\/index.php?rest_route=\/wp\/v2\/media\/18348"}],"wp:attachment":[{"href":"https:\/\/ypjrojava.net\/index.php?rest_route=%2Fwp%2Fv2%2Fmedia&parent=18501"}],"wp:term":[{"taxonomy":"category","embeddable":true,"href":"https:\/\/ypjrojava.net\/index.php?rest_route=%2Fwp%2Fv2%2Fcategories&post=18501"},{"taxonomy":"post_tag","embeddable":true,"href":"https:\/\/ypjrojava.net\/index.php?rest_route=%2Fwp%2Fv2%2Ftags&post=18501"}],"curies":[{"name":"wp","href":"https:\/\/api.w.org\/{rel}","templated":true}]}}