{"id":18553,"date":"2024-11-11T05:44:01","date_gmt":"2024-11-11T05:44:01","guid":{"rendered":"https:\/\/ypjrojava.net\/?p=18553"},"modified":"2024-11-11T05:44:01","modified_gmt":"2024-11-11T05:44:01","slug":"ji-gele-me-u-raya-gisti-re-29","status":"publish","type":"post","link":"https:\/\/ypjrojava.net\/?p=18553","title":{"rendered":"Ji Gel\u00ea Me \u00fb Raya Gi\u015ft\u00ee re"},"content":{"rendered":"<p>&nbsp;<\/p>\n<p>R\u00eaheval\u00ean me Amara, Ber\u00e7em, Dilpak \u00fb Hesret di sala 2016\u2019an de tevl\u00ee karwan\u00ean nemiran b\u00fbn.<\/p>\n<p>Hevr\u00eay\u00ean me Amara, Ber\u00e7em, Dilpak \u00fb Hesret ku bi ev\u00eeneke mezin di nav t\u00eako\u015f\u00eena azadiy\u00ea de cih\u00ea xwe girtin, di p\u00eangav\u00ean rizgarkirina axa welat de gih\u00ee\u015ftin \u015fehadet\u00ea. Em bi hezkirin \u00fb r\u00eazdar\u00ee wan bi b\u00eer t\u00eenin. Ji malbat\u00ean wan y\u00ean welatpar\u00eaz, gel\u00ea xwe \u00fb r\u00eaheval\u00ean wan re sersaxiy\u00ea dixwazin. Em\u00ea tim lay\u00eeq\u00ea b\u00eeran\u00een \u015feh\u00eed\u00ean xwe bin \u00fb t\u00eako\u015f\u00eena wan bilind bikin.<\/p>\n<p>T\u00eako\u015f\u00eena me bi berdel\u00ean pir giranbuha destkeftiy\u00ean mezin bidest xistiye. Her nirxeke \u015fore\u015fa me bi van berdel\u00ean p\u00eeroz hatine afirandin. Di her serkeftinek\u00ea de para leheng\u00ean weke Amara, Ber\u00e7em, Dilpak \u00fb Hesret heye. Em hertim deyndar\u00ean \u015feh\u00eed\u00ean xwe ne \u00fb em\u00ea li ser xeta wan, ji bo serxistina zafer\u00ea di l\u00fbtkey\u00ea de t\u00eabiko\u015fin.<\/p>\n<p>\u00c7ar \u015fervan\u00ean me y\u00ean leheng Amara, Ber\u00e7em, Dilpak \u00fb Hesret j\u00ee bi fedakirina can\u00ea xwe b\u00fbn st\u00eark\u00ean ge\u015f \u00ean t\u00eako\u015f\u00eena me. Ew\u00ea di d\u00eeroka t\u00eako\u015f\u00eena jin\u00ea \u00fb azadiya gelan de nav\u00ean may\u00eende bin.<\/p>\n<p>R\u00eahevala me Devlethan Erol bi nasnav Amara Roj di nava malbateke welatpar\u00eaz ya Colem\u00earg\u00ea ji dayik dibe. Ew bi \u00e7and \u00fb exlaqa welatpar\u00eaz\u00ee, hest\u00ean xurt y\u00ean azadiy\u00ea mezin dibe. Dema ku \u015fer\u00ea li Rojavay\u00ea welat dijwar b\u00fb, w\u00ea j\u00ee bi berpirsyariyeke mezin ber\u00ea xwe da \u015fore\u015f\u00ea. Di sala 2013\u2019an de tevl\u00ee nava ref\u00ean YPJ\u2019\u00ea b\u00fb. Dema \u00e7etey\u00ean DAI\u015e\u2019\u00ea \u015eengal\u00ea kir, Amara ji bo gel \u00fb jin\u00ean \u00cazid\u00ee ji komkujiy\u00ea rizgarkir bike di eniy\u00ean her\u00ee p\u00ea\u015f de cih\u00ea xwe girt. Amara Roj di \u015fer\u00ea li Hesek\u00ea \u00fb Cezaay\u00ea de j\u00ee bi \u015feklek\u00ee \u00e7alak li hember\u00ee \u00e7etey\u00ean DAI\u015e\u2019\u00ea \u015fer kir \u00fb parastina axa welat\u00ea xwe kir. Di 21\u2019\u00ea Hez\u00eerana sala 2016\u2019an di pev\u00e7\u00fbneke giran de \u015feh\u00eed b\u00fb \u00fb di nav karwan\u00ean nemiran de cih girt.<\/p>\n<p>Amara Roj bi r\u00fbge\u015f\u00ee \u00fb w\u00earekb\u00fbna xwe li her cih\u00ea ku l\u00ea dima, hate hezkirin. Amara\u00a0 xwed\u00ee sekneke birdoz\u00ee b\u00fb \u00fb xwe dispart menewiyata teko\u015f\u00eena azadiya gelan. \u00cedeolojiya azadiya jin\u00ea j\u00ee ji bo w\u00ea esasa jiyan\u00ea b\u00fb. Lewma xwed\u00ee sekneke bi \u00eedea, bawermend \u00fb dilge\u015f b\u00fb. Heya k\u00ealiya bigih\u00eeje \u015fehadet\u00ea j\u00ee ji v\u00ea taybetmendiy\u00ean xwe y\u00ean xwe\u015fik tucar dest berneda \u00fb bi v\u00ea sekna xwe j\u00ee di b\u00eera hem\u00fb r\u00eaheval\u00ean xwe de ciheke may\u00eende girt.<\/p>\n<p>\u015eervana me Cem\u00eele \u00c7inar bi nasnav Ber\u00e7em Amed, ji bajar\u00ea dil\u00ea Kurdistan\u00ea li Amed\u00ea jiday\u00eek b\u00fbye. R\u00eaheval Ber\u00e7em Amed bi serp\u00eahatiy\u00ean berxwedaniy\u00ea re mezin dibe. Di zarokatiya xwe de\u00a0 \u015fahidiya t\u00eako\u015f\u00eena dijwar ya ji bo azadiy\u00ea dihate me\u015fandin, dike. Ev yek li ser w\u00ea gelek bandor dike \u00fb d\u00eeroka axa xwe ya tej\u00ee \u00ea\u015f bi hest\u00ean tolhildan\u00ea re distire. Wiha j\u00ee d\u00eerok \u00fb k\u00ealiya ku dihate jiy\u00een di fikir \u00fb hest\u00ean xwe de kire yek \u00fb ji bo p\u00ea\u015feroj\u00ean azad di sala 2015\u2019an de tevl\u00ee nava ref\u00ean t\u00eako\u015f\u00een\u00ea b\u00fb. Di temen\u00ea xwe y\u00ea kin ya di nav ref\u00ean \u015eore\u015f\u00ea de, b\u00fb sembola \u015fervantiya rast \u00fb r\u00eahevaltiya jidil. Hevr\u00ea Ber\u00e7em di 24\u2019\u00ea Sibata sala 2016\u2019an de di p\u00eangava rizgarkirina bendava Ti\u015fr\u00een\u00ea de tevl\u00ee karwan\u00ean nemiran b\u00fb.<\/p>\n<p>Hevr\u00eaya me Esra Al\u00eem bi nasnav Dilpak C\u00fbd\u00ee, di nava malbateke welatpar\u00eaz de hate c\u00eehan\u00ea. Malbata w\u00ea ji ber \u015fert \u00fb merc\u00ean \u015fer \u00fb zetx\u00ean dijmin ko\u00e7ber bajar\u00ea Tirkiy\u00ea Antalyay\u00ea b\u00fbne. Ruxm\u00ee ku malbata hevr\u00ea Dilpak ji welat d\u00fbr ketib\u00fbn j\u00ee l\u00ea \u00e7and, kevne\u015fop\u00ee \u00fb hezkirina welat\u00ea xwe neterikandib\u00fbn. Malbat\u00ea ke\u00e7a xwe j\u00ee bi v\u00ea zaneb\u00fbn\u00ea mezin kirin. Dilpak C\u00fbd\u00ee ji zarokatiya xwe ve fikr\u00ean \u015fore\u015fger\u00ee \u00fb teko\u015f\u00eena azadiy\u00ea nas dike, li ser v\u00ea bingeh\u00ea j\u00ee tim xeyal dike ew j\u00ee bibe \u015fore\u015fger \u00fb ji bo serxweb\u00fbna gel\u00ea xwe teko\u015f\u00een bike. Hevr\u00ea Dilpak ji bo xeyal\u00ean xwe bike rast\u00ee, bi biryardariyeke mezin di sala 2015\u2019an de tevl\u00ee nava ref\u00ean YPJ\u2019\u00ea dibe. R\u00fbxm\u00ee\u00a0 demeke kin\u00a0 di nava ref\u00ean azadiy\u00ea de teko\u015f\u00een kir j\u00ee l\u00ea bi d\u00ees\u00eepl\u00een, baldar\u00ee \u00fb \u015ferkeriya xwe di eniy\u00ean her\u00ee \u00a0p\u00ea\u015f de cih girt. R\u00eahevala me Dilpak di 4\u2019\u00ea Hez\u00eerana sala 2016\u2019an de li Til Temir \u015feh\u00eed b\u00fb.<\/p>\n<p>Hevr\u00eaya me Dil\u015fah Meral bi nasnav Hesret Gabar ji S\u00eart\u00ea ye \u00fb di malbateke welatpar\u00eaz de \u00e7av\u00ean xwe li c\u00eehan\u00ea vedike. Malbata w\u00ea ko\u00e7er in. Ev j\u00ee dibe wes\u00eele ku heval Hesret ji zarokatiya xwe de \u00e7iya \u00fb de\u015ft\u00ean welat\u00ea xwe bigere \u00fb bib\u00eene. Jiyana ko\u00e7ertiy\u00ea ji xirab\u00ee \u00fb qir\u00eajiya pergala \u015faristaniy\u00ea heya astek\u00ea xwe parastiye \u00fb nirx\u00ean civaka exlaq\u00ee dij\u00ee. Jiyana ko\u00e7ertiy\u00ea dih\u00eale ku hevr\u00ea Hesret \u00a0di her k\u00ealiya jiyan\u00ea de bibe xwed\u00ee m\u00eaze kirineke bi wate \u00fb piral\u00ee. Herwiha f\u00ear dibe ku \u00e7awa li beramber\u00ee hem\u00fb zehmetiyan qah\u00eem bisekine, bi rik \u00fb israr di serkeftin\u00ea esas bigre.<\/p>\n<p>Hevr\u00ea Hesret ji tevl\u00eeb\u00fbna xal \u00fb biray\u00ea xwe \u00a0bandor dibe, di heman dem\u00ea de \u00ear\u00ee\u015f \u00fb pol\u00eet\u00eekay\u00ean dijmin y\u00ean li ser welat re \u00ead\u00ee nikare b\u00eadeng bim\u00eene. Li ser v\u00ea bingeh\u00ea j\u00ee di sala 2010\u2019an de tevl\u00ee nava ref\u00ean Teko\u015f\u00eena Azadiya Kurdistan\u00ea dibe. R\u00eaheval Hesret Gabar \u015fervaneke xwezay\u00ee \u00fb dilpak b\u00fb. Bi j\u00eahat\u00eeb\u00fbn \u00fb zaneb\u00fbna xwe ya prat\u00eek\u00ee di her kar\u00ee de serketin armanc dikir. W\u00ea sal\u00ean xwe y\u00ea t\u00eako\u015f\u00een\u00ea k\u00eal\u00ee bi k\u00eal\u00ee bi ked\u00ea neqi\u015fand \u00fb wek r\u00eahevaleke kedkar \u00fb fedakar di d\u00eeroka me de cih\u00ea xwe girt. \u00car\u00ee\u015f\u00ean li dij\u00ee \u015fore\u015fa Rojava ji bo w\u00ea j\u00ee b\u00fb sedema cengeke mezin. Lewma di ref\u00ean berxwedan\u00ea di eniy\u00ean her\u00ee p\u00ea\u015f de cih\u00ea xwe girt. Her\u00ee daw\u00ee di 11\u2019\u00ea Gulana sala 2016\u2019an de li Ser\u00eakaniy\u00ea dema li ser erka xwe b\u00fb, gih\u00ee\u015ft asta \u015fehadet\u00ea.<\/p>\n<p>Em\u00ea b\u00eeran\u00een\u00ean r\u00eaheval Amara, Ber\u00e7em, Dilpak \u00fb Hesret bi misogerkirina \u015fore\u015fa azadiya jin\u00ea re tim j\u00eendar bikin \u00fb em\u00ea heta dagirkeriy\u00ea li ser axa welat xilas bikin, teko\u015f\u00eena xwe bidom\u00eenin. \u00a0Li ser v\u00ea bingeh\u00ea em dubare r\u00eazdar\u00ee \u00fb hurmeta xwe ji bo \u015feh\u00eed\u00ean \u015fore\u015fa azadiy\u00ea diyar dikin.<\/p>\n<p><strong>\u00a0<\/strong><\/p>\n<p><strong>\u00a0<\/strong><\/p>\n<p><strong>Nasnameya Hevr\u00eay\u00ean Me Wiha ye:<\/strong><\/p>\n<p><img loading=\"lazy\" decoding=\"async\" class=\"alignnone size-medium wp-image-18554\" src=\"https:\/\/ypjrojava.net\/wp-content\/uploads\/2024\/11\/amara-roj-1-224x300.png\" alt=\"\" width=\"224\" height=\"300\" srcset=\"https:\/\/ypjrojava.net\/wp-content\/uploads\/2024\/11\/amara-roj-1-224x300.png 224w, https:\/\/ypjrojava.net\/wp-content\/uploads\/2024\/11\/amara-roj-1-766x1024.png 766w, https:\/\/ypjrojava.net\/wp-content\/uploads\/2024\/11\/amara-roj-1-768x1027.png 768w, https:\/\/ypjrojava.net\/wp-content\/uploads\/2024\/11\/amara-roj-1.png 849w\" sizes=\"auto, (max-width: 224px) 100vw, 224px\" \/><\/p>\n<p><strong>Nasnav:<\/strong> Amara Roj<\/p>\n<p><strong>Nav \u00fb Pa\u015fnav:<\/strong> Devlethan Erol<\/p>\n<p><strong>Nav\u00ea Day\u00eek:<\/strong> Let\u00eefe<\/p>\n<p><strong>Nav\u00ea Bav:<\/strong> Hesen<\/p>\n<p><strong>Cih \u00fb D\u00eeroka \u015eehadet\u00ea: <\/strong>Minbic \u00a0\/ 21.06.2016<\/p>\n<p>&nbsp;<\/p>\n<p><img loading=\"lazy\" decoding=\"async\" class=\"alignnone size-medium wp-image-18555\" src=\"https:\/\/ypjrojava.net\/wp-content\/uploads\/2024\/11\/S.BERCEM-AMED-1-224x300.png\" alt=\"\" width=\"224\" height=\"300\" srcset=\"https:\/\/ypjrojava.net\/wp-content\/uploads\/2024\/11\/S.BERCEM-AMED-1-224x300.png 224w, https:\/\/ypjrojava.net\/wp-content\/uploads\/2024\/11\/S.BERCEM-AMED-1-766x1024.png 766w, https:\/\/ypjrojava.net\/wp-content\/uploads\/2024\/11\/S.BERCEM-AMED-1-768x1027.png 768w, https:\/\/ypjrojava.net\/wp-content\/uploads\/2024\/11\/S.BERCEM-AMED-1.png 849w\" sizes=\"auto, (max-width: 224px) 100vw, 224px\" \/><\/p>\n<p><strong>Nasnav:<\/strong> Ber\u00e7em Amed<\/p>\n<p><strong>Nav \u00fb Pa\u015fnav:<\/strong> Cem\u00eele \u00c7inar<\/p>\n<p><strong>Nav\u00ea Day\u00eek:<\/strong> Mel\u00eehe<\/p>\n<p><strong>Nav\u00ea Bav:<\/strong> Cem\u00eel<\/p>\n<p><strong>Cih \u00fb D\u00eeroka \u015eehadet\u00ea:<\/strong> Bendava Ti\u015fr\u00een \/ 24.02.2016<\/p>\n<p>&nbsp;<\/p>\n<p><img loading=\"lazy\" decoding=\"async\" class=\"alignnone size-medium wp-image-18556\" src=\"https:\/\/ypjrojava.net\/wp-content\/uploads\/2024\/11\/dilpak-cudi-1-224x300.png\" alt=\"\" width=\"224\" height=\"300\" srcset=\"https:\/\/ypjrojava.net\/wp-content\/uploads\/2024\/11\/dilpak-cudi-1-224x300.png 224w, https:\/\/ypjrojava.net\/wp-content\/uploads\/2024\/11\/dilpak-cudi-1-766x1024.png 766w, https:\/\/ypjrojava.net\/wp-content\/uploads\/2024\/11\/dilpak-cudi-1-768x1027.png 768w, https:\/\/ypjrojava.net\/wp-content\/uploads\/2024\/11\/dilpak-cudi-1.png 849w\" sizes=\"auto, (max-width: 224px) 100vw, 224px\" \/><\/p>\n<p><strong>Nasnav:<\/strong> Dilpak C\u00fbd\u00ee<\/p>\n<p><strong>Nav \u00fb Pa\u015fnav:<\/strong> Esra Al\u00eem<\/p>\n<p><strong>Nav\u00ea Day\u00eek:<\/strong> Rukiye<\/p>\n<p><strong>Nav\u00ea Bav:<\/strong> Abdulkad\u00eer<\/p>\n<p><strong>Cih \u00fb D\u00eeroka \u015eehadet\u00ea:<\/strong> Til Temir\/ 04.06.2016<\/p>\n<p>&nbsp;<\/p>\n<p><img loading=\"lazy\" decoding=\"async\" class=\"alignnone size-medium wp-image-18557\" src=\"https:\/\/ypjrojava.net\/wp-content\/uploads\/2024\/11\/hesret-gabar-1-224x300.png\" alt=\"\" width=\"224\" height=\"300\" srcset=\"https:\/\/ypjrojava.net\/wp-content\/uploads\/2024\/11\/hesret-gabar-1-224x300.png 224w, https:\/\/ypjrojava.net\/wp-content\/uploads\/2024\/11\/hesret-gabar-1-766x1024.png 766w, https:\/\/ypjrojava.net\/wp-content\/uploads\/2024\/11\/hesret-gabar-1-768x1027.png 768w, https:\/\/ypjrojava.net\/wp-content\/uploads\/2024\/11\/hesret-gabar-1.png 849w\" sizes=\"auto, (max-width: 224px) 100vw, 224px\" \/><\/p>\n<p><strong>Nasnav:<\/strong> Hesret Gabar<\/p>\n<p><strong>Nav \u00fb Pa\u015fnav:<\/strong> Dil\u015fah Meral<\/p>\n<p><strong>Nav\u00ea Day\u00eek:<\/strong> Kumriye<\/p>\n<p><strong>Nav\u00ea Bav:<\/strong> Hesen<\/p>\n<p><strong>Cih \u00fb D\u00eeroka \u015eehadet\u00ea:<\/strong> Ser\u00eakaniy\u00ea \/ 11.05.2016<\/p>\n<p>&nbsp;<\/p>\n<p style=\"text-align: center;\"><strong>Fermandariya Gi\u015ft\u00ee ya YPJ\u2019\u00ea <\/strong><\/p>\n<p style=\"text-align: center;\"><strong>11.11.2024<\/strong><\/p>\n","protected":false},"excerpt":{"rendered":"<p>&nbsp; R\u00eaheval\u00ean me Amara, Ber\u00e7em, Dilpak \u00fb Hesret di sala 2016\u2019an de tevl\u00ee karwan\u00ean nemiran b\u00fbn. Hevr\u00eay\u00ean me Amara, Ber\u00e7em, Dilpak \u00fb Hesret ku bi ev\u00eeneke mezin di nav t\u00eako\u015f\u00eena azadiy\u00ea de cih\u00ea xwe girtin, di p\u00eangav\u00ean rizgarkirina axa welat de gih\u00ee\u015ftin \u015fehadet\u00ea. Em bi hezkirin \u00fb r\u00eazdar\u00ee wan bi b\u00eer t\u00eenin. Ji malbat\u00ean wan [&hellip;]<\/p>\n","protected":false},"author":1,"featured_media":18523,"comment_status":"open","ping_status":"closed","sticky":false,"template":"","format":"standard","meta":{"footnotes":""},"categories":[39],"tags":[],"class_list":{"0":"post-18553","1":"post","2":"type-post","3":"status-publish","4":"format-standard","5":"has-post-thumbnail","7":"category-daxuyani"},"_links":{"self":[{"href":"https:\/\/ypjrojava.net\/index.php?rest_route=\/wp\/v2\/posts\/18553","targetHints":{"allow":["GET"]}}],"collection":[{"href":"https:\/\/ypjrojava.net\/index.php?rest_route=\/wp\/v2\/posts"}],"about":[{"href":"https:\/\/ypjrojava.net\/index.php?rest_route=\/wp\/v2\/types\/post"}],"author":[{"embeddable":true,"href":"https:\/\/ypjrojava.net\/index.php?rest_route=\/wp\/v2\/users\/1"}],"replies":[{"embeddable":true,"href":"https:\/\/ypjrojava.net\/index.php?rest_route=%2Fwp%2Fv2%2Fcomments&post=18553"}],"version-history":[{"count":1,"href":"https:\/\/ypjrojava.net\/index.php?rest_route=\/wp\/v2\/posts\/18553\/revisions"}],"predecessor-version":[{"id":18558,"href":"https:\/\/ypjrojava.net\/index.php?rest_route=\/wp\/v2\/posts\/18553\/revisions\/18558"}],"wp:featuredmedia":[{"embeddable":true,"href":"https:\/\/ypjrojava.net\/index.php?rest_route=\/wp\/v2\/media\/18523"}],"wp:attachment":[{"href":"https:\/\/ypjrojava.net\/index.php?rest_route=%2Fwp%2Fv2%2Fmedia&parent=18553"}],"wp:term":[{"taxonomy":"category","embeddable":true,"href":"https:\/\/ypjrojava.net\/index.php?rest_route=%2Fwp%2Fv2%2Fcategories&post=18553"},{"taxonomy":"post_tag","embeddable":true,"href":"https:\/\/ypjrojava.net\/index.php?rest_route=%2Fwp%2Fv2%2Ftags&post=18553"}],"curies":[{"name":"wp","href":"https:\/\/api.w.org\/{rel}","templated":true}]}}