{"id":18635,"date":"2024-11-24T08:23:36","date_gmt":"2024-11-24T08:23:36","guid":{"rendered":"https:\/\/ypjrojava.net\/?p=18635"},"modified":"2024-11-24T08:23:36","modified_gmt":"2024-11-24T08:23:36","slug":"ji-gele-me-u-raya-gisti-re-30","status":"publish","type":"post","link":"https:\/\/ypjrojava.net\/?p=18635","title":{"rendered":"Ji Gel\u00ea Me \u00fb Raya Gi\u015ft\u00ee re"},"content":{"rendered":"<p>R\u00eaheval \u00fb fermandara me ya h\u00eaja H\u00eav\u00ee Umud di encama \u00ear\u00ee\u015fa heway\u00ee ya dewleta fa\u015f\u00eest \u00fb qirker ya Tirk de tevl\u00ee karwan\u00ean \u015feh\u00eedan b\u00fb. Em ji malbata bir\u00fbmet \u00fb welatpar\u00eaz ya r\u00eahevala xwe re, ji gel\u00ea xwe \u00fb r\u00eaheval\u00ean xwe re sersax\u00ee dixwazin. T\u00eako\u015f\u00eena me ya azadiy\u00ea ku bi azweriyeke mezin destp\u00eakiriye, d\u00ea li ser \u015fopa fermandar H\u00eav\u00ee \u00fb hem\u00fb r\u00eaheval\u00ean \u015feh\u00eed teqez bigih\u00eeje serketin\u00ea.<\/p>\n<p>Dewleta dagirker \u00fb qirker ya Tirk ku ji her mil\u00ee ve binketin \u00fb tirsa hilwe\u015f\u00eena rej\u00eema xwe ya fa\u015f\u00eest jiyan dike, bi \u015f\u00eawaz\u00ean \u015foven \u00fb hov ku ti p\u00eaywendiya xwe bi \u015fer re n\u00eene, \u00ear\u00ee\u015f\u00ea gel, p\u00ea\u015feng \u00fb \u015fervan\u00ean me y\u00ean azadiy\u00ea dike. Dewleta fa\u015f\u00eest ya Erdoxan-Bah\u00e7el\u00ee ku b\u00fbne celat \u00fb rol\u00ea hesp\u00ea troya li Rojhilata Nav\u00een dil\u00eezin, ji ber binketina fa\u015f\u00eezma xwe kontrola xwe j\u00ee winda kirine. Bi \u00ear\u00ee\u015f, qirkirin \u00fb ku\u015ftinan re dixwazin heb\u00fbna xwe bi qirkirina gel\u00ean Kurd, Asur, Ermen\u00ee, Ereb \u00fb \u00cazdiyan ava kirine, bi heman r\u00eabaz\u00ee j\u00ee bipar\u00eazin. Her \u00ear\u00ee\u015fa ku dikin j\u00ee v\u00ea rastiya wan ya d\u00eerok\u00ee radix\u00eene ber \u00e7avan.<\/p>\n<p>T\u00eako\u015f\u00eena Gel\u00ea Kurd \u00fb p\u00eakhatey\u00ean li Bakur-Rojhilat\u00ea S\u00fbriy\u00ea ya demokras\u00ee \u00fb a\u015ftiya Rojhilata Nav\u00een \u00fb c\u00eehan\u00ea, plan\u00ean fa\u015f\u00eezma Erdoxan \u00fb Bah\u00e7el\u00ee y\u00ean dagirkeriya T\u00fbran\u00ee hilwe\u015fandiye. Ji ber w\u00ea j\u00ee ji gel\u00ean Bakur-Rojhilat\u00ea S\u00fbriy\u00ea \u00fb p\u00ea\u015feng\u00ean wan tol\u00ea dist\u00eenin.<\/p>\n<p>Weke Yek\u00eeney\u00ean Parastina Jin, ji p\u00eavajoya avab\u00fbna xwe heya niha em bi hem\u00fb h\u00eaza xwe li hember\u00ee van \u00ear\u00ee\u015fan sekin\u00eene. Em\u00ea ji vir \u00fb \u015f\u00fbn ve j\u00ee weke mertal\u00ean ji pola bisekinin. Li Bakur-Rojhilat\u00ea S\u00fbriy\u00ea me di oxira jiyana azad \u00fb parastina gel\u00ean her\u00eam\u00ea de bi hezaran \u015feh\u00eed dane. Ev fedakar\u00ee ten\u00ea ji bona parastina gel\u00ean li Bakur-Rojhilat\u00ea S\u00fbriy\u00ea n\u00eene. Ev bed\u00eal ji bo Rojhilata Nav\u00een, c\u00eehan \u00fb mirovahiy\u00ea t\u00ea day\u00een. Y\u00eak\u00eeney\u00ean Parastina Jin\u00ea (YPJ) p\u00ea\u015fengtiya v\u00ea me\u015fa d\u00eerok\u00ee li S\u00fbriy\u00ea \u00fb Rojhilata Nav\u00een dike. YPJ bi t\u00eako\u015f\u00eena xwe ya li dij\u00ee DAI\u015e\u2019\u00ea, rastiya fedakariya \u015fervan\u00ean serdema azadiy\u00ea n\u00ee\u015fan\u00ea hem\u00fb mirovahiy\u00ea da. Di v\u00ea me\u015fa d\u00eerok\u00ee de ji bo azad\u00ee, r\u00fbmet \u00fb nirx\u00ean mirovb\u00fbn\u00ea gel\u00ean me \u00fb malbat\u00ean me y\u00ean welatpar\u00eaz pir berd\u00eal\u00ean giranbuha dan \u00fb didin. Yek ji van malbatan j\u00ee malbata fermandar \u00fb p\u00ea\u015fenga t\u00eako\u015f\u00eena azadiy\u00ea, H\u00eav\u00ee Umud e. \u00a0Wan zarok\u00ean xwe bi ked \u00fb nirx\u00ean p\u00eeroz y\u00ean welatpar\u00eaz\u00ee mezin kirin \u00fb di dil \u00fb rih\u00ea wan de v\u00eena bilind ya heskirina welat \u00fb e\u015fqa azadiy\u00ea \u00e7andin.<\/p>\n<p>Fermandara me Sediye Ehmed bi nasnav H\u00eav\u00ee Umud di sala 1980\u2019an de li bajar\u00ea Qam\u00ee\u015flo ji day\u00eek b\u00fb. Pi\u015ft\u00ee komploya navnetew\u00ee ya li beramber\u00ee R\u00eaber Apo, p\u00ealeke mezin ciwan\u00ean Kurd li her \u00e7ar be\u015f\u00ean Kurdistan \u00fb c\u00eehan\u00ea li dij\u00ee v\u00ea komploy\u00ea, ber\u00ea xwe dane nava ref\u00ean azadiy\u00ea. Fermandar H\u00eav\u00ee j\u00ee y\u00eak ji wan jin\u00ean Kurd b\u00fb ku plangeriya li ser R\u00eaber Apo qeb\u00fbl nekir \u00fb bi armanca ku ji hem\u00fb dijminahiya li dij\u00ee Kurdan ser\u00ee rake, ber\u00ea xwe da nava ref\u00ean ger\u00eela.<\/p>\n<p>Fermadar H\u00eav\u00ee, ne ten\u00ea di mijara \u015fer \u00fb ger\u00eelatiy\u00ea de xwe p\u00ea\u015f xist, di xeta Apoy\u00ee \u00fb t\u00eako\u015f\u00eena azadiya jin\u00ea de j\u00ee xwe ava kir. Fermandar H\u00eav\u00ee Umud li \u00e7iyay\u00ean azad dest bi me\u015fa azadiy\u00ea kir \u00fb pi\u015ft\u00ee sal\u00ean dir\u00eaj ku li \u00e7iyay\u00ean azadiy\u00ea t\u00eako\u015f\u00eeneke b\u00eanavber me\u015fand, ji war\u00ean azad ber\u00ea xwe da \u015fore\u015fa Rojavay\u00ea Kurdistan \u00ea. Hevr\u00eaya me H\u00eav\u00ee, xwe ten\u00ea ji gel\u00ean Bakur-Rojhilat\u00ea S\u00fbriy\u00ea berpirsyar ned\u00eet, herwiha w\u00ea xwe ji hem\u00fb gel\u00ean bindest, \u00e7\u00eena bindest \u00fb nasnamey\u00ean bindest xwe berpirsyar did\u00eet \u00fb xwest ji pirsgir\u00eak\u00ean wan re bibe bersiv.<\/p>\n<p>Fermandara me H\u00eav\u00ee Umud di 10\u2019\u00ea Mijdar\u00ea de ji bona di meras\u00eema salvegera rizgarkirina bajar\u00ea \u015eengal\u00ea de be\u015fdar bibe, ber\u00ea xwe da \u015eengal \u00ea. Dema ku r\u00eahevala me li \u015eengal\u00ea b\u00fb, ji h\u00eala dewleta Tirk a dagirker ve bi awayeke hovane hate hedefgirtin \u00fb gih\u00ee\u015ft asta \u015fehadet\u00ea.<\/p>\n<p>R\u00eaheval H\u00eav\u00ee di 23 sal\u00ean t\u00eako\u015f\u00eena xwe de bi felsefeya Apoy\u00ee jiyaneke watedar \u00fb tej\u00ee t\u00eako\u015f\u00een jiya. Ji bona jiyana azad \u00fb bi r\u00fbmet me\u015fa xwe bi awayeke zelal raber kir. H\u00eena di temen\u00ea xwe y\u00ea ciwantiy\u00ea de azadiya sexte ku pergala kap\u00eetal\u00eest p\u00ea\u015fk\u00ea\u015f\u00ea w\u00ea dikir red kir. L\u00eagera azadiya jin\u00ea yek ji sedema bingeh\u00een ya t\u00eako\u015f\u00eena w\u00ea b\u00fb. Bi kedeke mezin xwe p\u00ea\u015fxist \u00fb bi bawer\u00ee \u00fb azweriyeke b\u00eahempa gav\u00ean mezin av\u00eat.<\/p>\n<p>Li Qad\u00ean Parstina Medyay\u00ea sal\u00ean dir\u00eaj t\u00eako\u015f\u00een kir \u00fb di t\u00eako\u015f\u00eena xwe de mohra xwe li pir kar \u00fb xebat\u00ean gir\u00eeng xist. Dema ku ji h\u00eala \u00e7etey\u00ean Tirk DA\u00ce\u015e\u2019\u00ea ve li dij\u00ee Rojavay\u00ea Kurdistan\u00ea \u00ear\u00ee\u015f\u00ean hovane \u00e7\u00eab\u00fbn, li ser bingeha parastina civak\u00ea derbas\u00ea Rojava b\u00fb. Di nava ref\u00ean YPJ\u2019\u00ea de erka xwe ya d\u00eerok\u00ee li dij\u00ee hov\u00eetiya DA\u00ce\u015e\u2019\u00ea p\u00eak an\u00ee. Di her k\u00ealiya jiyan \u00fb t\u00eako\u015f\u00eena xwe de ji bona parastina gel\u00ea Kurd \u00fb gel\u00ean bindest tim\u00ee \u015f\u00eawaz\u00ea t\u00eako\u015f\u00een\u00ea y\u00ea her\u00ee bi bandor hilbijart.<\/p>\n<p>Fermandar H\u00eav\u00ee f\u00eamkirin \u00fb h\u00eeskirina R\u00eaber Apo ji bona xwe weke yek ji erk\u00ean bingeh\u00een did\u00eet. Di doza azadiy\u00ea de p\u00eangav\u00ean ji xwe bawer, ew ber bi me\u015fa serkeft\u00ee ve bir.<\/p>\n<p>Li her qada ku l\u00ea teko\u015f\u00een kir bi dirustb\u00fbn, dilpak\u00ee \u00fb bi sekna xwe ya fedakar di dil\u00ea her r\u00eaheval \u00fb gel\u00ea xwe de, kar\u00ee ku heskirin \u00fb gir\u00eadanek mezin ava bike. Di her \u015fert \u00fb merc\u00ee de jiyana rast, felsefeya jiyana R\u00eaber Apo esas girt \u00fb b\u00fb yek ji par\u00eazvana her\u00ee bi h\u00eaz ya v\u00ea heq\u00eeqet\u00ea. Di t\u00eako\u015f\u00eena xwe ya azadiy\u00ea de tim\u00ee sekna mil\u00eetantiya feday\u00ee esas girt. Li her cih\u00ea ku l\u00ea ma, \u015fopek ji dil\u00ea xwe y\u00ea pak \u00fb hevaltiya xwe ya sade hi\u015ft. Li ser \u015fopa heq\u00eeqet\u00ea, fermandar H\u00eav\u00ee bi xwezay\u00ea re j\u00ee y\u00eakb\u00fbneke efsun\u00ee da avakarin.<\/p>\n<p>R\u00eahevala me H\u00eav\u00ee, ji bo azadiya gelan hem\u00fb k\u00ealiy\u00ean jiyana xwe bi t\u00eako\u015f\u00een, fedakar\u00ee \u00fb baweriyeke b\u00eadaw\u00ee dagirt.<\/p>\n<p>Bi kesayeta xwe ya feday\u00ee \u00fb tej\u00ee kelecan, bi tevl\u00eeb\u00fbneke b\u00eadudil, b\u00eay\u00ee hesab raber kir. Sadeb\u00fbn, d\u00fbrist\u00ee \u00fb xwezay\u00eeb\u00fbn be\u015feke bingeh\u00eena ya nasnameya w\u00ea ya jin\u00ea b\u00fb. Rastiya t\u00eako\u015f\u00eena \u00eensana azad, jina \u015ferker \u00fb fermandartiya rast ji bo mirovah\u00ee \u00fb jinan weke m\u00eeraseke may\u00eende bi cih hi\u015ft.<\/p>\n<p>Em careke din ji bo malbata hevr\u00eaya xwe ya h\u00eaja fermandar H\u00eav\u00ee Umud, ji tevah\u00ee gel\u00ean xwe y\u00ean ku li hember\u00ee \u00ear\u00ee\u015f\u00ean dagirkeriy\u00ea t\u00eako\u015f\u00een dikin \u00fb ser\u00ee natew\u00eenin, sersaxiy\u00ea dixwazin.<\/p>\n<p>Her bihusteke axa p\u00eeroz d\u00ea bi berd\u00eal \u00fb feday\u00eetiya hevr\u00eay\u00ean weke fermandar H\u00eav\u00ee Umud, ji dagirker\u00ee \u00fb met\u00eengeriy\u00ea were paqijkirin. Em\u00ea herdem xwed\u00ee li keda hevr\u00eay\u00ean xwe y\u00ean \u015feh\u00eed derbikevin \u00fb ala ku wan dewr\u00ea me kiriye, em\u00ea li as\u00eeman\u00ea welat tim bilind bikin. Bila dost \u00fb dijmin bizanibe; w\u00ea tu car\u00ee azwer\u00ee \u00fb \u00eeradeya me bi van \u00ear\u00ee\u015fan ney\u00ea \u015fikandin, berovaj\u00ee w\u00ea em\u00ea tola fermandara H\u00eav\u00ee Umud \u00fb tevah\u00ee \u015feh\u00eed\u00ean xwe li erd\u00ea neh\u00ealin.<\/p>\n<p><strong>Nasnameya Hevr\u00eaya Me Wiha ye:<\/strong><\/p>\n<p><img loading=\"lazy\" decoding=\"async\" class=\"alignnone size-medium wp-image-18636\" src=\"https:\/\/ypjrojava.net\/wp-content\/uploads\/2024\/11\/SEHID-HEVI-UMUD-SICIL-224x300.png\" alt=\"\" width=\"224\" height=\"300\" srcset=\"https:\/\/ypjrojava.net\/wp-content\/uploads\/2024\/11\/SEHID-HEVI-UMUD-SICIL-224x300.png 224w, https:\/\/ypjrojava.net\/wp-content\/uploads\/2024\/11\/SEHID-HEVI-UMUD-SICIL.png 648w\" sizes=\"auto, (max-width: 224px) 100vw, 224px\" \/><\/p>\n<p><strong>Nav \u00fb Pa\u015fnav:<\/strong> Sediye Ehmed<\/p>\n<p><strong>Nasnav: <\/strong>H\u00eav\u00ee Umud<\/p>\n<p><strong>Nav\u00ea Dayik:<\/strong> Safiye<\/p>\n<p><strong>Nav\u00ea Bav:<\/strong> Mihemed<\/p>\n<p><strong>Cih \u00fb D\u00eeroka \u015eehadet\u00ea: <\/strong>\u015eengal \/ 10.11.2024<\/p>\n<p style=\"text-align: center;\"><strong>\u00a0 \u00a0 \u00a0 \u00a0 \u00a0 \u00a0 \u00a0 \u00a0 \u00a0 \u00a0 \u00a0 \u00a0 \u00a0 \u00a0 \u00a0 \u00a0 \u00a0 \u00a0 \u00a0 \u00a0 \u00a0 \u00a0 \u00a0 \u00a0 \u00a0 \u00a0 \u00a0 \u00a0 \u00a0 \u00a0 \u00a0 \u00a0 \u00a0 \u00a0 \u00a0 \u00a0 Fermandariya Gi\u015ft\u00ee ya YPJ<\/strong><\/p>\n<p style=\"text-align: center;\"><strong>\u00a0 \u00a0 \u00a0 \u00a0 \u00a0 \u00a0 \u00a0 \u00a0 \u00a0 \u00a0 \u00a0 \u00a0 \u00a0 \u00a0 \u00a0 \u00a0 \u00a0 \u00a0 \u00a0 \u00a0 \u00a0 \u00a0 \u00a0 \u00a0 \u00a0 \u00a0 \u00a0 \u00a0 \u00a0 \u00a0 \u00a0 \u00a0 \u00a0 \u00a0 \u00a0 \u00a0 \u00a024.11.<\/strong><strong>2024<\/strong><\/p>\n","protected":false},"excerpt":{"rendered":"<p>R\u00eaheval \u00fb fermandara me ya h\u00eaja H\u00eav\u00ee Umud di encama \u00ear\u00ee\u015fa heway\u00ee ya dewleta fa\u015f\u00eest \u00fb qirker ya Tirk de tevl\u00ee karwan\u00ean \u015feh\u00eedan b\u00fb. Em ji malbata bir\u00fbmet \u00fb welatpar\u00eaz ya r\u00eahevala xwe re, ji gel\u00ea xwe \u00fb r\u00eaheval\u00ean xwe re sersax\u00ee dixwazin. T\u00eako\u015f\u00eena me ya azadiy\u00ea ku bi azweriyeke mezin destp\u00eakiriye, d\u00ea li ser [&hellip;]<\/p>\n","protected":false},"author":1,"featured_media":18637,"comment_status":"open","ping_status":"closed","sticky":false,"template":"","format":"standard","meta":{"footnotes":""},"categories":[39],"tags":[],"class_list":{"0":"post-18635","1":"post","2":"type-post","3":"status-publish","4":"format-standard","5":"has-post-thumbnail","7":"category-daxuyani"},"_links":{"self":[{"href":"https:\/\/ypjrojava.net\/index.php?rest_route=\/wp\/v2\/posts\/18635","targetHints":{"allow":["GET"]}}],"collection":[{"href":"https:\/\/ypjrojava.net\/index.php?rest_route=\/wp\/v2\/posts"}],"about":[{"href":"https:\/\/ypjrojava.net\/index.php?rest_route=\/wp\/v2\/types\/post"}],"author":[{"embeddable":true,"href":"https:\/\/ypjrojava.net\/index.php?rest_route=\/wp\/v2\/users\/1"}],"replies":[{"embeddable":true,"href":"https:\/\/ypjrojava.net\/index.php?rest_route=%2Fwp%2Fv2%2Fcomments&post=18635"}],"version-history":[{"count":1,"href":"https:\/\/ypjrojava.net\/index.php?rest_route=\/wp\/v2\/posts\/18635\/revisions"}],"predecessor-version":[{"id":18638,"href":"https:\/\/ypjrojava.net\/index.php?rest_route=\/wp\/v2\/posts\/18635\/revisions\/18638"}],"wp:featuredmedia":[{"embeddable":true,"href":"https:\/\/ypjrojava.net\/index.php?rest_route=\/wp\/v2\/media\/18637"}],"wp:attachment":[{"href":"https:\/\/ypjrojava.net\/index.php?rest_route=%2Fwp%2Fv2%2Fmedia&parent=18635"}],"wp:term":[{"taxonomy":"category","embeddable":true,"href":"https:\/\/ypjrojava.net\/index.php?rest_route=%2Fwp%2Fv2%2Fcategories&post=18635"},{"taxonomy":"post_tag","embeddable":true,"href":"https:\/\/ypjrojava.net\/index.php?rest_route=%2Fwp%2Fv2%2Ftags&post=18635"}],"curies":[{"name":"wp","href":"https:\/\/api.w.org\/{rel}","templated":true}]}}