{"id":18670,"date":"2024-12-02T11:03:42","date_gmt":"2024-12-02T11:03:42","guid":{"rendered":"https:\/\/ypjrojava.net\/?p=18670"},"modified":"2024-12-02T11:03:42","modified_gmt":"2024-12-02T11:03:42","slug":"ji-capemeni-u-raya-gisti-re-14","status":"publish","type":"post","link":"https:\/\/ypjrojava.net\/?p=18670","title":{"rendered":"Ji \u00c7apemen\u00ee \u00fb Raya Gi\u015ft\u00ee re!"},"content":{"rendered":"<p>Bi rojane \u00ear\u00ee\u015feke berfireh \u00fb pir al\u00ee li dij\u00ee her\u00eama me \u00fb tevah\u00ee xaka s\u00fbr\u00ee t\u00ea me\u015fandin. Di ser\u00ee de li Heleb\u00ea, gel\u00ea S\u00fbr\u00ee bi xeter\u00ee \u00fb komkujiy\u00ean mezin re r\u00fb bi r\u00fb hate hi\u015ftin. Ev \u00ear\u00ee\u015f di heman dem\u00ea de her\u00eama me ya bakur-rojhilat\u00ea S\u00fbr\u00ee girte nava xwe \u00fb bi rojane li hember\u00ee van \u00ear\u00ee\u015f\u00ean mezin berxwedaneke b\u00ea hempa t\u00ea raberkirin. Bi taybet\u00ee li her\u00eama \u015eehba \u00fb Heleb\u00ea di ser\u00ee de jin, gel\u00ea me li hember\u00ee van \u00ear\u00ee\u015fan bi rojane berxwedaniyeke mezin raber dike.<\/p>\n<p>Gel\u00ea \u015e\u00eax Meqs\u00fbd \u00fb E\u015frefiy\u00ea ku bi salane xwed\u00ee ezm\u00fbna \u015fer \u00fb berxwedan\u00ea ye, li hember\u00ee van \u00ear\u00ee\u015fan careke din xwe bi r\u00eaxistin kirin \u00fb bi nav\u00ea H\u00eaz\u00ean Parastina \u015e\u00eax Meqs\u00fbd \u00fb E\u015frefiy\u00ea bi dehan caran \u00ear\u00ee\u015f\u00ean \u00e7etey\u00ean dagirkeriya Tirk t\u00eak birin.<\/p>\n<p>B\u00eaguman \u015fer pir al\u00ee \u00fb bi awayek\u00ee dijwar didome \u00fb mixabin ku h\u00eajmarek xort \u00fb jin\u00ean ciwan \u00ean H\u00eaz\u00ean Parastina \u015e\u00eax Meqs\u00fbd ku bir\u00eendar b\u00fbb\u00fbn \u00eas\u00eer ketin dest\u00ea \u00e7eteyan. Ev \u00e7etey\u00ean barbar ku bi ti away\u00ee exlaq \u00fb qan\u00fbn\u00ean \u015fer nas nakin, bi awayek\u00ee pir hovane r\u00fbmeta jin\u00ean \u00eas\u00eer di\u015fk\u00eenin \u00fb li ser dezgeh\u00ean xwe y\u00ean \u00e7apemeniy\u00ea weke am\u00fbreke propaganday\u00ea bikar t\u00eenin. Bi gotin\u00ean xwe y\u00ean weke em\u00ea careke din we di bazaran de bifro\u015fin h\u00earsa xwe ya li hember\u00ee jinan raber dikin. Ev kiryar\u00ean dijmirov\u00ee ne \u00fb div\u00ea bi ti away\u00ee ney\u00ea qeb\u00fbl. Em weke Yek\u00eeney\u00ean Parastina Jin YPJ van kiryar\u00ean hovane y\u00ean \u00e7etey\u00ean dagirkeriya Tirk li hember\u00ee \u00eas\u00eer\u00ean jin \u015fermezar dikin \u00fb em dib\u00eajin w\u00ea tola wan were hilan\u00een. Her wiha em bang li saziy\u00ean maf\u00ea jinan \u00fb mirovan dikin ku xwed\u00ee li van jin\u00ean ciwan \u00ean \u00cas\u00eer ku parastina tax \u00fb bajar\u00ea xwe dikirin derkevin \u00fb bi israr em dib\u00eajin div\u00ea maf\u00ea wan \u00ean \u00eas\u00eerb\u00fby\u00een\u00ea were parastin.<\/p>\n<p>Kiryar\u00ean ku \u00eero \u00e7etey\u00ean dagirkeriya Tirk li dij\u00ee van jin\u00ean ciwan \u00ean \u00eas\u00eer p\u00eak t\u00eenin, di sala 2014\u2019an de DA\u00ce\u015e li \u015eengal, M\u00fbsil \u00fb Reqa p\u00eak an\u00een \u00fb bi hezaran jin di bazaran de firotin. B\u00eaguman ev j\u00ee n\u00ee\u015faneya hi\u015fmendiya desthidariya zilam a ku \u00eero di \u015fexs\u00ea DA\u00ce\u015e \u00fb \u00e7etey\u00ean Erdogan\u00ee de gihaye asta l\u00fbtkey\u00ea. Ji ber her\u00ee ba\u015f ew dizanin ku jin\u00ean Kurd li hember\u00ee van kiryar\u00ean hovane destan\u00ean qehremaniy\u00ea niv\u00eesandine \u00fb heya dawiy\u00ea li berxwedane. Ji bo w\u00ea bi van kiryar\u00ean xwe y\u00ean dij mirov\u00ee asta dijminatiya xwe ya li hember\u00ee jinan n\u00ee\u015fan didin.<\/p>\n<p>Di ser\u00ee de Xa\u00e7a Sor \u00fb Saziya Ef\u00fb ya Navnetew\u00ee em bang li r\u00eaxistin\u00ean maf\u00ean jinan, li tevah\u00ee r\u00eaxistin\u00ean civak\u00ee, kes\u00ean navdar, demokrat\u00eek \u00fb azad\u00eexwaz dikin ku xwed\u00ee li van \u00eas\u00eer\u00ean jin derkevin \u00fb di ser\u00ee de Rojhilata Nav\u00een di asta navnetew\u00ee de rastiya teror \u00fb hov\u00eetiya dewleta Tirk a dagirker \u00fb \u00e7etey\u00ean w\u00ea te\u015fh\u00eer bikin \u00fb hesab\u00ea p\u00eaw\u00eest j\u00ea bixwazin. Em di v\u00ea mijar\u00ea de bi taybet dewleta Tirk ji van \u00eas\u00eeran berpirsyar dib\u00eenin.<\/p>\n<p>Weke YPJ em careke din buyera \u00eas\u00eer girtina \u015fervan\u00ean jin \u00ean H\u00eaz\u00ean Parastina \u015e\u00eax Meqs\u00fbd \u015fermezar dikin \u00fb em dib\u00eajin ku em\u00ea di eniy\u00ean berxwedan\u00ea hesab\u00a0 ji dewleta Tirk a dagirker \u00fb ji \u00e7etey\u00ean w\u00ea bixwazin. Di v\u00ea watey\u00ea de di van roj\u00ean d\u00eerok\u00ee ku \u00ear\u00ee\u015feke berfireh li hember\u00ee her\u00eama me \u00fb gi\u015ft\u00ee S\u00fbr\u00ee p\u00eak t\u00ea, em\u00ea di eniy\u00ean ceng\u00ea y\u00ean p\u00ea\u015f de parastina jinan \u00fb tevah\u00ee gel\u00ea xwe bikin. Her wiha em bang li tevah\u00ee jin\u00ean ciwan dikin ku li her qada ku l\u00ea ye cih\u00ea xwe di eniy\u00ean parastin\u00ea de bigrin \u00fb be\u015fdar\u00ee nava ref\u00ean YPJ bibin. Ancax bi v\u00ee reng\u00ee em\u00ea karibin xwe \u00fb xaka xwe bipar\u00eazin.<\/p>\n<p>&nbsp;<\/p>\n<p style=\"text-align: right;\"><strong>Fermandariya Gi\u015ft\u00ee ya YPJ<\/strong><\/p>\n<p style=\"text-align: right;\"><strong>2 Kan\u00fbn 2024<\/strong><\/p>\n","protected":false},"excerpt":{"rendered":"<p>Bi rojane \u00ear\u00ee\u015feke berfireh \u00fb pir al\u00ee li dij\u00ee her\u00eama me \u00fb tevah\u00ee xaka s\u00fbr\u00ee t\u00ea me\u015fandin. Di ser\u00ee de li Heleb\u00ea, gel\u00ea S\u00fbr\u00ee bi xeter\u00ee \u00fb komkujiy\u00ean mezin re r\u00fb bi r\u00fb hate hi\u015ftin. Ev \u00ear\u00ee\u015f di heman dem\u00ea de her\u00eama me ya bakur-rojhilat\u00ea S\u00fbr\u00ee girte nava xwe \u00fb bi rojane li hember\u00ee van [&hellip;]<\/p>\n","protected":false},"author":1,"featured_media":18348,"comment_status":"open","ping_status":"closed","sticky":false,"template":"","format":"standard","meta":{"footnotes":""},"categories":[39],"tags":[],"class_list":{"0":"post-18670","1":"post","2":"type-post","3":"status-publish","4":"format-standard","5":"has-post-thumbnail","7":"category-daxuyani"},"_links":{"self":[{"href":"https:\/\/ypjrojava.net\/index.php?rest_route=\/wp\/v2\/posts\/18670","targetHints":{"allow":["GET"]}}],"collection":[{"href":"https:\/\/ypjrojava.net\/index.php?rest_route=\/wp\/v2\/posts"}],"about":[{"href":"https:\/\/ypjrojava.net\/index.php?rest_route=\/wp\/v2\/types\/post"}],"author":[{"embeddable":true,"href":"https:\/\/ypjrojava.net\/index.php?rest_route=\/wp\/v2\/users\/1"}],"replies":[{"embeddable":true,"href":"https:\/\/ypjrojava.net\/index.php?rest_route=%2Fwp%2Fv2%2Fcomments&post=18670"}],"version-history":[{"count":1,"href":"https:\/\/ypjrojava.net\/index.php?rest_route=\/wp\/v2\/posts\/18670\/revisions"}],"predecessor-version":[{"id":18671,"href":"https:\/\/ypjrojava.net\/index.php?rest_route=\/wp\/v2\/posts\/18670\/revisions\/18671"}],"wp:featuredmedia":[{"embeddable":true,"href":"https:\/\/ypjrojava.net\/index.php?rest_route=\/wp\/v2\/media\/18348"}],"wp:attachment":[{"href":"https:\/\/ypjrojava.net\/index.php?rest_route=%2Fwp%2Fv2%2Fmedia&parent=18670"}],"wp:term":[{"taxonomy":"category","embeddable":true,"href":"https:\/\/ypjrojava.net\/index.php?rest_route=%2Fwp%2Fv2%2Fcategories&post=18670"},{"taxonomy":"post_tag","embeddable":true,"href":"https:\/\/ypjrojava.net\/index.php?rest_route=%2Fwp%2Fv2%2Ftags&post=18670"}],"curies":[{"name":"wp","href":"https:\/\/api.w.org\/{rel}","templated":true}]}}